{"id":48075,"date":"2020-01-03T15:46:27","date_gmt":"2020-01-03T21:46:27","guid":{"rendered":"https:\/\/www.oaxaca.gob.mx\/comunicacion\/?p=48075"},"modified":"2020-01-03T16:13:16","modified_gmt":"2020-01-03T22:13:16","slug":"implementa-semovi-operativo-en-oaxaca-de-juarez-y-zona-conurbada","status":"publish","type":"post","link":"https:\/\/www.oaxaca.gob.mx\/comunicacion\/implementa-semovi-operativo-en-oaxaca-de-juarez-y-zona-conurbada\/","title":{"rendered":"Implementa Semovi operativo en Oaxaca de Ju\u00e1rez y zona conurbada"},"content":{"rendered":"\n\t\t<style type=\"text\/css\">\n\t\t\t#gallery-1 {\n\t\t\t\tmargin: auto;\n\t\t\t}\n\t\t\t#gallery-1 .gallery-item {\n\t\t\t\tfloat: left;\n\t\t\t\tmargin-top: 10px;\n\t\t\t\ttext-align: center;\n\t\t\t\twidth: 33%;\n\t\t\t}\n\t\t\t#gallery-1 img {\n\t\t\t\tborder: 2px solid #cfcfcf;\n\t\t\t}\n\t\t\t#gallery-1 .gallery-caption {\n\t\t\t\tmargin-left: 0;\n\t\t\t}\n\t\t\t\/* see gallery_shortcode() in wp-includes\/media.php *\/\n\t\t<\/style>\n\t\t<div id='gallery-1' class='gallery galleryid-48075 gallery-columns-3 gallery-size-medium'><dl class='gallery-item'>\n\t\t\t<dt class='gallery-icon landscape'>\n\t\t\t\t<a href='https:\/\/www.oaxaca.gob.mx\/comunicacion\/implementa-semovi-operativo-en-oaxaca-de-juarez-y-zona-conurbada\/semovi-01-3\/'><img loading=\"lazy\" decoding=\"async\" width=\"300\" height=\"200\" src=\"https:\/\/www.oaxaca.gob.mx\/comunicacion\/wp-content\/uploads\/sites\/28\/2020\/01\/SEMOVI-01-300x200.jpeg\" class=\"attachment-medium size-medium\" alt=\"\" srcset=\"https:\/\/www.oaxaca.gob.mx\/comunicacion\/wp-content\/uploads\/sites\/28\/2020\/01\/SEMOVI-01-300x200.jpeg 300w, https:\/\/www.oaxaca.gob.mx\/comunicacion\/wp-content\/uploads\/sites\/28\/2020\/01\/SEMOVI-01-768x512.jpeg 768w, https:\/\/www.oaxaca.gob.mx\/comunicacion\/wp-content\/uploads\/sites\/28\/2020\/01\/SEMOVI-01-1024x682.jpeg 1024w, https:\/\/www.oaxaca.gob.mx\/comunicacion\/wp-content\/uploads\/sites\/28\/2020\/01\/SEMOVI-01.jpeg 1280w\" sizes=\"auto, (max-width: 300px) 100vw, 300px\" \/><\/a>\n\t\t\t<\/dt><\/dl><dl class='gallery-item'>\n\t\t\t<dt class='gallery-icon landscape'>\n\t\t\t\t<a href='https:\/\/www.oaxaca.gob.mx\/comunicacion\/implementa-semovi-operativo-en-oaxaca-de-juarez-y-zona-conurbada\/semovi-02-3\/'><img loading=\"lazy\" decoding=\"async\" width=\"300\" height=\"200\" src=\"https:\/\/www.oaxaca.gob.mx\/comunicacion\/wp-content\/uploads\/sites\/28\/2020\/01\/SEMOVI-02-300x200.jpeg\" class=\"attachment-medium size-medium\" alt=\"\" srcset=\"https:\/\/www.oaxaca.gob.mx\/comunicacion\/wp-content\/uploads\/sites\/28\/2020\/01\/SEMOVI-02-300x200.jpeg 300w, https:\/\/www.oaxaca.gob.mx\/comunicacion\/wp-content\/uploads\/sites\/28\/2020\/01\/SEMOVI-02-768x512.jpeg 768w, https:\/\/www.oaxaca.gob.mx\/comunicacion\/wp-content\/uploads\/sites\/28\/2020\/01\/SEMOVI-02-1024x682.jpeg 1024w, https:\/\/www.oaxaca.gob.mx\/comunicacion\/wp-content\/uploads\/sites\/28\/2020\/01\/SEMOVI-02.jpeg 1280w\" sizes=\"auto, (max-width: 300px) 100vw, 300px\" \/><\/a>\n\t\t\t<\/dt><\/dl><dl class='gallery-item'>\n\t\t\t<dt class='gallery-icon landscape'>\n\t\t\t\t<a href='https:\/\/www.oaxaca.gob.mx\/comunicacion\/implementa-semovi-operativo-en-oaxaca-de-juarez-y-zona-conurbada\/semovi-04\/'><img loading=\"lazy\" decoding=\"async\" width=\"300\" height=\"200\" src=\"https:\/\/www.oaxaca.gob.mx\/comunicacion\/wp-content\/uploads\/sites\/28\/2020\/01\/SEMOVI-04-300x200.jpeg\" class=\"attachment-medium size-medium\" alt=\"\" srcset=\"https:\/\/www.oaxaca.gob.mx\/comunicacion\/wp-content\/uploads\/sites\/28\/2020\/01\/SEMOVI-04-300x200.jpeg 300w, https:\/\/www.oaxaca.gob.mx\/comunicacion\/wp-content\/uploads\/sites\/28\/2020\/01\/SEMOVI-04-768x512.jpeg 768w, https:\/\/www.oaxaca.gob.mx\/comunicacion\/wp-content\/uploads\/sites\/28\/2020\/01\/SEMOVI-04-1024x682.jpeg 1024w, https:\/\/www.oaxaca.gob.mx\/comunicacion\/wp-content\/uploads\/sites\/28\/2020\/01\/SEMOVI-04.jpeg 1280w\" sizes=\"auto, (max-width: 300px) 100vw, 300px\" \/><\/a>\n\t\t\t<\/dt><\/dl><br style=\"clear: both\" \/>\n\t\t<\/div>\n\n<p><strong>Oaxaca de Ju\u00e1rez, Oax. 3 de enero de 2020.<\/strong>&#8211; Para supervisar la correcta operaci\u00f3n del transporte p\u00fablico concesionado en sus diversas modalidades, la Secretar\u00eda de Movilidad (Semovi) en coordinaci\u00f3n con el municipio de Oaxaca de Ju\u00e1rez, la Guardia Nacional y la Polic\u00eda Vial Estatal, implementaron un operativo en las agencias de Santa Rosa Panzacola y San Juan Chapultepec.<\/p>\n<p>En dichas acciones, en las que se aseguraron tres unidades de mototaxis, se supervis\u00f3 el cumplimiento de su zona de circulaci\u00f3n, de acuerdo a los lineamientos de su concesi\u00f3n, la portaci\u00f3n de la crom\u00e1tica correspondiente, los elementos de identidad, as\u00ed como la documentaci\u00f3n en orden.<\/p>\n<p>El subsecretario de Regulaci\u00f3n y Control de Transporte de la Semovi, Mario Alberto Guzm\u00e1n Jaime asever\u00f3 que se trabaja estrechamente con el municipio de la ciudad de Oaxaca para ofrecer un servicio digno a las y los usuarios que utilizan el transporte p\u00fablico, \u201cContinuamente realizamos operativos en colaboraci\u00f3n con la Polic\u00eda Vial Municipal y corporaciones policiales, en diversos puntos de la ciudad y sus agencias para garantizar un transporte legal y seguro\u201d, puntualiz\u00f3.<\/p>\n<p>Explic\u00f3 que el operativo tambi\u00e9n se implement\u00f3 en las inmediaciones de la Agencia de Polic\u00eda La Experimental, perteneciente al municipio de San Antonio de la Cal, donde fueron aseguradas dos unidades de mototaxis.<\/p>\n<p>Cabe resaltar que las unidades fueron remitidas a las oficinas de la Semovi para determinar la sanci\u00f3n correspondiente.<\/p>\n<p>Con estas acciones la Secretar\u00eda de Movilidad refrenda el compromiso de cumplir la ley, para garantizar un transporte seguro a las y los oaxaque\u00f1os.<\/p>\n","protected":false},"excerpt":{"rendered":"<p>Oaxaca de Ju\u00e1rez, Oax. 3 de enero de 2020.&#8211; Para supervisar la correcta operaci\u00f3n del transporte p\u00fablico concesionado en sus diversas modalidades, la Secretar\u00eda de Movilidad (Semovi) en coordinaci\u00f3n con el municipio de Oaxaca de Ju\u00e1rez, la Guardia Nacional y la Polic\u00eda Vial Estatal, implementaron un operativo en las agencias de Santa Rosa Panzacola y [&hellip;]<\/p>\n","protected":false},"author":38,"featured_media":48076,"comment_status":"open","ping_status":"open","sticky":false,"template":"","format":"standard","meta":{"episode_type":"","audio_file":"","podmotor_file_id":"","podmotor_episode_id":"","cover_image":"","cover_image_id":"","duration":"","filesize":"","filesize_raw":"","date_recorded":"","explicit":"","block":"","itunes_episode_number":"","itunes_title":"","itunes_season_number":"","itunes_episode_type":"","footnotes":""},"categories":[8],"tags":[385],"class_list":["post-48075","post","type-post","status-publish","format-standard","has-post-thumbnail","hentry","category-noticias","tag-semovi"],"acf":[],"publishpress_future_action":{"enabled":false,"date":"2026-05-05 19:55:41","action":"change-status","newStatus":"draft","terms":[],"taxonomy":"category","extraData":[]},"publishpress_future_workflow_manual_trigger":{"enabledWorkflows":[]},"_links":{"self":[{"href":"https:\/\/www.oaxaca.gob.mx\/comunicacion\/wp-json\/wp\/v2\/posts\/48075","targetHints":{"allow":["GET"]}}],"collection":[{"href":"https:\/\/www.oaxaca.gob.mx\/comunicacion\/wp-json\/wp\/v2\/posts"}],"about":[{"href":"https:\/\/www.oaxaca.gob.mx\/comunicacion\/wp-json\/wp\/v2\/types\/post"}],"author":[{"embeddable":true,"href":"https:\/\/www.oaxaca.gob.mx\/comunicacion\/wp-json\/wp\/v2\/users\/38"}],"replies":[{"embeddable":true,"href":"https:\/\/www.oaxaca.gob.mx\/comunicacion\/wp-json\/wp\/v2\/comments?post=48075"}],"version-history":[{"count":1,"href":"https:\/\/www.oaxaca.gob.mx\/comunicacion\/wp-json\/wp\/v2\/posts\/48075\/revisions"}],"predecessor-version":[{"id":48079,"href":"https:\/\/www.oaxaca.gob.mx\/comunicacion\/wp-json\/wp\/v2\/posts\/48075\/revisions\/48079"}],"wp:featuredmedia":[{"embeddable":true,"href":"https:\/\/www.oaxaca.gob.mx\/comunicacion\/wp-json\/wp\/v2\/media\/48076"}],"wp:attachment":[{"href":"https:\/\/www.oaxaca.gob.mx\/comunicacion\/wp-json\/wp\/v2\/media?parent=48075"}],"wp:term":[{"taxonomy":"category","embeddable":true,"href":"https:\/\/www.oaxaca.gob.mx\/comunicacion\/wp-json\/wp\/v2\/categories?post=48075"},{"taxonomy":"post_tag","embeddable":true,"href":"https:\/\/www.oaxaca.gob.mx\/comunicacion\/wp-json\/wp\/v2\/tags?post=48075"}],"curies":[{"name":"wp","href":"https:\/\/api.w.org\/{rel}","templated":true}]}}