{"id":47739,"date":"2019-12-19T15:51:55","date_gmt":"2019-12-19T21:51:55","guid":{"rendered":"https:\/\/www.oaxaca.gob.mx\/comunicacion\/?p=47739"},"modified":"2019-12-19T16:05:38","modified_gmt":"2019-12-19T22:05:38","slug":"ofrece-seculta-conciertos-en-santo-domingo-de-guzman-y-teatro-alcala","status":"publish","type":"post","link":"https:\/\/www.oaxaca.gob.mx\/comunicacion\/ofrece-seculta-conciertos-en-santo-domingo-de-guzman-y-teatro-alcala\/","title":{"rendered":"Ofrece Seculta conciertos en Santo Domingo de Guzm\u00e1n y Teatro Alcal\u00e1"},"content":{"rendered":"\n\t\t<style type=\"text\/css\">\n\t\t\t#gallery-1 {\n\t\t\t\tmargin: auto;\n\t\t\t}\n\t\t\t#gallery-1 .gallery-item {\n\t\t\t\tfloat: left;\n\t\t\t\tmargin-top: 10px;\n\t\t\t\ttext-align: center;\n\t\t\t\twidth: 50%;\n\t\t\t}\n\t\t\t#gallery-1 img {\n\t\t\t\tborder: 2px solid #cfcfcf;\n\t\t\t}\n\t\t\t#gallery-1 .gallery-caption {\n\t\t\t\tmargin-left: 0;\n\t\t\t}\n\t\t\t\/* see gallery_shortcode() in wp-includes\/media.php *\/\n\t\t<\/style>\n\t\t<div id='gallery-1' class='gallery galleryid-47739 gallery-columns-2 gallery-size-medium'><dl class='gallery-item'>\n\t\t\t<dt class='gallery-icon landscape'>\n\t\t\t\t<a href='https:\/\/www.oaxaca.gob.mx\/comunicacion\/ofrece-seculta-conciertos-en-santo-domingo-de-guzman-y-teatro-alcala\/conciertos-navidenos-oso-1\/'><img loading=\"lazy\" decoding=\"async\" width=\"300\" height=\"300\" src=\"https:\/\/www.oaxaca.gob.mx\/comunicacion\/wp-content\/uploads\/sites\/28\/2019\/12\/Conciertos-navide\u00f1os-OSO-1-300x300.jpeg\" class=\"attachment-medium size-medium\" alt=\"\" srcset=\"https:\/\/www.oaxaca.gob.mx\/comunicacion\/wp-content\/uploads\/sites\/28\/2019\/12\/Conciertos-navide\u00f1os-OSO-1-300x300.jpeg 300w, https:\/\/www.oaxaca.gob.mx\/comunicacion\/wp-content\/uploads\/sites\/28\/2019\/12\/Conciertos-navide\u00f1os-OSO-1-150x150.jpeg 150w, https:\/\/www.oaxaca.gob.mx\/comunicacion\/wp-content\/uploads\/sites\/28\/2019\/12\/Conciertos-navide\u00f1os-OSO-1-768x768.jpeg 768w, https:\/\/www.oaxaca.gob.mx\/comunicacion\/wp-content\/uploads\/sites\/28\/2019\/12\/Conciertos-navide\u00f1os-OSO-1-1024x1024.jpeg 1024w, https:\/\/www.oaxaca.gob.mx\/comunicacion\/wp-content\/uploads\/sites\/28\/2019\/12\/Conciertos-navide\u00f1os-OSO-1.jpeg 1280w\" sizes=\"auto, (max-width: 300px) 100vw, 300px\" \/><\/a>\n\t\t\t<\/dt><\/dl><dl class='gallery-item'>\n\t\t\t<dt class='gallery-icon landscape'>\n\t\t\t\t<a href='https:\/\/www.oaxaca.gob.mx\/comunicacion\/ofrece-seculta-conciertos-en-santo-domingo-de-guzman-y-teatro-alcala\/conciertos-navidenos-oso-2\/'><img loading=\"lazy\" decoding=\"async\" width=\"300\" height=\"300\" src=\"https:\/\/www.oaxaca.gob.mx\/comunicacion\/wp-content\/uploads\/sites\/28\/2019\/12\/Conciertos-navide\u00f1os-OSO-2-300x300.jpeg\" class=\"attachment-medium size-medium\" alt=\"\" srcset=\"https:\/\/www.oaxaca.gob.mx\/comunicacion\/wp-content\/uploads\/sites\/28\/2019\/12\/Conciertos-navide\u00f1os-OSO-2-300x300.jpeg 300w, https:\/\/www.oaxaca.gob.mx\/comunicacion\/wp-content\/uploads\/sites\/28\/2019\/12\/Conciertos-navide\u00f1os-OSO-2-150x150.jpeg 150w, https:\/\/www.oaxaca.gob.mx\/comunicacion\/wp-content\/uploads\/sites\/28\/2019\/12\/Conciertos-navide\u00f1os-OSO-2-768x768.jpeg 768w, https:\/\/www.oaxaca.gob.mx\/comunicacion\/wp-content\/uploads\/sites\/28\/2019\/12\/Conciertos-navide\u00f1os-OSO-2-1024x1024.jpeg 1024w, https:\/\/www.oaxaca.gob.mx\/comunicacion\/wp-content\/uploads\/sites\/28\/2019\/12\/Conciertos-navide\u00f1os-OSO-2.jpeg 1280w\" sizes=\"auto, (max-width: 300px) 100vw, 300px\" \/><\/a>\n\t\t\t<\/dt><\/dl><br style=\"clear: both\" \/>\n\t\t<\/div>\n\n<p>&nbsp;<\/p>\n<ul>\n<li>Son tres conciertos completamente gratuitos; uno, en el templo de Santo Domingo de Guzm\u00e1n y dos, en el teatro Macedonio Alcal\u00e1<\/li>\n<\/ul>\n<p>&nbsp;<\/p>\n<p><strong>Oaxaca de Ju\u00e1rez, Oax. 19 de diciembre de 2019.-<\/strong>\u00a0La Secretar\u00eda de las Culturas y Artes de Oaxaca (Seculta) inform\u00f3 que este 19 de diciembre se llevar\u00e1 a cabo un concierto en el templo de Santo Domingo de Guzm\u00e1n bajo la direcci\u00f3n del maestro Eliseo Mart\u00ednez, y otros dos, el viernes 20 y domingo 22 de diciembre en el teatro Macedonio Alcal\u00e1 a cargo de la Orquesta Sinf\u00f3nica de Oaxaca (OSO); eventos gratuitos.<\/p>\n<p>Como parte del \u201cFestival Decembrino Oaxaca 2019\u201d realizado por el Gobierno del Estado a trav\u00e9s de la Secretar\u00eda de las Culturas y Artes de Oaxaca (Seculta), planific\u00f3 diversos eventos culturales enfocados para todo p\u00fablico y en esta ocasi\u00f3n tres conciertos musicales.<\/p>\n<p>El primer evento musical se realizar\u00e1 este jueves 19 de diciembre a las 20:00 horas en el templo de Santo Domingo de Guzm\u00e1n a cargo del coro Alegr\u00eda y la orquesta de C\u00e1mara de Santo Domingo, bajo la direcci\u00f3n del maestro Eliseo Mart\u00ednez y de Mar\u00eda Elisa Mart\u00ednez.<\/p>\n<p>La titular de la Seculta, Adriana Aguilar Escobar hace la atenta invitaci\u00f3n a la ciudadan\u00eda oaxaque\u00f1a y visitantes para que asistan a este concierto navide\u00f1o con gran calidad musical y en un espacio religioso emblem\u00e1tico de la capital oaxaque\u00f1a. Record\u00f3 que este evento es de entrada libre y de acuerdo a la capacidad del recinto.<\/p>\n<p>Los otros dos conciertos anunciados, estar\u00e1n a cargo de la OSO bajo la direcci\u00f3n del maestro Eliseo Mart\u00ednez Garc\u00eda, los cuales se realizar\u00e1n este viernes 20 a las ocho de la noche y el domingo 22 de diciembre al medio d\u00eda, ambos en el teatro Macedonio Alcal\u00e1 y el p\u00fablico podr\u00e1 asistir gratuitamente, pero con boleto, los cuales podr\u00e1n adquirirlos en la taquilla del mismo.<\/p>\n<p>Asimismo, la Orquesta brindar\u00e1 a las y los asistentes un concierto navide\u00f1o con el siguiente programa: \u201cPaseo en trineo\u201d y la \u201cM\u00e1quina de escribir\u201d de Leroy Anderson, \u201cLa bella durmiente\u201d y la suite \u201cEl Cascanueces\u201d de Piotr Ilich Tchaikovsky, el vals \u201cEl Emperador\u201d y \u201cEl murci\u00e9lago\u201d de\u00a0\u00a0 Johann Strauss.<\/p>\n<p>Nuevamente, Adriana Aguilar Escobar, invita a que acudan por sus boletos gratuitos en la taquilla del teatro Macedonio Alcal\u00e1 en un horario de 10:00 de la ma\u00f1ana hasta las 19:00 horas. Cabe destacar que el acceso al recinto en los d\u00edas de conciertos se realiza media hora antes y se cierran iniciando el evento.<\/p>\n<p style=\"text-align: center\">-0-<\/p>\n","protected":false},"excerpt":{"rendered":"<p>&nbsp; Son tres conciertos completamente gratuitos; uno, en el templo de Santo Domingo de Guzm\u00e1n y dos, en el teatro Macedonio Alcal\u00e1 &nbsp; Oaxaca de Ju\u00e1rez, Oax. 19 de diciembre de 2019.-\u00a0La Secretar\u00eda de las Culturas y Artes de Oaxaca (Seculta) inform\u00f3 que este 19 de diciembre se llevar\u00e1 a cabo un concierto en el [&hellip;]<\/p>\n","protected":false},"author":36,"featured_media":47741,"comment_status":"open","ping_status":"open","sticky":false,"template":"","format":"standard","meta":{"episode_type":"","audio_file":"","podmotor_file_id":"","podmotor_episode_id":"","cover_image":"","cover_image_id":"","duration":"","filesize":"","filesize_raw":"","date_recorded":"","explicit":"","block":"","itunes_episode_number":"","itunes_title":"","itunes_season_number":"","itunes_episode_type":"","footnotes":""},"categories":[8],"tags":[371],"class_list":["post-47739","post","type-post","status-publish","format-standard","has-post-thumbnail","hentry","category-noticias","tag-seculta"],"acf":[],"publishpress_future_action":{"enabled":false,"date":"2026-05-08 11:14:29","action":"change-status","newStatus":"draft","terms":[],"taxonomy":"category","extraData":[]},"publishpress_future_workflow_manual_trigger":{"enabledWorkflows":[]},"_links":{"self":[{"href":"https:\/\/www.oaxaca.gob.mx\/comunicacion\/wp-json\/wp\/v2\/posts\/47739","targetHints":{"allow":["GET"]}}],"collection":[{"href":"https:\/\/www.oaxaca.gob.mx\/comunicacion\/wp-json\/wp\/v2\/posts"}],"about":[{"href":"https:\/\/www.oaxaca.gob.mx\/comunicacion\/wp-json\/wp\/v2\/types\/post"}],"author":[{"embeddable":true,"href":"https:\/\/www.oaxaca.gob.mx\/comunicacion\/wp-json\/wp\/v2\/users\/36"}],"replies":[{"embeddable":true,"href":"https:\/\/www.oaxaca.gob.mx\/comunicacion\/wp-json\/wp\/v2\/comments?post=47739"}],"version-history":[{"count":1,"href":"https:\/\/www.oaxaca.gob.mx\/comunicacion\/wp-json\/wp\/v2\/posts\/47739\/revisions"}],"predecessor-version":[{"id":47742,"href":"https:\/\/www.oaxaca.gob.mx\/comunicacion\/wp-json\/wp\/v2\/posts\/47739\/revisions\/47742"}],"wp:featuredmedia":[{"embeddable":true,"href":"https:\/\/www.oaxaca.gob.mx\/comunicacion\/wp-json\/wp\/v2\/media\/47741"}],"wp:attachment":[{"href":"https:\/\/www.oaxaca.gob.mx\/comunicacion\/wp-json\/wp\/v2\/media?parent=47739"}],"wp:term":[{"taxonomy":"category","embeddable":true,"href":"https:\/\/www.oaxaca.gob.mx\/comunicacion\/wp-json\/wp\/v2\/categories?post=47739"},{"taxonomy":"post_tag","embeddable":true,"href":"https:\/\/www.oaxaca.gob.mx\/comunicacion\/wp-json\/wp\/v2\/tags?post=47739"}],"curies":[{"name":"wp","href":"https:\/\/api.w.org\/{rel}","templated":true}]}}