{"id":47568,"date":"2019-12-16T18:54:32","date_gmt":"2019-12-17T00:54:32","guid":{"rendered":"https:\/\/www.oaxaca.gob.mx\/comunicacion\/?p=47568"},"modified":"2019-12-17T11:00:45","modified_gmt":"2019-12-17T17:00:45","slug":"trabajo-conjunto-de-los-pueblos-mancomunados-palanca-del-desarrollo-sostenible-en-oaxaca-amh","status":"publish","type":"post","link":"https:\/\/www.oaxaca.gob.mx\/comunicacion\/trabajo-conjunto-de-los-pueblos-mancomunados-palanca-del-desarrollo-sostenible-en-oaxaca-amh\/","title":{"rendered":"Trabajo conjunto de los Pueblos Mancomunados, palanca del desarrollo sostenible en Oaxaca: AMH"},"content":{"rendered":"\n\t\t<style type=\"text\/css\">\n\t\t\t#gallery-1 {\n\t\t\t\tmargin: auto;\n\t\t\t}\n\t\t\t#gallery-1 .gallery-item {\n\t\t\t\tfloat: left;\n\t\t\t\tmargin-top: 10px;\n\t\t\t\ttext-align: center;\n\t\t\t\twidth: 33%;\n\t\t\t}\n\t\t\t#gallery-1 img {\n\t\t\t\tborder: 2px solid #cfcfcf;\n\t\t\t}\n\t\t\t#gallery-1 .gallery-caption {\n\t\t\t\tmargin-left: 0;\n\t\t\t}\n\t\t\t\/* see gallery_shortcode() in wp-includes\/media.php *\/\n\t\t<\/style>\n\t\t<div id='gallery-1' class='gallery galleryid-47568 gallery-columns-3 gallery-size-medium'><dl class='gallery-item'>\n\t\t\t<dt class='gallery-icon landscape'>\n\t\t\t\t<a href='https:\/\/www.oaxaca.gob.mx\/comunicacion\/trabajo-conjunto-de-los-pueblos-mancomunados-palanca-del-desarrollo-sostenible-en-oaxaca-amh\/amh-03-60\/'><img loading=\"lazy\" decoding=\"async\" width=\"300\" height=\"199\" src=\"https:\/\/www.oaxaca.gob.mx\/comunicacion\/wp-content\/uploads\/sites\/28\/2019\/12\/AMH-03-9-300x199.jpg\" class=\"attachment-medium size-medium\" alt=\"\" srcset=\"https:\/\/www.oaxaca.gob.mx\/comunicacion\/wp-content\/uploads\/sites\/28\/2019\/12\/AMH-03-9-300x199.jpg 300w, https:\/\/www.oaxaca.gob.mx\/comunicacion\/wp-content\/uploads\/sites\/28\/2019\/12\/AMH-03-9-768x511.jpg 768w, https:\/\/www.oaxaca.gob.mx\/comunicacion\/wp-content\/uploads\/sites\/28\/2019\/12\/AMH-03-9-1024x681.jpg 1024w, https:\/\/www.oaxaca.gob.mx\/comunicacion\/wp-content\/uploads\/sites\/28\/2019\/12\/AMH-03-9.jpg 1280w\" sizes=\"auto, (max-width: 300px) 100vw, 300px\" \/><\/a>\n\t\t\t<\/dt><\/dl><dl class='gallery-item'>\n\t\t\t<dt class='gallery-icon landscape'>\n\t\t\t\t<a href='https:\/\/www.oaxaca.gob.mx\/comunicacion\/trabajo-conjunto-de-los-pueblos-mancomunados-palanca-del-desarrollo-sostenible-en-oaxaca-amh\/amh-08-25\/'><img loading=\"lazy\" decoding=\"async\" width=\"300\" height=\"200\" src=\"https:\/\/www.oaxaca.gob.mx\/comunicacion\/wp-content\/uploads\/sites\/28\/2019\/12\/AMH-08-4-300x200.jpg\" class=\"attachment-medium size-medium\" alt=\"\" srcset=\"https:\/\/www.oaxaca.gob.mx\/comunicacion\/wp-content\/uploads\/sites\/28\/2019\/12\/AMH-08-4-300x200.jpg 300w, https:\/\/www.oaxaca.gob.mx\/comunicacion\/wp-content\/uploads\/sites\/28\/2019\/12\/AMH-08-4-768x512.jpg 768w, https:\/\/www.oaxaca.gob.mx\/comunicacion\/wp-content\/uploads\/sites\/28\/2019\/12\/AMH-08-4-1024x682.jpg 1024w, https:\/\/www.oaxaca.gob.mx\/comunicacion\/wp-content\/uploads\/sites\/28\/2019\/12\/AMH-08-4.jpg 1280w\" sizes=\"auto, (max-width: 300px) 100vw, 300px\" \/><\/a>\n\t\t\t<\/dt><\/dl><dl class='gallery-item'>\n\t\t\t<dt class='gallery-icon landscape'>\n\t\t\t\t<a href='https:\/\/www.oaxaca.gob.mx\/comunicacion\/trabajo-conjunto-de-los-pueblos-mancomunados-palanca-del-desarrollo-sostenible-en-oaxaca-amh\/amh-09-18\/'><img loading=\"lazy\" decoding=\"async\" width=\"300\" height=\"199\" src=\"https:\/\/www.oaxaca.gob.mx\/comunicacion\/wp-content\/uploads\/sites\/28\/2019\/12\/AMH-09-5-300x199.jpg\" class=\"attachment-medium size-medium\" alt=\"\" srcset=\"https:\/\/www.oaxaca.gob.mx\/comunicacion\/wp-content\/uploads\/sites\/28\/2019\/12\/AMH-09-5-300x199.jpg 300w, https:\/\/www.oaxaca.gob.mx\/comunicacion\/wp-content\/uploads\/sites\/28\/2019\/12\/AMH-09-5-768x511.jpg 768w, https:\/\/www.oaxaca.gob.mx\/comunicacion\/wp-content\/uploads\/sites\/28\/2019\/12\/AMH-09-5-1024x681.jpg 1024w, https:\/\/www.oaxaca.gob.mx\/comunicacion\/wp-content\/uploads\/sites\/28\/2019\/12\/AMH-09-5.jpg 1280w\" sizes=\"auto, (max-width: 300px) 100vw, 300px\" \/><\/a>\n\t\t\t<\/dt><\/dl><br style=\"clear: both\" \/><dl class='gallery-item'>\n\t\t\t<dt class='gallery-icon landscape'>\n\t\t\t\t<a href='https:\/\/www.oaxaca.gob.mx\/comunicacion\/trabajo-conjunto-de-los-pueblos-mancomunados-palanca-del-desarrollo-sostenible-en-oaxaca-amh\/amh-10-15\/'><img loading=\"lazy\" decoding=\"async\" width=\"300\" height=\"199\" src=\"https:\/\/www.oaxaca.gob.mx\/comunicacion\/wp-content\/uploads\/sites\/28\/2019\/12\/AMH-10-3-300x199.jpg\" class=\"attachment-medium size-medium\" alt=\"\" srcset=\"https:\/\/www.oaxaca.gob.mx\/comunicacion\/wp-content\/uploads\/sites\/28\/2019\/12\/AMH-10-3-300x199.jpg 300w, https:\/\/www.oaxaca.gob.mx\/comunicacion\/wp-content\/uploads\/sites\/28\/2019\/12\/AMH-10-3-768x511.jpg 768w, https:\/\/www.oaxaca.gob.mx\/comunicacion\/wp-content\/uploads\/sites\/28\/2019\/12\/AMH-10-3-1024x681.jpg 1024w, https:\/\/www.oaxaca.gob.mx\/comunicacion\/wp-content\/uploads\/sites\/28\/2019\/12\/AMH-10-3.jpg 1280w\" sizes=\"auto, (max-width: 300px) 100vw, 300px\" \/><\/a>\n\t\t\t<\/dt><\/dl><dl class='gallery-item'>\n\t\t\t<dt class='gallery-icon landscape'>\n\t\t\t\t<a href='https:\/\/www.oaxaca.gob.mx\/comunicacion\/trabajo-conjunto-de-los-pueblos-mancomunados-palanca-del-desarrollo-sostenible-en-oaxaca-amh\/amh-11-13\/'><img loading=\"lazy\" decoding=\"async\" width=\"300\" height=\"199\" src=\"https:\/\/www.oaxaca.gob.mx\/comunicacion\/wp-content\/uploads\/sites\/28\/2019\/12\/AMH-11-2-300x199.jpg\" class=\"attachment-medium size-medium\" alt=\"\" srcset=\"https:\/\/www.oaxaca.gob.mx\/comunicacion\/wp-content\/uploads\/sites\/28\/2019\/12\/AMH-11-2-300x199.jpg 300w, https:\/\/www.oaxaca.gob.mx\/comunicacion\/wp-content\/uploads\/sites\/28\/2019\/12\/AMH-11-2-768x511.jpg 768w, https:\/\/www.oaxaca.gob.mx\/comunicacion\/wp-content\/uploads\/sites\/28\/2019\/12\/AMH-11-2-1024x681.jpg 1024w, https:\/\/www.oaxaca.gob.mx\/comunicacion\/wp-content\/uploads\/sites\/28\/2019\/12\/AMH-11-2.jpg 1280w\" sizes=\"auto, (max-width: 300px) 100vw, 300px\" \/><\/a>\n\t\t\t<\/dt><\/dl><dl class='gallery-item'>\n\t\t\t<dt class='gallery-icon landscape'>\n\t\t\t\t<a href='https:\/\/www.oaxaca.gob.mx\/comunicacion\/trabajo-conjunto-de-los-pueblos-mancomunados-palanca-del-desarrollo-sostenible-en-oaxaca-amh\/amh-12-10\/'><img loading=\"lazy\" decoding=\"async\" width=\"300\" height=\"199\" src=\"https:\/\/www.oaxaca.gob.mx\/comunicacion\/wp-content\/uploads\/sites\/28\/2019\/12\/AMH-12-2-300x199.jpg\" class=\"attachment-medium size-medium\" alt=\"\" srcset=\"https:\/\/www.oaxaca.gob.mx\/comunicacion\/wp-content\/uploads\/sites\/28\/2019\/12\/AMH-12-2-300x199.jpg 300w, https:\/\/www.oaxaca.gob.mx\/comunicacion\/wp-content\/uploads\/sites\/28\/2019\/12\/AMH-12-2-768x511.jpg 768w, https:\/\/www.oaxaca.gob.mx\/comunicacion\/wp-content\/uploads\/sites\/28\/2019\/12\/AMH-12-2-1024x681.jpg 1024w, https:\/\/www.oaxaca.gob.mx\/comunicacion\/wp-content\/uploads\/sites\/28\/2019\/12\/AMH-12-2.jpg 1280w\" sizes=\"auto, (max-width: 300px) 100vw, 300px\" \/><\/a>\n\t\t\t<\/dt><\/dl><br style=\"clear: both\" \/><dl class='gallery-item'>\n\t\t\t<dt class='gallery-icon landscape'>\n\t\t\t\t<a href='https:\/\/www.oaxaca.gob.mx\/comunicacion\/trabajo-conjunto-de-los-pueblos-mancomunados-palanca-del-desarrollo-sostenible-en-oaxaca-amh\/amh-16-3\/'><img loading=\"lazy\" decoding=\"async\" width=\"300\" height=\"199\" src=\"https:\/\/www.oaxaca.gob.mx\/comunicacion\/wp-content\/uploads\/sites\/28\/2019\/12\/AMH-16-1-300x199.jpg\" class=\"attachment-medium size-medium\" alt=\"\" srcset=\"https:\/\/www.oaxaca.gob.mx\/comunicacion\/wp-content\/uploads\/sites\/28\/2019\/12\/AMH-16-1-300x199.jpg 300w, https:\/\/www.oaxaca.gob.mx\/comunicacion\/wp-content\/uploads\/sites\/28\/2019\/12\/AMH-16-1-768x511.jpg 768w, https:\/\/www.oaxaca.gob.mx\/comunicacion\/wp-content\/uploads\/sites\/28\/2019\/12\/AMH-16-1-1024x681.jpg 1024w, https:\/\/www.oaxaca.gob.mx\/comunicacion\/wp-content\/uploads\/sites\/28\/2019\/12\/AMH-16-1.jpg 1280w\" sizes=\"auto, (max-width: 300px) 100vw, 300px\" \/><\/a>\n\t\t\t<\/dt><\/dl><dl class='gallery-item'>\n\t\t\t<dt class='gallery-icon landscape'>\n\t\t\t\t<a href='https:\/\/www.oaxaca.gob.mx\/comunicacion\/trabajo-conjunto-de-los-pueblos-mancomunados-palanca-del-desarrollo-sostenible-en-oaxaca-amh\/amh-19-2\/'><img loading=\"lazy\" decoding=\"async\" width=\"300\" height=\"199\" src=\"https:\/\/www.oaxaca.gob.mx\/comunicacion\/wp-content\/uploads\/sites\/28\/2019\/12\/AMH-19-300x199.jpg\" class=\"attachment-medium size-medium\" alt=\"\" srcset=\"https:\/\/www.oaxaca.gob.mx\/comunicacion\/wp-content\/uploads\/sites\/28\/2019\/12\/AMH-19-300x199.jpg 300w, https:\/\/www.oaxaca.gob.mx\/comunicacion\/wp-content\/uploads\/sites\/28\/2019\/12\/AMH-19-768x511.jpg 768w, https:\/\/www.oaxaca.gob.mx\/comunicacion\/wp-content\/uploads\/sites\/28\/2019\/12\/AMH-19-1024x681.jpg 1024w, https:\/\/www.oaxaca.gob.mx\/comunicacion\/wp-content\/uploads\/sites\/28\/2019\/12\/AMH-19.jpg 1280w\" sizes=\"auto, (max-width: 300px) 100vw, 300px\" \/><\/a>\n\t\t\t<\/dt><\/dl><dl class='gallery-item'>\n\t\t\t<dt class='gallery-icon landscape'>\n\t\t\t\t<a href='https:\/\/www.oaxaca.gob.mx\/comunicacion\/trabajo-conjunto-de-los-pueblos-mancomunados-palanca-del-desarrollo-sostenible-en-oaxaca-amh\/amh-20-2\/'><img loading=\"lazy\" decoding=\"async\" width=\"300\" height=\"199\" src=\"https:\/\/www.oaxaca.gob.mx\/comunicacion\/wp-content\/uploads\/sites\/28\/2019\/12\/AMH-20-300x199.jpg\" class=\"attachment-medium size-medium\" alt=\"\" srcset=\"https:\/\/www.oaxaca.gob.mx\/comunicacion\/wp-content\/uploads\/sites\/28\/2019\/12\/AMH-20-300x199.jpg 300w, https:\/\/www.oaxaca.gob.mx\/comunicacion\/wp-content\/uploads\/sites\/28\/2019\/12\/AMH-20-768x511.jpg 768w, https:\/\/www.oaxaca.gob.mx\/comunicacion\/wp-content\/uploads\/sites\/28\/2019\/12\/AMH-20-1024x681.jpg 1024w, https:\/\/www.oaxaca.gob.mx\/comunicacion\/wp-content\/uploads\/sites\/28\/2019\/12\/AMH-20.jpg 1280w\" sizes=\"auto, (max-width: 300px) 100vw, 300px\" \/><\/a>\n\t\t\t<\/dt><\/dl><br style=\"clear: both\" \/>\n\t\t<\/div>\n\n<ul>\n<li>El Mandatario Estatal y el Director General de la Conafor inauguraron y pusieron en marcha la l\u00ednea de aserr\u00edo automatizado y maquinaria para la fabricaci\u00f3n de muebles de la Organizaci\u00f3n de Pueblos Mancomunados<\/li>\n<\/ul>\n<p><strong>San Jer\u00f3nimo Tlacochahuaya, Oax. 16 de diciembre de 2019.<\/strong>\u00a0El gobernador Alejandro Murat Hinojosa y el director general de la Comisi\u00f3n Nacional Forestal (Conafor), Le\u00f3n Jorge Casta\u00f1os Mart\u00ednez, destacaron el paso trascendental que han dado los Pueblos Mancomunados de la Sierra Norte de Oaxaca al instalar una l\u00ednea de aserr\u00edo automatizada que mejorar\u00e1 el proceso de la fabricaci\u00f3n de muebles.<\/p>\n<p>Esta nueva maquinaria instalada en la agencia de San Mateo Macuilx\u00f3chitl -para la cual se destinaron 50 millones de pesos- beneficiar\u00e1 a comuneros de los ocho pueblos mancomunados que podr\u00e1n mejorar con ella sus perspectivas de crecimiento y desarrollo empresarial, contribuyendo a la generaci\u00f3n de nuevos empleos.<\/p>\n<p>Durante la inauguraci\u00f3n de esta nueva maquinaria, el Mandatario Estatal reconoci\u00f3 el trabajo sostenido y de gran alcance que durante 42 a\u00f1os ha desarrollado el Comisariado de Bienes Comunales en coordinaci\u00f3n con la Industria Forestal de los Pueblos Mancomunados, demostrando ser una palanca para el desarrollo sostenible de Oaxaca.<\/p>\n<p>\u00abHoy se confirma este trabajo ligado con nuestra cultura milenaria. Oaxaca est\u00e1 hecha de nuestros pueblos, cultura y tradiciones, del trabajo solidario que se antepone a todo por el bien social, por el bien de las comunidades\u00bb, afirm\u00f3 al tiempo de enfatizar que estos valores y principios deben destacarse en cualquier \u00e1mbito para \u00a0cambiar la realidad del pa\u00eds.<\/p>\n<p>En compa\u00f1\u00eda del director general de las Empresas Forestales de Pueblos Mancomunados, Israel Santiago Garc\u00eda, se\u00f1al\u00f3 que la Industria Forestal de los Pueblos Mancomunados es una empresa oaxaque\u00f1a que hoy marca la pauta en la industrializaci\u00f3n de la madera para la fabricaci\u00f3n de muebles y enseres de oficina, inyectando dinamismo a la labor productiva de los pueblos y comunidades, sobre todo con responsabilidad social al tener un aprovechamiento responsable de los recursos maderables de la Sierra Norte.<\/p>\n<p>En este sentido, Murat Hinojosa destac\u00f3 tambi\u00e9n la fortaleza de esta empresa que hace 11 a\u00f1os fue devastada por un incendio, y que actualmente est\u00e1 de pie, m\u00e1s fuerte y con un gran empuje para trascender en el sector forestal comunitario.<\/p>\n<p>De esta manera, Murat Hinojosa refrend\u00f3 el compromiso de su gobierno para seguir trabajando de la mano y generar un cl\u00faster forestal que permita consolidar a las empresas especializadas en la industrializaci\u00f3n y comercializaci\u00f3n de productos forestales certificados.<\/p>\n<p>En su oportunidad, el director general de la Comisi\u00f3n Nacional Forestal (Conafor), Le\u00f3n Jorge Casta\u00f1os Mart\u00ednez, destac\u00f3 el trabajo y esfuerzo intercomunal de los ocho pueblos que conforman esta organizaci\u00f3n para inyectarle dinamismo a la labor productiva de sus comunidades a trav\u00e9s de un importante proyecto que demuestra que la sociedad organizada es capaz de superar los desaf\u00edos para lograr m\u00e1s y mejores oportunidades que eleven y dignifiquen la calidad de vida de la poblaci\u00f3n.<\/p>\n<p>\u00abLo que han logrado gracias a esa visi\u00f3n de los pueblos de trabajar juntos en un proyecto ha permitido tener hoy un aserradero y una f\u00e1brica de muebles que no le pide nada a ninguna otra empresa a nivel mundial\u00bb, dijo.<\/p>\n<p>El director general de las Empresas Forestales de Pueblos Mancomunados, Israel Santiago Garc\u00eda, expres\u00f3 que esta nueva etapa de la l\u00ednea de aserr\u00edo y f\u00e1brica de muebles es resultado de una herencia que inici\u00f3 hace 400 a\u00f1os con la uni\u00f3n de los pueblos y de 42 a\u00f1os de trayectoria empresarial que actualmente genera 600 empleos directos e indirectos.<\/p>\n<p>Asever\u00f3 que hoy en d\u00eda la uni\u00f3n de los ocho pueblos mancomunados ha permitido tener una identidad comercial fuerte sustentada en la f\u00e1brica de muebles, una planta envasadora de agua de manantial y una operadora tur\u00edstica.<\/p>\n<p>Detall\u00f3 que esta empresa, cuya plantilla laboral est\u00e1 conformada en un 50% por mujeres, tiene capacidad para procesar 85 mil metros c\u00fabicos de madera en rollo por turno y cuenta con un equipo de secado de madera con una capacidad de 60 metros por turno.<\/p>\n<p>De esta manera agradeci\u00f3 el apoyo de los gobiernos estatal y federal para apoyar e impulsar las actividades productivas de este sector.<\/p>\n<p>En este acto tambi\u00e9n se realiz\u00f3 la entrega de reconocimientos a comuneros destacados, trabajadores de la empresa, empresas socias colaboradoras e instituciones por su gran trayectoria con los Pueblos Mancomunados de Santa Catarina Lachatao, San Miguel Amatl\u00e1n, Santa Mar\u00eda Yaves\u00eda, Santa Martha Latuvi, Benito Ju\u00e1rez, San Antonio Cuajimoloyas, La Never\u00eda y San Isidro Llano Grande.<\/p>\n<p>&nbsp;<\/p>\n","protected":false},"excerpt":{"rendered":"<p>El Mandatario Estatal y el Director General de la Conafor inauguraron y pusieron en marcha la l\u00ednea de aserr\u00edo automatizado y maquinaria para la fabricaci\u00f3n de muebles de la Organizaci\u00f3n de Pueblos Mancomunados San Jer\u00f3nimo Tlacochahuaya, Oax. 16 de diciembre de 2019.\u00a0El gobernador Alejandro Murat Hinojosa y el director general de la Comisi\u00f3n Nacional Forestal [&hellip;]<\/p>\n","protected":false},"author":38,"featured_media":47584,"comment_status":"open","ping_status":"open","sticky":false,"template":"","format":"standard","meta":{"episode_type":"","audio_file":"","podmotor_file_id":"","podmotor_episode_id":"","cover_image":"","cover_image_id":"","duration":"","filesize":"","filesize_raw":"","date_recorded":"","explicit":"","block":"","itunes_episode_number":"","itunes_title":"","itunes_season_number":"","itunes_episode_type":"","footnotes":""},"categories":[7,8],"tags":[29],"class_list":["post-47568","post","type-post","status-publish","format-standard","has-post-thumbnail","hentry","category-slide","category-noticias","tag-amh"],"acf":[],"publishpress_future_action":{"enabled":false,"date":"2026-05-06 11:03:48","action":"change-status","newStatus":"draft","terms":[],"taxonomy":"category","extraData":[]},"publishpress_future_workflow_manual_trigger":{"enabledWorkflows":[]},"_links":{"self":[{"href":"https:\/\/www.oaxaca.gob.mx\/comunicacion\/wp-json\/wp\/v2\/posts\/47568","targetHints":{"allow":["GET"]}}],"collection":[{"href":"https:\/\/www.oaxaca.gob.mx\/comunicacion\/wp-json\/wp\/v2\/posts"}],"about":[{"href":"https:\/\/www.oaxaca.gob.mx\/comunicacion\/wp-json\/wp\/v2\/types\/post"}],"author":[{"embeddable":true,"href":"https:\/\/www.oaxaca.gob.mx\/comunicacion\/wp-json\/wp\/v2\/users\/38"}],"replies":[{"embeddable":true,"href":"https:\/\/www.oaxaca.gob.mx\/comunicacion\/wp-json\/wp\/v2\/comments?post=47568"}],"version-history":[{"count":1,"href":"https:\/\/www.oaxaca.gob.mx\/comunicacion\/wp-json\/wp\/v2\/posts\/47568\/revisions"}],"predecessor-version":[{"id":47579,"href":"https:\/\/www.oaxaca.gob.mx\/comunicacion\/wp-json\/wp\/v2\/posts\/47568\/revisions\/47579"}],"wp:featuredmedia":[{"embeddable":true,"href":"https:\/\/www.oaxaca.gob.mx\/comunicacion\/wp-json\/wp\/v2\/media\/47584"}],"wp:attachment":[{"href":"https:\/\/www.oaxaca.gob.mx\/comunicacion\/wp-json\/wp\/v2\/media?parent=47568"}],"wp:term":[{"taxonomy":"category","embeddable":true,"href":"https:\/\/www.oaxaca.gob.mx\/comunicacion\/wp-json\/wp\/v2\/categories?post=47568"},{"taxonomy":"post_tag","embeddable":true,"href":"https:\/\/www.oaxaca.gob.mx\/comunicacion\/wp-json\/wp\/v2\/tags?post=47568"}],"curies":[{"name":"wp","href":"https:\/\/api.w.org\/{rel}","templated":true}]}}