{"id":46701,"date":"2019-12-02T23:23:39","date_gmt":"2019-12-03T05:23:39","guid":{"rendered":"https:\/\/www.oaxaca.gob.mx\/comunicacion\/?p=46701"},"modified":"2019-12-04T12:24:22","modified_gmt":"2019-12-04T18:24:22","slug":"celebra-oaxaca-cien-anos-de-alvaro-carrillo","status":"publish","type":"post","link":"https:\/\/www.oaxaca.gob.mx\/comunicacion\/celebra-oaxaca-cien-anos-de-alvaro-carrillo\/","title":{"rendered":"Celebra Oaxaca cien a\u00f1os de \u00c1lvaro Carrillo"},"content":{"rendered":"\n\t\t<style type=\"text\/css\">\n\t\t\t#gallery-1 {\n\t\t\t\tmargin: auto;\n\t\t\t}\n\t\t\t#gallery-1 .gallery-item {\n\t\t\t\tfloat: left;\n\t\t\t\tmargin-top: 10px;\n\t\t\t\ttext-align: center;\n\t\t\t\twidth: 25%;\n\t\t\t}\n\t\t\t#gallery-1 img {\n\t\t\t\tborder: 2px solid #cfcfcf;\n\t\t\t}\n\t\t\t#gallery-1 .gallery-caption {\n\t\t\t\tmargin-left: 0;\n\t\t\t}\n\t\t\t\/* see gallery_shortcode() in wp-includes\/media.php *\/\n\t\t<\/style>\n\t\t<div id='gallery-1' class='gallery galleryid-46701 gallery-columns-4 gallery-size-thumbnail'><dl class='gallery-item'>\n\t\t\t<dt class='gallery-icon landscape'>\n\t\t\t\t<a href='https:\/\/www.oaxaca.gob.mx\/comunicacion\/celebra-oaxaca-cien-anos-de-alvaro-carrillo\/amh-01-53\/'><img loading=\"lazy\" decoding=\"async\" width=\"150\" height=\"150\" src=\"https:\/\/www.oaxaca.gob.mx\/comunicacion\/wp-content\/uploads\/sites\/28\/2019\/12\/AMH-01-150x150.jpg\" class=\"attachment-thumbnail size-thumbnail\" alt=\"\" \/><\/a>\n\t\t\t<\/dt><\/dl><dl class='gallery-item'>\n\t\t\t<dt class='gallery-icon landscape'>\n\t\t\t\t<a href='https:\/\/www.oaxaca.gob.mx\/comunicacion\/celebra-oaxaca-cien-anos-de-alvaro-carrillo\/amh-02-57\/'><img loading=\"lazy\" decoding=\"async\" width=\"150\" height=\"150\" src=\"https:\/\/www.oaxaca.gob.mx\/comunicacion\/wp-content\/uploads\/sites\/28\/2019\/12\/AMH-02-150x150.jpg\" class=\"attachment-thumbnail size-thumbnail\" alt=\"\" \/><\/a>\n\t\t\t<\/dt><\/dl><dl class='gallery-item'>\n\t\t\t<dt class='gallery-icon landscape'>\n\t\t\t\t<a href='https:\/\/www.oaxaca.gob.mx\/comunicacion\/celebra-oaxaca-cien-anos-de-alvaro-carrillo\/amh-03-51\/'><img loading=\"lazy\" decoding=\"async\" width=\"150\" height=\"150\" src=\"https:\/\/www.oaxaca.gob.mx\/comunicacion\/wp-content\/uploads\/sites\/28\/2019\/12\/AMH-03-150x150.jpg\" class=\"attachment-thumbnail size-thumbnail\" alt=\"\" \/><\/a>\n\t\t\t<\/dt><\/dl><dl class='gallery-item'>\n\t\t\t<dt class='gallery-icon landscape'>\n\t\t\t\t<a href='https:\/\/www.oaxaca.gob.mx\/comunicacion\/celebra-oaxaca-cien-anos-de-alvaro-carrillo\/amh-04-49\/'><img loading=\"lazy\" decoding=\"async\" width=\"150\" height=\"150\" src=\"https:\/\/www.oaxaca.gob.mx\/comunicacion\/wp-content\/uploads\/sites\/28\/2019\/12\/AMH-04-150x150.jpg\" class=\"attachment-thumbnail size-thumbnail\" alt=\"\" \/><\/a>\n\t\t\t<\/dt><\/dl><br style=\"clear: both\" \/><dl class='gallery-item'>\n\t\t\t<dt class='gallery-icon landscape'>\n\t\t\t\t<a href='https:\/\/www.oaxaca.gob.mx\/comunicacion\/celebra-oaxaca-cien-anos-de-alvaro-carrillo\/amh-05-40\/'><img loading=\"lazy\" decoding=\"async\" width=\"150\" height=\"150\" src=\"https:\/\/www.oaxaca.gob.mx\/comunicacion\/wp-content\/uploads\/sites\/28\/2019\/12\/AMH-05-1-150x150.jpg\" class=\"attachment-thumbnail size-thumbnail\" alt=\"\" \/><\/a>\n\t\t\t<\/dt><\/dl><dl class='gallery-item'>\n\t\t\t<dt class='gallery-icon landscape'>\n\t\t\t\t<a href='https:\/\/www.oaxaca.gob.mx\/comunicacion\/celebra-oaxaca-cien-anos-de-alvaro-carrillo\/amh-06-31\/'><img loading=\"lazy\" decoding=\"async\" width=\"150\" height=\"150\" src=\"https:\/\/www.oaxaca.gob.mx\/comunicacion\/wp-content\/uploads\/sites\/28\/2019\/12\/AMH-06-150x150.jpg\" class=\"attachment-thumbnail size-thumbnail\" alt=\"\" \/><\/a>\n\t\t\t<\/dt><\/dl><dl class='gallery-item'>\n\t\t\t<dt class='gallery-icon landscape'>\n\t\t\t\t<a href='https:\/\/www.oaxaca.gob.mx\/comunicacion\/celebra-oaxaca-cien-anos-de-alvaro-carrillo\/amh-07-22\/'><img loading=\"lazy\" decoding=\"async\" width=\"150\" height=\"150\" src=\"https:\/\/www.oaxaca.gob.mx\/comunicacion\/wp-content\/uploads\/sites\/28\/2019\/12\/AMH-07-150x150.jpg\" class=\"attachment-thumbnail size-thumbnail\" alt=\"\" \/><\/a>\n\t\t\t<\/dt><\/dl><dl class='gallery-item'>\n\t\t\t<dt class='gallery-icon landscape'>\n\t\t\t\t<a href='https:\/\/www.oaxaca.gob.mx\/comunicacion\/celebra-oaxaca-cien-anos-de-alvaro-carrillo\/amh-08-21\/'><img loading=\"lazy\" decoding=\"async\" width=\"150\" height=\"150\" src=\"https:\/\/www.oaxaca.gob.mx\/comunicacion\/wp-content\/uploads\/sites\/28\/2019\/12\/AMH-08-150x150.jpg\" class=\"attachment-thumbnail size-thumbnail\" alt=\"\" \/><\/a>\n\t\t\t<\/dt><\/dl><br style=\"clear: both\" \/><dl class='gallery-item'>\n\t\t\t<dt class='gallery-icon landscape'>\n\t\t\t\t<a href='https:\/\/www.oaxaca.gob.mx\/comunicacion\/celebra-oaxaca-cien-anos-de-alvaro-carrillo\/amh-09-13\/'><img loading=\"lazy\" decoding=\"async\" width=\"150\" height=\"150\" src=\"https:\/\/www.oaxaca.gob.mx\/comunicacion\/wp-content\/uploads\/sites\/28\/2019\/12\/AMH-09-150x150.jpg\" class=\"attachment-thumbnail size-thumbnail\" alt=\"\" \/><\/a>\n\t\t\t<\/dt><\/dl><dl class='gallery-item'>\n\t\t\t<dt class='gallery-icon landscape'>\n\t\t\t\t<a href='https:\/\/www.oaxaca.gob.mx\/comunicacion\/celebra-oaxaca-cien-anos-de-alvaro-carrillo\/amh-10-12\/'><img loading=\"lazy\" decoding=\"async\" width=\"150\" height=\"150\" src=\"https:\/\/www.oaxaca.gob.mx\/comunicacion\/wp-content\/uploads\/sites\/28\/2019\/12\/AMH-10-150x150.jpg\" class=\"attachment-thumbnail size-thumbnail\" alt=\"\" \/><\/a>\n\t\t\t<\/dt><\/dl><dl class='gallery-item'>\n\t\t\t<dt class='gallery-icon landscape'>\n\t\t\t\t<a href='https:\/\/www.oaxaca.gob.mx\/comunicacion\/celebra-oaxaca-cien-anos-de-alvaro-carrillo\/amh-11-11\/'><img loading=\"lazy\" decoding=\"async\" width=\"150\" height=\"150\" src=\"https:\/\/www.oaxaca.gob.mx\/comunicacion\/wp-content\/uploads\/sites\/28\/2019\/12\/AMH-11-150x150.jpg\" class=\"attachment-thumbnail size-thumbnail\" alt=\"\" \/><\/a>\n\t\t\t<\/dt><\/dl><dl class='gallery-item'>\n\t\t\t<dt class='gallery-icon landscape'>\n\t\t\t\t<a href='https:\/\/www.oaxaca.gob.mx\/comunicacion\/celebra-oaxaca-cien-anos-de-alvaro-carrillo\/amh-12-8\/'><img loading=\"lazy\" decoding=\"async\" width=\"150\" height=\"150\" src=\"https:\/\/www.oaxaca.gob.mx\/comunicacion\/wp-content\/uploads\/sites\/28\/2019\/12\/AMH-12-150x150.jpg\" class=\"attachment-thumbnail size-thumbnail\" alt=\"\" \/><\/a>\n\t\t\t<\/dt><\/dl><br style=\"clear: both\" \/>\n\t\t<\/div>\n\n<p>&nbsp;<\/p>\n<ul>\n<li>En homenaje al compositor y m\u00fasico oaxaque\u00f1o, se realiz\u00f3 un concierto en el que se interpretaron sus m\u00e1s emblem\u00e1ticos temas y en el cual estuvo presente el gobernador Alejandro Murat<\/li>\n<\/ul>\n<p><strong>Oaxaca de Ju\u00e1rez, Oax. 2 de diciembre de 2019.<\/strong>\u00a0El Auditorio Guelaguetza fue el escenario especial para honrar el legado musical del compositor oaxaque\u00f1o \u00c1lvaro Carrillo Alarc\u00f3n, a 100 a\u00f1os de conmemorar su\u00a0 nacimiento, por lo que cientos de oaxaque\u00f1as y oaxaque\u00f1os unieron sus voces para cantar las\u00a0 memorables canciones de este m\u00fasico originario de San Juan Cacahuatepec.<\/p>\n<p>Durante esta velada a la que asisti\u00f3 el gobernador Alejandro Murat Hinojosa y su esposa, Ivette Mor\u00e1n de Murat, cantantes como Lila Downs, Eugenia Le\u00f3n, Tr\u00edo Los Panchos, Luis Adri\u00e1n Cruz Ramos \u201cEl tenor de Antequera\u201d, Mario Carrillo, \u00c1lvaro Carrillo Jr. y Jean Venegas; ofrecieron un homenaje musical para celebrar la trayectoria del talentoso oaxaque\u00f1o y su aportaci\u00f3n a la m\u00fasica mexicana.<\/p>\n<p>Durante este concierto organizado por el Gobierno del Estado a trav\u00e9s de la Secretar\u00eda de las Culturas y Artes de Oaxaca (Seculta), los m\u00e1s emblem\u00e1ticos temas de \u00c1lvaro Carrillo como Sabor a m\u00ed, El Andariego y Luz de Luna, fueron interpretados por las y los artistas, adem\u00e1s de otras canciones que \u00e9l mismo compuso y que esta noche de bohemia y romanticismo fueron interpretadas para recordar y reconocer su talento.<\/p>\n<p>Cabe se\u00f1alar que como parte del reconocimiento al legado musical de \u00c1lvaro Carrillo, la Loter\u00eda Nacional se sum\u00f3 al plasmar el rostro del compositor oaxaque\u00f1o en los billetes que participar\u00e1n en el premio mayor de este martes 3 de diciembre.<\/p>\n<p>&nbsp;<\/p>\n<p>&nbsp;<\/p>\n","protected":false},"excerpt":{"rendered":"<p>&nbsp; En homenaje al compositor y m\u00fasico oaxaque\u00f1o, se realiz\u00f3 un concierto en el que se interpretaron sus m\u00e1s emblem\u00e1ticos temas y en el cual estuvo presente el gobernador Alejandro Murat Oaxaca de Ju\u00e1rez, Oax. 2 de diciembre de 2019.\u00a0El Auditorio Guelaguetza fue el escenario especial para honrar el legado musical del compositor oaxaque\u00f1o \u00c1lvaro [&hellip;]<\/p>\n","protected":false},"author":34,"featured_media":46830,"comment_status":"open","ping_status":"open","sticky":false,"template":"","format":"standard","meta":{"episode_type":"","audio_file":"","podmotor_file_id":"","podmotor_episode_id":"","cover_image":"","cover_image_id":"","duration":"","filesize":"","filesize_raw":"","date_recorded":"","explicit":"","block":"","itunes_episode_number":"","itunes_title":"","itunes_season_number":"","itunes_episode_type":"","footnotes":""},"categories":[7,8],"tags":[29,371],"class_list":["post-46701","post","type-post","status-publish","format-standard","has-post-thumbnail","hentry","category-slide","category-noticias","tag-amh","tag-seculta"],"acf":[],"publishpress_future_action":{"enabled":false,"date":"2026-05-06 09:53:10","action":"change-status","newStatus":"draft","terms":[],"taxonomy":"category","extraData":[]},"publishpress_future_workflow_manual_trigger":{"enabledWorkflows":[]},"_links":{"self":[{"href":"https:\/\/www.oaxaca.gob.mx\/comunicacion\/wp-json\/wp\/v2\/posts\/46701","targetHints":{"allow":["GET"]}}],"collection":[{"href":"https:\/\/www.oaxaca.gob.mx\/comunicacion\/wp-json\/wp\/v2\/posts"}],"about":[{"href":"https:\/\/www.oaxaca.gob.mx\/comunicacion\/wp-json\/wp\/v2\/types\/post"}],"author":[{"embeddable":true,"href":"https:\/\/www.oaxaca.gob.mx\/comunicacion\/wp-json\/wp\/v2\/users\/34"}],"replies":[{"embeddable":true,"href":"https:\/\/www.oaxaca.gob.mx\/comunicacion\/wp-json\/wp\/v2\/comments?post=46701"}],"version-history":[{"count":1,"href":"https:\/\/www.oaxaca.gob.mx\/comunicacion\/wp-json\/wp\/v2\/posts\/46701\/revisions"}],"predecessor-version":[{"id":46716,"href":"https:\/\/www.oaxaca.gob.mx\/comunicacion\/wp-json\/wp\/v2\/posts\/46701\/revisions\/46716"}],"wp:featuredmedia":[{"embeddable":true,"href":"https:\/\/www.oaxaca.gob.mx\/comunicacion\/wp-json\/wp\/v2\/media\/46830"}],"wp:attachment":[{"href":"https:\/\/www.oaxaca.gob.mx\/comunicacion\/wp-json\/wp\/v2\/media?parent=46701"}],"wp:term":[{"taxonomy":"category","embeddable":true,"href":"https:\/\/www.oaxaca.gob.mx\/comunicacion\/wp-json\/wp\/v2\/categories?post=46701"},{"taxonomy":"post_tag","embeddable":true,"href":"https:\/\/www.oaxaca.gob.mx\/comunicacion\/wp-json\/wp\/v2\/tags?post=46701"}],"curies":[{"name":"wp","href":"https:\/\/api.w.org\/{rel}","templated":true}]}}