{"id":46568,"date":"2019-11-29T15:33:33","date_gmt":"2019-11-29T21:33:33","guid":{"rendered":"https:\/\/www.oaxaca.gob.mx\/comunicacion\/?p=46568"},"modified":"2019-11-29T19:04:23","modified_gmt":"2019-11-30T01:04:23","slug":"urge-redoblar-esfuerzos-ante-la-realidad-economica-global-vicente-mendoza","status":"publish","type":"post","link":"https:\/\/www.oaxaca.gob.mx\/comunicacion\/urge-redoblar-esfuerzos-ante-la-realidad-economica-global-vicente-mendoza\/","title":{"rendered":"Urge redoblar esfuerzos ante la realidad econ\u00f3mica global: Vicente Mendoza"},"content":{"rendered":"\n\t\t<style type=\"text\/css\">\n\t\t\t#gallery-1 {\n\t\t\t\tmargin: auto;\n\t\t\t}\n\t\t\t#gallery-1 .gallery-item {\n\t\t\t\tfloat: left;\n\t\t\t\tmargin-top: 10px;\n\t\t\t\ttext-align: center;\n\t\t\t\twidth: 50%;\n\t\t\t}\n\t\t\t#gallery-1 img {\n\t\t\t\tborder: 2px solid #cfcfcf;\n\t\t\t}\n\t\t\t#gallery-1 .gallery-caption {\n\t\t\t\tmargin-left: 0;\n\t\t\t}\n\t\t\t\/* see gallery_shortcode() in wp-includes\/media.php *\/\n\t\t<\/style>\n\t\t<div id='gallery-1' class='gallery galleryid-46568 gallery-columns-2 gallery-size-medium'><dl class='gallery-item'>\n\t\t\t<dt class='gallery-icon landscape'>\n\t\t\t\t<a href='https:\/\/www.oaxaca.gob.mx\/comunicacion\/urge-redoblar-esfuerzos-ante-la-realidad-economica-global-vicente-mendoza\/sefin-1-6\/'><img loading=\"lazy\" decoding=\"async\" width=\"300\" height=\"260\" src=\"https:\/\/www.oaxaca.gob.mx\/comunicacion\/wp-content\/uploads\/sites\/28\/2019\/11\/SEFIN-1-1-300x260.jpg\" class=\"attachment-medium size-medium\" alt=\"\" srcset=\"https:\/\/www.oaxaca.gob.mx\/comunicacion\/wp-content\/uploads\/sites\/28\/2019\/11\/SEFIN-1-1-300x260.jpg 300w, https:\/\/www.oaxaca.gob.mx\/comunicacion\/wp-content\/uploads\/sites\/28\/2019\/11\/SEFIN-1-1-768x666.jpg 768w, https:\/\/www.oaxaca.gob.mx\/comunicacion\/wp-content\/uploads\/sites\/28\/2019\/11\/SEFIN-1-1.jpg 900w\" sizes=\"auto, (max-width: 300px) 100vw, 300px\" \/><\/a>\n\t\t\t<\/dt><\/dl><dl class='gallery-item'>\n\t\t\t<dt class='gallery-icon landscape'>\n\t\t\t\t<a href='https:\/\/www.oaxaca.gob.mx\/comunicacion\/urge-redoblar-esfuerzos-ante-la-realidad-economica-global-vicente-mendoza\/sefin-2-6\/'><img loading=\"lazy\" decoding=\"async\" width=\"300\" height=\"200\" src=\"https:\/\/www.oaxaca.gob.mx\/comunicacion\/wp-content\/uploads\/sites\/28\/2019\/11\/SEFIN-2-1-300x200.jpg\" class=\"attachment-medium size-medium\" alt=\"\" srcset=\"https:\/\/www.oaxaca.gob.mx\/comunicacion\/wp-content\/uploads\/sites\/28\/2019\/11\/SEFIN-2-1-300x200.jpg 300w, https:\/\/www.oaxaca.gob.mx\/comunicacion\/wp-content\/uploads\/sites\/28\/2019\/11\/SEFIN-2-1-768x512.jpg 768w, https:\/\/www.oaxaca.gob.mx\/comunicacion\/wp-content\/uploads\/sites\/28\/2019\/11\/SEFIN-2-1-1024x683.jpg 1024w\" sizes=\"auto, (max-width: 300px) 100vw, 300px\" \/><\/a>\n\t\t\t<\/dt><\/dl><br style=\"clear: both\" \/>\n\t\t<\/div>\n\n<ul>\n<li>Funcionarios fiscales del pa\u00eds, cuya Comisi\u00f3n Permanente coordina el Secretario de Finanzas de Oaxaca, manifiestan al titular de SHyCP, Arturo Herrera, su preocupaci\u00f3n porque la realidad pueda superar a la intenci\u00f3n<\/li>\n<li>Exhortan a prepararse para no perder la capacidad de responder a la ciudadan\u00eda en sus prioridades b\u00e1sicas: salud, educaci\u00f3n, vivienda, infraestructura, servicios p\u00fablicos<\/li>\n<\/ul>\n<p><strong>Bah\u00edas de Huatulco, Oax. 29 de noviembre 2019. \u201c<\/strong>M\u00e9xico debe apostarle a su productividad, al crecimiento de la inversi\u00f3n p\u00fablica y privada, a la formaci\u00f3n de un mejor capital humano y a una atm\u00f3sfera propicia para el desarrollo del pa\u00eds\u201d, se\u00f1al\u00f3 aqu\u00ed el coordinador nacional de la Comisi\u00f3n Permanente de Funcionarios Fiscales y secretario de Finanzas de Oaxaca (Sefin), Vicente Mendoza T\u00e9llez Gir\u00f3n, al secretario de Hacienda y Cr\u00e9dito P\u00fablico, Arturo Herrera Guti\u00e9rrez, en nombre de los secretarios de Finanzas de las 32 entidades de la Rep\u00fablica.<\/p>\n<p>El titular de la Sefin reconoci\u00f3 al gobernador Alejandro Murat Hinojosa y al secretario Herrera Guti\u00e9rrez el apoyo recibido para la realizaci\u00f3n de la 48 Reuni\u00f3n Nacional de Funcionarios Fiscales y reiter\u00f3 la voluntad de \u201ctodos los que formamos parte de esta Comisi\u00f3n Permanente para llevar a cabo los ajustes estructurales, reformas, iniciativas, medidas de coyuntura y programas necesarios para lograr dicho prop\u00f3sito\u201d.<\/p>\n<p>Reunidos en el Centro de Convenciones de un centro social de este destino tur\u00edstico, ante el titular de la Unidad de Coordinaci\u00f3n con Entidades Federativas y representante de la SHyCP ante la Junta de Coordinaci\u00f3n Fiscal, Fernando Arechederra Mustre, entre otros funcionarios estatales y federales, Vicente Mendoza dijo que celebran que la Secretar\u00eda de Hacienda est\u00e9 formulando iniciativas para atraer nuevos ingresos, v\u00eda recaudaci\u00f3n sin afectar el bolsillo de quienes menos tienen, pero la situaci\u00f3n de las finanzas p\u00fablicas nos obliga a repensar de forma continua si esto ser\u00e1 suficiente.<\/p>\n<p>A nombre de sus compa\u00f1eras y compa\u00f1eros, el Coordinador Nacional de la Comisi\u00f3n Permanente de Funcionarios Fiscales manifest\u00f3 tambi\u00e9n su apoyo al titular de la SHyCP para la instrumentaci\u00f3n del paquete econ\u00f3mico aprobado recientemente por el Congreso de la Uni\u00f3n, pero aclar\u00f3 que \u201cven con preocupaci\u00f3n que la realidad pueda superar a la intenci\u00f3n\u201d.<\/p>\n<p>\u201cLa pregunta es si resulta suficiente lo hasta hoy realizado y si las entidades federativas podemos ayudar m\u00e1s a la Federaci\u00f3n\u201d, dijo Mendoza T\u00e9llez Gir\u00f3n e insisti\u00f3: \u201cSi el FEIEF se agota, c\u00f3mo debemos prepararnos para ese momento, sin perder la capacidad de responder a la ciudadan\u00eda en sus prioridades: salud, educaci\u00f3n, vivienda, infraestructura, servicios p\u00fablicos\u201d.<\/p>\n<p>\u201cYa sabemos que la desaceleraci\u00f3n econ\u00f3mica global nos alcanz\u00f3\u201d, dijo y refiri\u00f3 tres puntos que rondan la agenda p\u00fablica de la naci\u00f3n.<\/p>\n<p>Indic\u00f3 que les preocupa que los ingresos esperados en la Ley de Ingresos pudieran estar sobre-estimados, porque la tendencia de recaudaci\u00f3n de IVA e ISR en el presente ejercicio muestra una baja significativa en la recaudaci\u00f3n de ambos impuestos por diferentes motivos, en tanto que la desaceleraci\u00f3n econ\u00f3mica, que se ha acentuado en los \u00faltimos dos meses, refiere que el paquete presentado en septiembre pasado tiene un balance de riesgos a la baja en cuanto a ingresos del sistema ISR-IVA.<\/p>\n<p>Manifest\u00f3 que existe tambi\u00e9n un riesgo para las finanzas p\u00fablicas que a\u00fan dependen del desempe\u00f1o de Petr\u00f3leos Mexicanos (Pemex), y que el acuerdo comercial entre M\u00e9xico y Norteam\u00e9rica, el Tratado M\u00e9xico &#8211; Estados Unidos &#8211; Canad\u00e1 (TMEC), pudiera complicarse por los problemas en el vecino pa\u00eds del norte.<\/p>\n<p>Estos elementos hacen pensar que es necesario redoblar esfuerzos, se\u00f1al\u00f3 el titular de la Sefin, quien reiter\u00f3 \u201ctodo el apoyo para construir las medidas necesarias, porque hoy M\u00e9xico lo que requiere es unidad y firmeza, y tambi\u00e9n una estrategia eficaz\u201d.<\/p>\n<p>\u201cComencemos por aceptar que la Federaci\u00f3n somos todos porque la responsabilidad es de todos\u201d, subray\u00f3 Vicente Mendoza e insisti\u00f3 ante el Secretario de Hacienda que \u201ccuente con nuestra voluntad para trabajar hacia delante en las soluciones que requerimos instrumentar como gobiernos subnacionales\u201d.<\/p>\n<p>Refiri\u00f3 que M\u00e9xico ha iniciado una nueva etapa, la de la cuarta transformaci\u00f3n, en la que todas y todos los mexicanos estamos esperanzados en que en los pr\u00f3ximos a\u00f1os M\u00e9xico construya la igualdad, la equidad y el bienestar que se le debe, una etapa en la que veamos a un M\u00e9xico m\u00e1s justo, mejor equilibrado y en el que las y los mexicanos tengan acceso a las oportunidades de desarrollo y crecimiento\u201d.<\/p>\n","protected":false},"excerpt":{"rendered":"<p>Funcionarios fiscales del pa\u00eds, cuya Comisi\u00f3n Permanente coordina el Secretario de Finanzas de Oaxaca, manifiestan al titular de SHyCP, Arturo Herrera, su preocupaci\u00f3n porque la realidad pueda superar a la intenci\u00f3n Exhortan a prepararse para no perder la capacidad de responder a la ciudadan\u00eda en sus prioridades b\u00e1sicas: salud, educaci\u00f3n, vivienda, infraestructura, servicios p\u00fablicos Bah\u00edas [&hellip;]<\/p>\n","protected":false},"author":38,"featured_media":46569,"comment_status":"open","ping_status":"open","sticky":false,"template":"","format":"standard","meta":{"episode_type":"","audio_file":"","podmotor_file_id":"","podmotor_episode_id":"","cover_image":"","cover_image_id":"","duration":"","filesize":"","filesize_raw":"","date_recorded":"","explicit":"","block":"","itunes_episode_number":"","itunes_title":"","itunes_season_number":"","itunes_episode_type":"","footnotes":""},"categories":[8],"tags":[377],"class_list":["post-46568","post","type-post","status-publish","format-standard","has-post-thumbnail","hentry","category-noticias","tag-sefin"],"acf":[],"publishpress_future_action":{"enabled":false,"date":"2026-05-08 11:29:58","action":"change-status","newStatus":"draft","terms":[],"taxonomy":"category","extraData":[]},"publishpress_future_workflow_manual_trigger":{"enabledWorkflows":[]},"_links":{"self":[{"href":"https:\/\/www.oaxaca.gob.mx\/comunicacion\/wp-json\/wp\/v2\/posts\/46568","targetHints":{"allow":["GET"]}}],"collection":[{"href":"https:\/\/www.oaxaca.gob.mx\/comunicacion\/wp-json\/wp\/v2\/posts"}],"about":[{"href":"https:\/\/www.oaxaca.gob.mx\/comunicacion\/wp-json\/wp\/v2\/types\/post"}],"author":[{"embeddable":true,"href":"https:\/\/www.oaxaca.gob.mx\/comunicacion\/wp-json\/wp\/v2\/users\/38"}],"replies":[{"embeddable":true,"href":"https:\/\/www.oaxaca.gob.mx\/comunicacion\/wp-json\/wp\/v2\/comments?post=46568"}],"version-history":[{"count":1,"href":"https:\/\/www.oaxaca.gob.mx\/comunicacion\/wp-json\/wp\/v2\/posts\/46568\/revisions"}],"predecessor-version":[{"id":46571,"href":"https:\/\/www.oaxaca.gob.mx\/comunicacion\/wp-json\/wp\/v2\/posts\/46568\/revisions\/46571"}],"wp:featuredmedia":[{"embeddable":true,"href":"https:\/\/www.oaxaca.gob.mx\/comunicacion\/wp-json\/wp\/v2\/media\/46569"}],"wp:attachment":[{"href":"https:\/\/www.oaxaca.gob.mx\/comunicacion\/wp-json\/wp\/v2\/media?parent=46568"}],"wp:term":[{"taxonomy":"category","embeddable":true,"href":"https:\/\/www.oaxaca.gob.mx\/comunicacion\/wp-json\/wp\/v2\/categories?post=46568"},{"taxonomy":"post_tag","embeddable":true,"href":"https:\/\/www.oaxaca.gob.mx\/comunicacion\/wp-json\/wp\/v2\/tags?post=46568"}],"curies":[{"name":"wp","href":"https:\/\/api.w.org\/{rel}","templated":true}]}}