{"id":46184,"date":"2019-11-22T16:12:38","date_gmt":"2019-11-22T22:12:38","guid":{"rendered":"https:\/\/www.oaxaca.gob.mx\/comunicacion\/?p=46184"},"modified":"2019-11-25T10:58:10","modified_gmt":"2019-11-25T16:58:10","slug":"gobiernos-de-oaxaca-y-federal-ponen-en-marcha-el-programa-sembrando-vida","status":"publish","type":"post","link":"https:\/\/www.oaxaca.gob.mx\/comunicacion\/gobiernos-de-oaxaca-y-federal-ponen-en-marcha-el-programa-sembrando-vida\/","title":{"rendered":"Gobiernos de Oaxaca y Federal ponen en marcha el  Programa Sembrando Vida"},"content":{"rendered":"\n\t\t<style type=\"text\/css\">\n\t\t\t#gallery-1 {\n\t\t\t\tmargin: auto;\n\t\t\t}\n\t\t\t#gallery-1 .gallery-item {\n\t\t\t\tfloat: left;\n\t\t\t\tmargin-top: 10px;\n\t\t\t\ttext-align: center;\n\t\t\t\twidth: 50%;\n\t\t\t}\n\t\t\t#gallery-1 img {\n\t\t\t\tborder: 2px solid #cfcfcf;\n\t\t\t}\n\t\t\t#gallery-1 .gallery-caption {\n\t\t\t\tmargin-left: 0;\n\t\t\t}\n\t\t\t\/* see gallery_shortcode() in wp-includes\/media.php *\/\n\t\t<\/style>\n\t\t<div id='gallery-1' class='gallery galleryid-46184 gallery-columns-2 gallery-size-medium'><dl class='gallery-item'>\n\t\t\t<dt class='gallery-icon landscape'>\n\t\t\t\t<a href='https:\/\/www.oaxaca.gob.mx\/comunicacion\/gobiernos-de-oaxaca-y-federal-ponen-en-marcha-el-programa-sembrando-vida\/amh-01-50\/'><img loading=\"lazy\" decoding=\"async\" width=\"300\" height=\"200\" src=\"https:\/\/www.oaxaca.gob.mx\/comunicacion\/wp-content\/uploads\/sites\/28\/2019\/11\/AMH-01-5-300x200.jpg\" class=\"attachment-medium size-medium\" alt=\"\" srcset=\"https:\/\/www.oaxaca.gob.mx\/comunicacion\/wp-content\/uploads\/sites\/28\/2019\/11\/AMH-01-5-300x200.jpg 300w, https:\/\/www.oaxaca.gob.mx\/comunicacion\/wp-content\/uploads\/sites\/28\/2019\/11\/AMH-01-5-768x512.jpg 768w, https:\/\/www.oaxaca.gob.mx\/comunicacion\/wp-content\/uploads\/sites\/28\/2019\/11\/AMH-01-5-1024x682.jpg 1024w, https:\/\/www.oaxaca.gob.mx\/comunicacion\/wp-content\/uploads\/sites\/28\/2019\/11\/AMH-01-5.jpg 1280w\" sizes=\"auto, (max-width: 300px) 100vw, 300px\" \/><\/a>\n\t\t\t<\/dt><\/dl><dl class='gallery-item'>\n\t\t\t<dt class='gallery-icon landscape'>\n\t\t\t\t<a href='https:\/\/www.oaxaca.gob.mx\/comunicacion\/gobiernos-de-oaxaca-y-federal-ponen-en-marcha-el-programa-sembrando-vida\/amh-03-49\/'><img loading=\"lazy\" decoding=\"async\" width=\"300\" height=\"200\" src=\"https:\/\/www.oaxaca.gob.mx\/comunicacion\/wp-content\/uploads\/sites\/28\/2019\/11\/AMH-03-2-300x200.jpg\" class=\"attachment-medium size-medium\" alt=\"\" srcset=\"https:\/\/www.oaxaca.gob.mx\/comunicacion\/wp-content\/uploads\/sites\/28\/2019\/11\/AMH-03-2-300x200.jpg 300w, https:\/\/www.oaxaca.gob.mx\/comunicacion\/wp-content\/uploads\/sites\/28\/2019\/11\/AMH-03-2-768x512.jpg 768w, https:\/\/www.oaxaca.gob.mx\/comunicacion\/wp-content\/uploads\/sites\/28\/2019\/11\/AMH-03-2-1024x682.jpg 1024w, https:\/\/www.oaxaca.gob.mx\/comunicacion\/wp-content\/uploads\/sites\/28\/2019\/11\/AMH-03-2.jpg 1280w\" sizes=\"auto, (max-width: 300px) 100vw, 300px\" \/><\/a>\n\t\t\t<\/dt><\/dl><br style=\"clear: both\" \/><dl class='gallery-item'>\n\t\t\t<dt class='gallery-icon landscape'>\n\t\t\t\t<a href='https:\/\/www.oaxaca.gob.mx\/comunicacion\/gobiernos-de-oaxaca-y-federal-ponen-en-marcha-el-programa-sembrando-vida\/amh-04-47\/'><img loading=\"lazy\" decoding=\"async\" width=\"300\" height=\"200\" src=\"https:\/\/www.oaxaca.gob.mx\/comunicacion\/wp-content\/uploads\/sites\/28\/2019\/11\/AMH-04-5-300x200.jpg\" class=\"attachment-medium size-medium\" alt=\"\" srcset=\"https:\/\/www.oaxaca.gob.mx\/comunicacion\/wp-content\/uploads\/sites\/28\/2019\/11\/AMH-04-5-300x200.jpg 300w, https:\/\/www.oaxaca.gob.mx\/comunicacion\/wp-content\/uploads\/sites\/28\/2019\/11\/AMH-04-5-768x512.jpg 768w, https:\/\/www.oaxaca.gob.mx\/comunicacion\/wp-content\/uploads\/sites\/28\/2019\/11\/AMH-04-5-1024x682.jpg 1024w, https:\/\/www.oaxaca.gob.mx\/comunicacion\/wp-content\/uploads\/sites\/28\/2019\/11\/AMH-04-5.jpg 1280w\" sizes=\"auto, (max-width: 300px) 100vw, 300px\" \/><\/a>\n\t\t\t<\/dt><\/dl><dl class='gallery-item'>\n\t\t\t<dt class='gallery-icon landscape'>\n\t\t\t\t<a href='https:\/\/www.oaxaca.gob.mx\/comunicacion\/gobiernos-de-oaxaca-y-federal-ponen-en-marcha-el-programa-sembrando-vida\/amh-05-36\/'><img loading=\"lazy\" decoding=\"async\" width=\"300\" height=\"200\" src=\"https:\/\/www.oaxaca.gob.mx\/comunicacion\/wp-content\/uploads\/sites\/28\/2019\/11\/AMH-05-5-300x200.jpg\" class=\"attachment-medium size-medium\" alt=\"\" srcset=\"https:\/\/www.oaxaca.gob.mx\/comunicacion\/wp-content\/uploads\/sites\/28\/2019\/11\/AMH-05-5-300x200.jpg 300w, https:\/\/www.oaxaca.gob.mx\/comunicacion\/wp-content\/uploads\/sites\/28\/2019\/11\/AMH-05-5-768x512.jpg 768w, https:\/\/www.oaxaca.gob.mx\/comunicacion\/wp-content\/uploads\/sites\/28\/2019\/11\/AMH-05-5-1024x682.jpg 1024w, https:\/\/www.oaxaca.gob.mx\/comunicacion\/wp-content\/uploads\/sites\/28\/2019\/11\/AMH-05-5.jpg 1280w\" sizes=\"auto, (max-width: 300px) 100vw, 300px\" \/><\/a>\n\t\t\t<\/dt><\/dl><br style=\"clear: both\" \/>\n\t\t<\/div>\n\n<ul>\n<li>Inicialmente se destinar\u00e1n mil 800 millones de pesos para incorporar 75 mil hect\u00e1reas de la entidad a este programa y beneficiar a 30 mil familias oaxaque\u00f1as<\/li>\n<\/ul>\n<p><strong>Oaxaca de Ju\u00e1rez, Oax. 22 de noviembre de 2019.<\/strong>\u00a0El gobernador Alejandro Murat Hinojosa, celebr\u00f3 junto a la secretaria de Bienestar, Mar\u00eda Luisa Albores Gonz\u00e1lez, la puesta en marcha en Oaxaca del Programa Sembrando Vida, que impulsa el Gobierno Federal para garantizar la suficiencia alimentaria del pa\u00eds mediante la plantaci\u00f3n de \u00e1rboles frutales y maderables.<\/p>\n<p>Mediante este programa integral encaminado a reactivar el campo, incrementar y consolidar su productividad, se destinar\u00e1n inicialmente mil 800 millones de pesos para incorporar 75 mil hect\u00e1reas de la entidad y beneficiar a 30 mil familias oaxaque\u00f1as.<\/p>\n<p>\u00abEstoy convencido de que este programa permitir\u00e1 seguir transformando el campo oaxaque\u00f1o, toda vez que el 50% de la econom\u00eda de Oaxaca es agr\u00edcola y el 90% de la tierra es social. Esta inversi\u00f3n de recursos beneficiar\u00e1 de manera oportuna a nuestro estado\u201d, afirm\u00f3.<\/p>\n<p>De esta manera, Murat Hinojosa reiter\u00f3 el compromiso de su gobierno para seguir sumando esfuerzos y voluntades a fin de consolidar la producci\u00f3n del campo oaxaque\u00f1o, beneficiar a los productores y contribuir a mejorar sus condiciones de vida, as\u00ed como para impulsar el desarrollo de los sectores agr\u00edcola y forestal de la entidad. \u201cBienvenido sea este programa a Oaxaca\u201d, expres\u00f3.<\/p>\n<p>En su oportunidad, la secretaria de Bienestar, Mar\u00eda Luisa Albores Gonz\u00e1lez, se\u00f1al\u00f3 que Sembrando Vida es el programa m\u00e1s grande de reforestaci\u00f3n que busca impulsar los sistemas agroforestales y regenerar el tejido social en las comunidades, as\u00ed como la tierra y las fuentes de ingreso.<\/p>\n<p>Se\u00f1al\u00f3 que actualmente ha incorporado cerca de 230 mil campesinas y campesinos en los estados de Campeche, Chiapas, Durango, Puebla, Quintana Roo, Tabasco, Veracruz y Yucat\u00e1n, y para el 2020 se beneficiar\u00e1 a 180 mil familias m\u00e1s de los estados de Chihuahua, Colima, Guerrero, Hidalgo, Michoac\u00e1n, Nayarit, San Luis Potos\u00ed, Tamaulipas, Sinaloa y Oaxaca.<\/p>\n<p>Detall\u00f3 que los beneficiarios recibir\u00e1n un apoyo mensual de cinco mil pesos, cuatro mil 500 en efectivo y 500 pesos mediante una caja de ahorro.<\/p>\n<p>\u201cLo que cada sembrador y sembradora har\u00e1 en sus 2.5 hect\u00e1reas es un regalo que M\u00e9xico le dar\u00e1 al mundo. No solo es reforestar y producir, sino detener la degradaci\u00f3n ambiental y social\u201d, dijo.<\/p>\n<p>En su oportunidad, el subsecretario\u00a0 de Planeaci\u00f3n, Evaluaci\u00f3n y Desarrollo Regional de la Secretar\u00eda de Bienestar, Javier May Rodr\u00edguez, destac\u00f3 que a trav\u00e9s de este programa se busca disminuir los \u00edndices de pobreza, alta y muy alta marginaci\u00f3n.<\/p>\n<p>Explic\u00f3 que mediante el Fondo de Ahorro que incluye este programa, actualmente se tienen 900 millones de pesos y para el 2020 se busca cerrar con tres mil millones de pesos, que servir\u00e1n para darle valor agregado a la producci\u00f3n, de modo que el productor o productora pueda contar con un seguro de vida y asegurar su unidad de producci\u00f3n contra desastres naturales.<\/p>\n<p>Finalmente, dijo que para el pr\u00f3ximo a\u00f1o se\u00a0 ejercer\u00e1n 28 mil millones de pesos para incorporar un mill\u00f3n 25 mil hect\u00e1reas m\u00e1s y beneficiar a 410 mil familias.<\/p>\n<p>&nbsp;<\/p>\n","protected":false},"excerpt":{"rendered":"<p>Inicialmente se destinar\u00e1n mil 800 millones de pesos para incorporar 75 mil hect\u00e1reas de la entidad a este programa y beneficiar a 30 mil familias oaxaque\u00f1as Oaxaca de Ju\u00e1rez, Oax. 22 de noviembre de 2019.\u00a0El gobernador Alejandro Murat Hinojosa, celebr\u00f3 junto a la secretaria de Bienestar, Mar\u00eda Luisa Albores Gonz\u00e1lez, la puesta en marcha en [&hellip;]<\/p>\n","protected":false},"author":38,"featured_media":46202,"comment_status":"open","ping_status":"open","sticky":false,"template":"","format":"standard","meta":{"episode_type":"","audio_file":"","podmotor_file_id":"","podmotor_episode_id":"","cover_image":"","cover_image_id":"","duration":"","filesize":"","filesize_raw":"","date_recorded":"","explicit":"","block":"","itunes_episode_number":"","itunes_title":"","itunes_season_number":"","itunes_episode_type":"","footnotes":""},"categories":[7,8],"tags":[29],"class_list":["post-46184","post","type-post","status-publish","format-standard","has-post-thumbnail","hentry","category-slide","category-noticias","tag-amh"],"acf":[],"publishpress_future_action":{"enabled":false,"date":"2026-05-10 02:49:51","action":"change-status","newStatus":"draft","terms":[],"taxonomy":"category","extraData":[]},"publishpress_future_workflow_manual_trigger":{"enabledWorkflows":[]},"_links":{"self":[{"href":"https:\/\/www.oaxaca.gob.mx\/comunicacion\/wp-json\/wp\/v2\/posts\/46184","targetHints":{"allow":["GET"]}}],"collection":[{"href":"https:\/\/www.oaxaca.gob.mx\/comunicacion\/wp-json\/wp\/v2\/posts"}],"about":[{"href":"https:\/\/www.oaxaca.gob.mx\/comunicacion\/wp-json\/wp\/v2\/types\/post"}],"author":[{"embeddable":true,"href":"https:\/\/www.oaxaca.gob.mx\/comunicacion\/wp-json\/wp\/v2\/users\/38"}],"replies":[{"embeddable":true,"href":"https:\/\/www.oaxaca.gob.mx\/comunicacion\/wp-json\/wp\/v2\/comments?post=46184"}],"version-history":[{"count":1,"href":"https:\/\/www.oaxaca.gob.mx\/comunicacion\/wp-json\/wp\/v2\/posts\/46184\/revisions"}],"predecessor-version":[{"id":46190,"href":"https:\/\/www.oaxaca.gob.mx\/comunicacion\/wp-json\/wp\/v2\/posts\/46184\/revisions\/46190"}],"wp:featuredmedia":[{"embeddable":true,"href":"https:\/\/www.oaxaca.gob.mx\/comunicacion\/wp-json\/wp\/v2\/media\/46202"}],"wp:attachment":[{"href":"https:\/\/www.oaxaca.gob.mx\/comunicacion\/wp-json\/wp\/v2\/media?parent=46184"}],"wp:term":[{"taxonomy":"category","embeddable":true,"href":"https:\/\/www.oaxaca.gob.mx\/comunicacion\/wp-json\/wp\/v2\/categories?post=46184"},{"taxonomy":"post_tag","embeddable":true,"href":"https:\/\/www.oaxaca.gob.mx\/comunicacion\/wp-json\/wp\/v2\/tags?post=46184"}],"curies":[{"name":"wp","href":"https:\/\/api.w.org\/{rel}","templated":true}]}}