{"id":45705,"date":"2019-11-11T18:06:44","date_gmt":"2019-11-12T00:06:44","guid":{"rendered":"https:\/\/www.oaxaca.gob.mx\/comunicacion\/?p=45705"},"modified":"2019-11-13T16:31:07","modified_gmt":"2019-11-13T22:31:07","slug":"participan-musicos-en-la-master-class-de-alejandro-diaz-avendano","status":"publish","type":"post","link":"https:\/\/www.oaxaca.gob.mx\/comunicacion\/participan-musicos-en-la-master-class-de-alejandro-diaz-avendano\/","title":{"rendered":"Participan m\u00fasicos en la Master Class de Alejandro D\u00edaz Avenda\u00f1o"},"content":{"rendered":"\n\t\t<style type=\"text\/css\">\n\t\t\t#gallery-1 {\n\t\t\t\tmargin: auto;\n\t\t\t}\n\t\t\t#gallery-1 .gallery-item {\n\t\t\t\tfloat: left;\n\t\t\t\tmargin-top: 10px;\n\t\t\t\ttext-align: center;\n\t\t\t\twidth: 33%;\n\t\t\t}\n\t\t\t#gallery-1 img {\n\t\t\t\tborder: 2px solid #cfcfcf;\n\t\t\t}\n\t\t\t#gallery-1 .gallery-caption {\n\t\t\t\tmargin-left: 0;\n\t\t\t}\n\t\t\t\/* see gallery_shortcode() in wp-includes\/media.php *\/\n\t\t<\/style>\n\t\t<div id='gallery-1' class='gallery galleryid-45705 gallery-columns-3 gallery-size-medium'><dl class='gallery-item'>\n\t\t\t<dt class='gallery-icon landscape'>\n\t\t\t\t<a href='https:\/\/www.oaxaca.gob.mx\/comunicacion\/participan-musicos-en-la-master-class-de-alejandro-diaz-avendano\/master-class-2\/'><img loading=\"lazy\" decoding=\"async\" width=\"300\" height=\"200\" src=\"https:\/\/www.oaxaca.gob.mx\/comunicacion\/wp-content\/uploads\/sites\/28\/2019\/11\/Master-Class-2-300x200.jpeg\" class=\"attachment-medium size-medium\" alt=\"\" srcset=\"https:\/\/www.oaxaca.gob.mx\/comunicacion\/wp-content\/uploads\/sites\/28\/2019\/11\/Master-Class-2-300x200.jpeg 300w, https:\/\/www.oaxaca.gob.mx\/comunicacion\/wp-content\/uploads\/sites\/28\/2019\/11\/Master-Class-2-768x512.jpeg 768w, https:\/\/www.oaxaca.gob.mx\/comunicacion\/wp-content\/uploads\/sites\/28\/2019\/11\/Master-Class-2-1024x682.jpeg 1024w, https:\/\/www.oaxaca.gob.mx\/comunicacion\/wp-content\/uploads\/sites\/28\/2019\/11\/Master-Class-2.jpeg 1280w\" sizes=\"auto, (max-width: 300px) 100vw, 300px\" \/><\/a>\n\t\t\t<\/dt><\/dl><dl class='gallery-item'>\n\t\t\t<dt class='gallery-icon landscape'>\n\t\t\t\t<a href='https:\/\/www.oaxaca.gob.mx\/comunicacion\/participan-musicos-en-la-master-class-de-alejandro-diaz-avendano\/master-class-3\/'><img loading=\"lazy\" decoding=\"async\" width=\"300\" height=\"200\" src=\"https:\/\/www.oaxaca.gob.mx\/comunicacion\/wp-content\/uploads\/sites\/28\/2019\/11\/Master-Class-3-300x200.jpeg\" class=\"attachment-medium size-medium\" alt=\"\" srcset=\"https:\/\/www.oaxaca.gob.mx\/comunicacion\/wp-content\/uploads\/sites\/28\/2019\/11\/Master-Class-3-300x200.jpeg 300w, https:\/\/www.oaxaca.gob.mx\/comunicacion\/wp-content\/uploads\/sites\/28\/2019\/11\/Master-Class-3-768x512.jpeg 768w, https:\/\/www.oaxaca.gob.mx\/comunicacion\/wp-content\/uploads\/sites\/28\/2019\/11\/Master-Class-3-1024x682.jpeg 1024w, https:\/\/www.oaxaca.gob.mx\/comunicacion\/wp-content\/uploads\/sites\/28\/2019\/11\/Master-Class-3.jpeg 1280w\" sizes=\"auto, (max-width: 300px) 100vw, 300px\" \/><\/a>\n\t\t\t<\/dt><\/dl><dl class='gallery-item'>\n\t\t\t<dt class='gallery-icon landscape'>\n\t\t\t\t<a href='https:\/\/www.oaxaca.gob.mx\/comunicacion\/participan-musicos-en-la-master-class-de-alejandro-diaz-avendano\/master-class-5\/'><img loading=\"lazy\" decoding=\"async\" width=\"300\" height=\"200\" src=\"https:\/\/www.oaxaca.gob.mx\/comunicacion\/wp-content\/uploads\/sites\/28\/2019\/11\/Master-Class-5-300x200.jpeg\" class=\"attachment-medium size-medium\" alt=\"\" srcset=\"https:\/\/www.oaxaca.gob.mx\/comunicacion\/wp-content\/uploads\/sites\/28\/2019\/11\/Master-Class-5-300x200.jpeg 300w, https:\/\/www.oaxaca.gob.mx\/comunicacion\/wp-content\/uploads\/sites\/28\/2019\/11\/Master-Class-5-768x512.jpeg 768w, https:\/\/www.oaxaca.gob.mx\/comunicacion\/wp-content\/uploads\/sites\/28\/2019\/11\/Master-Class-5-1024x682.jpeg 1024w, https:\/\/www.oaxaca.gob.mx\/comunicacion\/wp-content\/uploads\/sites\/28\/2019\/11\/Master-Class-5.jpeg 1280w\" sizes=\"auto, (max-width: 300px) 100vw, 300px\" \/><\/a>\n\t\t\t<\/dt><\/dl><br style=\"clear: both\" \/>\n\t\t<\/div>\n\n<p><strong>Oaxaca de Ju\u00e1rez, Oax. 11 de noviembre de 2019.-<\/strong>\u00a0La Secretar\u00eda de las Culturas y Artes de Oaxaca (Seculta) inform\u00f3 que los d\u00edas 11, 12 y 13 de noviembre, el maestro oaxaque\u00f1o Alejandro D\u00edaz Avenda\u00f1o estar\u00e1 brindando un curso de perfeccionamiento (Master Class) dirigido a las y los integrantes ejecutantes de instrumentos de alientos metal de instituciones musicales de dicha secretar\u00eda.<\/p>\n<p>Los educandos reciben este curso para perfeccionar su t\u00e9cnica al ejecutar sus instrumentos de alientos de metal (boquilla circular), conociendo la importancia del calentamiento previo antes de tocar, el estudio de notas pedales y su conexi\u00f3n, as\u00ed como la uni\u00f3n con los registros grave, medio y agudo.<\/p>\n<p>As\u00ed tambi\u00e9n realizar\u00e1n ejercicios de rutina como la flexibilidad, el staccato, se estudiar\u00e1n las escalas mayores, menores y sus variantes, los acordes sobre las escalas y exploraci\u00f3n en la rutina en nuevas tonalidades. Tambi\u00e9n se trabajar\u00e1 en la afinaci\u00f3n con base a la calidad del sonido a trav\u00e9s del conocimiento arm\u00f3nico de las obras.<\/p>\n<p>El maestro Alejandro D\u00edaz Avenda\u00f1o, explic\u00f3 que bas\u00e1ndose en el temario, ver\u00e1n el ritmo en conjunto y la importancia del estudio individual con el metr\u00f3nomo. As\u00ed como la interpretaci\u00f3n, la versatilidad en los diferentes g\u00e9neros musicales, especialmente el cl\u00e1sico y el jazz.<\/p>\n<p>Para el \u00faltimo d\u00eda D\u00edaz Avenda\u00f1o inform\u00f3 que se llevar\u00e1 a cabo pr\u00e1cticas musicales con todo el alumnado abordando el temario a trav\u00e9s de tres piezas (\u201cTower music\u201d de Vaclav Nelhybel, \u201cFanfarria del hombre com\u00fan\u201d de Aaron Copland y \u201cThe Chicken\u201d de Jaco Pastorius) que incluyen diferencias de estilo y retos te\u00f3ricos, t\u00e9cnicos e interpretaci\u00f3n musical.<\/p>\n<p>Originario de San Miguel Ejutla, Oaxaca, Alejandro D\u00edaz Avenda\u00f1o inici\u00f3 sus estudios musicales con su padre a la edad de 10 a\u00f1os, participando en diferentes bandas de m\u00fasica regional, tres a\u00f1os despu\u00e9s obtiene el primer lugar en el concurso de bandas de m\u00fasica que organiz\u00f3 la misi\u00f3n cultural en su natal Ejutla.<\/p>\n<p>Perfeccion\u00f3 sus estudios de solfeo, armon\u00eda, arreglo e improvisaci\u00f3n en la academia de arte musical con el maestro Leonardo Federico Ram\u00edrez Ortiz y a su vez tom\u00f3 clases de tromb\u00f3n con el maestro Faustino D\u00edaz M\u00e9ndez (trombonista oaxaque\u00f1o a nivel internacional).<\/p>\n<p>Posteriormente, ingresa al conservatorio nacional de m\u00fasica en la Ciudad de M\u00e9xico, donde tom\u00f3 clases con el maestro Benjam\u00edn Alarc\u00f3n Baer. Ha sido Tromb\u00f3n principal en diversas orquestas sinf\u00f3nicas, de las cuales destacan la del Instituto Polit\u00e9cnico Nacional, la de Aguascalientes, New England Youth Ensemble, del Estado de M\u00e9xico, de Miner\u00eda y la filarm\u00f3nica de la Universidad Nacional Aut\u00f3noma de M\u00e9xico (UNAM).<\/p>\n<p>Fue director de la Orquesta Primavera de Oaxaca en el 2016, actualmente es el tromb\u00f3n principal de la Orquesta Filarm\u00f3nica de la Universidad Nacional Aut\u00f3noma de M\u00e9xico (OFUNAM) y como director y arreglista de la Orquesta y danzonera de Alejandro D\u00edaz.<\/p>\n","protected":false},"excerpt":{"rendered":"<p>Oaxaca de Ju\u00e1rez, Oax. 11 de noviembre de 2019.-\u00a0La Secretar\u00eda de las Culturas y Artes de Oaxaca (Seculta) inform\u00f3 que los d\u00edas 11, 12 y 13 de noviembre, el maestro oaxaque\u00f1o Alejandro D\u00edaz Avenda\u00f1o estar\u00e1 brindando un curso de perfeccionamiento (Master Class) dirigido a las y los integrantes ejecutantes de instrumentos de alientos metal de [&hellip;]<\/p>\n","protected":false},"author":38,"featured_media":45707,"comment_status":"open","ping_status":"open","sticky":false,"template":"","format":"standard","meta":{"episode_type":"","audio_file":"","podmotor_file_id":"","podmotor_episode_id":"","cover_image":"","cover_image_id":"","duration":"","filesize":"","filesize_raw":"","date_recorded":"","explicit":"","block":"","itunes_episode_number":"","itunes_title":"","itunes_season_number":"","itunes_episode_type":"","footnotes":""},"categories":[8],"tags":[371],"class_list":["post-45705","post","type-post","status-publish","format-standard","has-post-thumbnail","hentry","category-noticias","tag-seculta"],"acf":[],"publishpress_future_action":{"enabled":false,"date":"2026-05-03 11:49:24","action":"change-status","newStatus":"draft","terms":[],"taxonomy":"category","extraData":[]},"publishpress_future_workflow_manual_trigger":{"enabledWorkflows":[]},"_links":{"self":[{"href":"https:\/\/www.oaxaca.gob.mx\/comunicacion\/wp-json\/wp\/v2\/posts\/45705","targetHints":{"allow":["GET"]}}],"collection":[{"href":"https:\/\/www.oaxaca.gob.mx\/comunicacion\/wp-json\/wp\/v2\/posts"}],"about":[{"href":"https:\/\/www.oaxaca.gob.mx\/comunicacion\/wp-json\/wp\/v2\/types\/post"}],"author":[{"embeddable":true,"href":"https:\/\/www.oaxaca.gob.mx\/comunicacion\/wp-json\/wp\/v2\/users\/38"}],"replies":[{"embeddable":true,"href":"https:\/\/www.oaxaca.gob.mx\/comunicacion\/wp-json\/wp\/v2\/comments?post=45705"}],"version-history":[{"count":1,"href":"https:\/\/www.oaxaca.gob.mx\/comunicacion\/wp-json\/wp\/v2\/posts\/45705\/revisions"}],"predecessor-version":[{"id":45709,"href":"https:\/\/www.oaxaca.gob.mx\/comunicacion\/wp-json\/wp\/v2\/posts\/45705\/revisions\/45709"}],"wp:featuredmedia":[{"embeddable":true,"href":"https:\/\/www.oaxaca.gob.mx\/comunicacion\/wp-json\/wp\/v2\/media\/45707"}],"wp:attachment":[{"href":"https:\/\/www.oaxaca.gob.mx\/comunicacion\/wp-json\/wp\/v2\/media?parent=45705"}],"wp:term":[{"taxonomy":"category","embeddable":true,"href":"https:\/\/www.oaxaca.gob.mx\/comunicacion\/wp-json\/wp\/v2\/categories?post=45705"},{"taxonomy":"post_tag","embeddable":true,"href":"https:\/\/www.oaxaca.gob.mx\/comunicacion\/wp-json\/wp\/v2\/tags?post=45705"}],"curies":[{"name":"wp","href":"https:\/\/api.w.org\/{rel}","templated":true}]}}