{"id":45071,"date":"2019-10-29T19:55:42","date_gmt":"2019-10-30T01:55:42","guid":{"rendered":"https:\/\/www.oaxaca.gob.mx\/comunicacion\/?p=45071"},"modified":"2019-10-29T21:27:27","modified_gmt":"2019-10-30T03:27:27","slug":"promueve-sso-y-sepia-intercambio-de-saberes-de-la-medicina-tradicional","status":"publish","type":"post","link":"https:\/\/www.oaxaca.gob.mx\/comunicacion\/promueve-sso-y-sepia-intercambio-de-saberes-de-la-medicina-tradicional\/","title":{"rendered":"Promueve SSO y Sepia intercambio de saberes de la medicina tradicional"},"content":{"rendered":"\n\t\t<style type=\"text\/css\">\n\t\t\t#gallery-1 {\n\t\t\t\tmargin: auto;\n\t\t\t}\n\t\t\t#gallery-1 .gallery-item {\n\t\t\t\tfloat: left;\n\t\t\t\tmargin-top: 10px;\n\t\t\t\ttext-align: center;\n\t\t\t\twidth: 33%;\n\t\t\t}\n\t\t\t#gallery-1 img {\n\t\t\t\tborder: 2px solid #cfcfcf;\n\t\t\t}\n\t\t\t#gallery-1 .gallery-caption {\n\t\t\t\tmargin-left: 0;\n\t\t\t}\n\t\t\t\/* see gallery_shortcode() in wp-includes\/media.php *\/\n\t\t<\/style>\n\t\t<div id='gallery-1' class='gallery galleryid-45071 gallery-columns-3 gallery-size-medium'><dl class='gallery-item'>\n\t\t\t<dt class='gallery-icon landscape'>\n\t\t\t\t<a href='https:\/\/www.oaxaca.gob.mx\/comunicacion\/promueve-sso-y-sepia-intercambio-de-saberes-de-la-medicina-tradicional\/amh-01-43\/'><img loading=\"lazy\" decoding=\"async\" width=\"300\" height=\"200\" src=\"https:\/\/www.oaxaca.gob.mx\/comunicacion\/wp-content\/uploads\/sites\/28\/2019\/10\/AMH-01-8-300x200.jpg\" class=\"attachment-medium size-medium\" alt=\"\" srcset=\"https:\/\/www.oaxaca.gob.mx\/comunicacion\/wp-content\/uploads\/sites\/28\/2019\/10\/AMH-01-8-300x200.jpg 300w, https:\/\/www.oaxaca.gob.mx\/comunicacion\/wp-content\/uploads\/sites\/28\/2019\/10\/AMH-01-8-768x512.jpg 768w, https:\/\/www.oaxaca.gob.mx\/comunicacion\/wp-content\/uploads\/sites\/28\/2019\/10\/AMH-01-8-1024x682.jpg 1024w, https:\/\/www.oaxaca.gob.mx\/comunicacion\/wp-content\/uploads\/sites\/28\/2019\/10\/AMH-01-8.jpg 1280w\" sizes=\"auto, (max-width: 300px) 100vw, 300px\" \/><\/a>\n\t\t\t<\/dt><\/dl><dl class='gallery-item'>\n\t\t\t<dt class='gallery-icon landscape'>\n\t\t\t\t<a href='https:\/\/www.oaxaca.gob.mx\/comunicacion\/promueve-sso-y-sepia-intercambio-de-saberes-de-la-medicina-tradicional\/amh-02-46\/'><img loading=\"lazy\" decoding=\"async\" width=\"300\" height=\"200\" src=\"https:\/\/www.oaxaca.gob.mx\/comunicacion\/wp-content\/uploads\/sites\/28\/2019\/10\/AMH-02-10-300x200.jpg\" class=\"attachment-medium size-medium\" alt=\"\" srcset=\"https:\/\/www.oaxaca.gob.mx\/comunicacion\/wp-content\/uploads\/sites\/28\/2019\/10\/AMH-02-10-300x200.jpg 300w, https:\/\/www.oaxaca.gob.mx\/comunicacion\/wp-content\/uploads\/sites\/28\/2019\/10\/AMH-02-10-768x512.jpg 768w, https:\/\/www.oaxaca.gob.mx\/comunicacion\/wp-content\/uploads\/sites\/28\/2019\/10\/AMH-02-10-1024x682.jpg 1024w, https:\/\/www.oaxaca.gob.mx\/comunicacion\/wp-content\/uploads\/sites\/28\/2019\/10\/AMH-02-10.jpg 1280w\" sizes=\"auto, (max-width: 300px) 100vw, 300px\" \/><\/a>\n\t\t\t<\/dt><\/dl><dl class='gallery-item'>\n\t\t\t<dt class='gallery-icon landscape'>\n\t\t\t\t<a href='https:\/\/www.oaxaca.gob.mx\/comunicacion\/promueve-sso-y-sepia-intercambio-de-saberes-de-la-medicina-tradicional\/amh-03-45\/'><img loading=\"lazy\" decoding=\"async\" width=\"300\" height=\"200\" src=\"https:\/\/www.oaxaca.gob.mx\/comunicacion\/wp-content\/uploads\/sites\/28\/2019\/10\/AMH-03-9-300x200.jpg\" class=\"attachment-medium size-medium\" alt=\"\" srcset=\"https:\/\/www.oaxaca.gob.mx\/comunicacion\/wp-content\/uploads\/sites\/28\/2019\/10\/AMH-03-9-300x200.jpg 300w, https:\/\/www.oaxaca.gob.mx\/comunicacion\/wp-content\/uploads\/sites\/28\/2019\/10\/AMH-03-9-768x512.jpg 768w, https:\/\/www.oaxaca.gob.mx\/comunicacion\/wp-content\/uploads\/sites\/28\/2019\/10\/AMH-03-9-1024x682.jpg 1024w, https:\/\/www.oaxaca.gob.mx\/comunicacion\/wp-content\/uploads\/sites\/28\/2019\/10\/AMH-03-9.jpg 1280w\" sizes=\"auto, (max-width: 300px) 100vw, 300px\" \/><\/a>\n\t\t\t<\/dt><\/dl><br style=\"clear: both\" \/>\n\t\t<\/div>\n\n<ul>\n<li>El gobernador Alejandro Murat Hinojosa atestigu\u00f3 la firma de convenio que permitir\u00e1 incorporar los conocimientos de los pueblos originarios de la entidad en el cuidado y preservaci\u00f3n de la salud de las familias oaxaque\u00f1as<\/li>\n<\/ul>\n<p><strong>Oaxaca de Ju\u00e1rez, Oax. 29 de octubre de 2019.<\/strong>\u00a0En el marco del Congreso Estatal de Medicina Tradicional y Complementaria que se realiz\u00f3 en esta ciudad, el gobernador Alejandro Murat Hinojosa atestigu\u00f3 la firma del convenio de colaboraci\u00f3n que establecieron las Secretar\u00edas de\u00a0 Salud de Oaxaca (SSO) y de Pueblos Ind\u00edgenas y Afromexicano (Sepia) con el fin de promover el intercambio de estos saberes de los pueblos originarios e incorporarlos al Sistema de Salud de la entidad.<\/p>\n<p>Durante el encuentro, al que asisti\u00f3 la presidenta Honoraria del Sistema DIF Oaxaca, Ivette Mor\u00e1n de Murat, el Mandatario Estatal reiter\u00f3 el compromiso del Gobierno del Estado de continuar trabajando con los pueblos originarios de la entidad, as\u00ed como de respetar y valorar sus conocimientos, como la medicina tradicional, puesto que son una alternativa que contribuye a la salud de las familias oaxaque\u00f1as.<\/p>\n<p>Reiter\u00f3 que dentro de la administraci\u00f3n estatal, la salud de la poblaci\u00f3n es una prioridad, por lo que se impulsan acciones trasversales entre la SSO y Sepia para incorporar los conocimientos de los pueblos originarios de la entidad en el cuidado y preservaci\u00f3n del bienestar de las y los oaxaque\u00f1os.<\/p>\n<p>A trav\u00e9s de este convenio de colaboraci\u00f3n que firmaron los titulares de Sepia y SSO, Eufrosina Cruz Mendoza y Donato Casas Escamilla, respectivamente, se promueve el intercambio de conocimientos y la salud intercultural, y se establecen las bases para reconocer e incorporar la medicina tradicional al Sistema de Salud de Oaxaca.<\/p>\n<p>As\u00ed tambi\u00e9n, se impulsar\u00e1n acciones de interculturalidad, investigaci\u00f3n,\u00a0 capacitaci\u00f3n, desarrollo organizacional y la protecci\u00f3n de los derechos humanos e intelectuales.<\/p>\n<p>Durante la inauguraci\u00f3n del Congreso Estatal de Medicina Tradicional y Complementaria, al que asistieron practicantes de estos conocimientos, el secretario de Salud de Oaxaca, Donato Casas Escamilla, resalt\u00f3 que este encuentro constituye una oportunidad para salvaguardar los saberes ancestrales que integran la medicina tradicional y que contribuyen al bienestar de la poblaci\u00f3n oaxaque\u00f1a.<\/p>\n<p>Destac\u00f3 que es una oportunidad para privilegiar el di\u00e1logo y la interacci\u00f3n entre la mirada cient\u00edfica y la tradicional de la pr\u00e1ctica m\u00e9dica, como un reconocimiento a la diversidad cultural, en un marco de respeto a los derechos de los pueblos ind\u00edgenas y el pueblo afromexicano.<\/p>\n<p>En el congreso se present\u00f3 el libro \u201cPlantas medicinales de la Ca\u00f1ada Oaxaque\u00f1a\u201d, de Cesar S\u00e1nchez Hern\u00e1ndez, Roc\u00edo Rosas L\u00f3pez y Lucio Gonz\u00e1lez Montiel, profesores de la Universidad de la Ca\u00f1ada, en estrecha colaboraci\u00f3n con m\u00e9dicos tradicionales de esa regi\u00f3n, quienes integran el Consejo Estatal de Medicina Ind\u00edgena Tradicional de Oaxaca (CEMITO). Se obsequi\u00f3 un ejemplar a unidades m\u00e9dicas de la entidad.<\/p>\n<p>As\u00ed tambi\u00e9n se entregaron reconocimientos a Hermila Diego Gonz\u00e1lez, Gloria Lilia Vivar Rojas y Paulina L\u00f3pez Morales por su trayectoria como parteras y m\u00e9dicas tradicionales, as\u00ed como a Manuel Garc\u00eda Ram\u00edrez como m\u00e9dico tradicional, y a Ver\u00f3nica Guadalupe Ch\u00e1vez P\u00e9rez por su labor como terapeuta complementaria.<\/p>\n<p>Asisti\u00f3 el subdirector de Sistemas Complementarios de Atenci\u00f3n de la Secretar\u00eda de Salud del Gobierno Federal, Jos\u00e9 Alejandro Almaguer Gonz\u00e1lez, entre otros.<\/p>\n","protected":false},"excerpt":{"rendered":"<p>El gobernador Alejandro Murat Hinojosa atestigu\u00f3 la firma de convenio que permitir\u00e1 incorporar los conocimientos de los pueblos originarios de la entidad en el cuidado y preservaci\u00f3n de la salud de las familias oaxaque\u00f1as Oaxaca de Ju\u00e1rez, Oax. 29 de octubre de 2019.\u00a0En el marco del Congreso Estatal de Medicina Tradicional y Complementaria que se [&hellip;]<\/p>\n","protected":false},"author":38,"featured_media":45075,"comment_status":"open","ping_status":"open","sticky":false,"template":"","format":"standard","meta":{"episode_type":"","audio_file":"","podmotor_file_id":"","podmotor_episode_id":"","cover_image":"","cover_image_id":"","duration":"","filesize":"","filesize_raw":"","date_recorded":"","explicit":"","block":"","itunes_episode_number":"","itunes_title":"","itunes_season_number":"","itunes_episode_type":"","footnotes":""},"categories":[8],"tags":[29,479,419],"class_list":["post-45071","post","type-post","status-publish","format-standard","has-post-thumbnail","hentry","category-noticias","tag-amh","tag-sepia","tag-sso"],"acf":[],"publishpress_future_action":{"enabled":false,"date":"2026-05-05 11:39:59","action":"change-status","newStatus":"draft","terms":[],"taxonomy":"category","extraData":[]},"publishpress_future_workflow_manual_trigger":{"enabledWorkflows":[]},"_links":{"self":[{"href":"https:\/\/www.oaxaca.gob.mx\/comunicacion\/wp-json\/wp\/v2\/posts\/45071","targetHints":{"allow":["GET"]}}],"collection":[{"href":"https:\/\/www.oaxaca.gob.mx\/comunicacion\/wp-json\/wp\/v2\/posts"}],"about":[{"href":"https:\/\/www.oaxaca.gob.mx\/comunicacion\/wp-json\/wp\/v2\/types\/post"}],"author":[{"embeddable":true,"href":"https:\/\/www.oaxaca.gob.mx\/comunicacion\/wp-json\/wp\/v2\/users\/38"}],"replies":[{"embeddable":true,"href":"https:\/\/www.oaxaca.gob.mx\/comunicacion\/wp-json\/wp\/v2\/comments?post=45071"}],"version-history":[{"count":1,"href":"https:\/\/www.oaxaca.gob.mx\/comunicacion\/wp-json\/wp\/v2\/posts\/45071\/revisions"}],"predecessor-version":[{"id":45076,"href":"https:\/\/www.oaxaca.gob.mx\/comunicacion\/wp-json\/wp\/v2\/posts\/45071\/revisions\/45076"}],"wp:featuredmedia":[{"embeddable":true,"href":"https:\/\/www.oaxaca.gob.mx\/comunicacion\/wp-json\/wp\/v2\/media\/45075"}],"wp:attachment":[{"href":"https:\/\/www.oaxaca.gob.mx\/comunicacion\/wp-json\/wp\/v2\/media?parent=45071"}],"wp:term":[{"taxonomy":"category","embeddable":true,"href":"https:\/\/www.oaxaca.gob.mx\/comunicacion\/wp-json\/wp\/v2\/categories?post=45071"},{"taxonomy":"post_tag","embeddable":true,"href":"https:\/\/www.oaxaca.gob.mx\/comunicacion\/wp-json\/wp\/v2\/tags?post=45071"}],"curies":[{"name":"wp","href":"https:\/\/api.w.org\/{rel}","templated":true}]}}