{"id":44928,"date":"2019-10-28T12:16:51","date_gmt":"2019-10-28T18:16:51","guid":{"rendered":"https:\/\/www.oaxaca.gob.mx\/comunicacion\/?p=44928"},"modified":"2019-10-28T12:16:51","modified_gmt":"2019-10-28T18:16:51","slug":"en-el-dia-naranja-la-smo-lleva-servicios-y-microcreditos-a-la-costa","status":"publish","type":"post","link":"https:\/\/www.oaxaca.gob.mx\/comunicacion\/en-el-dia-naranja-la-smo-lleva-servicios-y-microcreditos-a-la-costa\/","title":{"rendered":"En el D\u00eda Naranja, la SMO lleva servicios y microcr\u00e9ditos a la Costa"},"content":{"rendered":"\n\t\t<style type=\"text\/css\">\n\t\t\t#gallery-1 {\n\t\t\t\tmargin: auto;\n\t\t\t}\n\t\t\t#gallery-1 .gallery-item {\n\t\t\t\tfloat: left;\n\t\t\t\tmargin-top: 10px;\n\t\t\t\ttext-align: center;\n\t\t\t\twidth: 33%;\n\t\t\t}\n\t\t\t#gallery-1 img {\n\t\t\t\tborder: 2px solid #cfcfcf;\n\t\t\t}\n\t\t\t#gallery-1 .gallery-caption {\n\t\t\t\tmargin-left: 0;\n\t\t\t}\n\t\t\t\/* see gallery_shortcode() in wp-includes\/media.php *\/\n\t\t<\/style>\n\t\t<div id='gallery-1' class='gallery galleryid-44928 gallery-columns-3 gallery-size-medium'><dl class='gallery-item'>\n\t\t\t<dt class='gallery-icon landscape'>\n\t\t\t\t<a href='https:\/\/www.oaxaca.gob.mx\/comunicacion\/en-el-dia-naranja-la-smo-lleva-servicios-y-microcreditos-a-la-costa\/smo-1-8\/'><img loading=\"lazy\" decoding=\"async\" width=\"300\" height=\"225\" src=\"https:\/\/www.oaxaca.gob.mx\/comunicacion\/wp-content\/uploads\/sites\/28\/2019\/10\/SMO-1-1-300x225.jpg\" class=\"attachment-medium size-medium\" alt=\"\" srcset=\"https:\/\/www.oaxaca.gob.mx\/comunicacion\/wp-content\/uploads\/sites\/28\/2019\/10\/SMO-1-1-300x225.jpg 300w, https:\/\/www.oaxaca.gob.mx\/comunicacion\/wp-content\/uploads\/sites\/28\/2019\/10\/SMO-1-1-768x576.jpg 768w, https:\/\/www.oaxaca.gob.mx\/comunicacion\/wp-content\/uploads\/sites\/28\/2019\/10\/SMO-1-1-1024x768.jpg 1024w, https:\/\/www.oaxaca.gob.mx\/comunicacion\/wp-content\/uploads\/sites\/28\/2019\/10\/SMO-1-1.jpg 1280w\" sizes=\"auto, (max-width: 300px) 100vw, 300px\" \/><\/a>\n\t\t\t<\/dt><\/dl><dl class='gallery-item'>\n\t\t\t<dt class='gallery-icon landscape'>\n\t\t\t\t<a href='https:\/\/www.oaxaca.gob.mx\/comunicacion\/en-el-dia-naranja-la-smo-lleva-servicios-y-microcreditos-a-la-costa\/smo-2-9\/'><img loading=\"lazy\" decoding=\"async\" width=\"300\" height=\"145\" src=\"https:\/\/www.oaxaca.gob.mx\/comunicacion\/wp-content\/uploads\/sites\/28\/2019\/10\/SMO-2-1-300x145.jpg\" class=\"attachment-medium size-medium\" alt=\"\" srcset=\"https:\/\/www.oaxaca.gob.mx\/comunicacion\/wp-content\/uploads\/sites\/28\/2019\/10\/SMO-2-1-300x145.jpg 300w, https:\/\/www.oaxaca.gob.mx\/comunicacion\/wp-content\/uploads\/sites\/28\/2019\/10\/SMO-2-1-768x371.jpg 768w, https:\/\/www.oaxaca.gob.mx\/comunicacion\/wp-content\/uploads\/sites\/28\/2019\/10\/SMO-2-1-1024x494.jpg 1024w, https:\/\/www.oaxaca.gob.mx\/comunicacion\/wp-content\/uploads\/sites\/28\/2019\/10\/SMO-2-1.jpg 1280w\" sizes=\"auto, (max-width: 300px) 100vw, 300px\" \/><\/a>\n\t\t\t<\/dt><\/dl><dl class='gallery-item'>\n\t\t\t<dt class='gallery-icon landscape'>\n\t\t\t\t<a href='https:\/\/www.oaxaca.gob.mx\/comunicacion\/en-el-dia-naranja-la-smo-lleva-servicios-y-microcreditos-a-la-costa\/smo-3-7\/'><img loading=\"lazy\" decoding=\"async\" width=\"300\" height=\"144\" src=\"https:\/\/www.oaxaca.gob.mx\/comunicacion\/wp-content\/uploads\/sites\/28\/2019\/10\/SMO-3-1-300x144.jpg\" class=\"attachment-medium size-medium\" alt=\"\" srcset=\"https:\/\/www.oaxaca.gob.mx\/comunicacion\/wp-content\/uploads\/sites\/28\/2019\/10\/SMO-3-1-300x144.jpg 300w, https:\/\/www.oaxaca.gob.mx\/comunicacion\/wp-content\/uploads\/sites\/28\/2019\/10\/SMO-3-1-768x368.jpg 768w, https:\/\/www.oaxaca.gob.mx\/comunicacion\/wp-content\/uploads\/sites\/28\/2019\/10\/SMO-3-1-1024x491.jpg 1024w, https:\/\/www.oaxaca.gob.mx\/comunicacion\/wp-content\/uploads\/sites\/28\/2019\/10\/SMO-3-1.jpg 1280w\" sizes=\"auto, (max-width: 300px) 100vw, 300px\" \/><\/a>\n\t\t\t<\/dt><\/dl><br style=\"clear: both\" \/>\n\t\t<\/div>\n\n<ul>\n<li>Tambi\u00e9n entreg\u00f3 reconocimientos a \u201cGrandes Mujeres\u201d y exhort\u00f3 a redoblar esfuerzos para eliminar la violencia de g\u00e9nero<\/li>\n<\/ul>\n<p><strong>Villa de Tututepec de Melchor Ocampo, Oax. 28 de octubre de 2019<\/strong>. En el marco del D\u00eda Naranja, personal de la Secretar\u00eda de las Mujeres de Oaxaca (SMO) realiz\u00f3 la Jornada Regional de Servicios para las Mujeres y entreg\u00f3 recursos del Programa de \u201cCr\u00e9dito a la Palabra de la Mujer\u201d; asimismo, dio a conocer a las galardonadas de la convocatoria \u201cGrandes mujeres, grandes historias\u201d de la regi\u00f3n Costa.<\/p>\n<p>Tras dar el saludo a nombre del gobernador Alejandro Murat Hinojosa, la titular de la SMO, Ana V\u00e1squez Colmenares Guzm\u00e1n se congratul\u00f3 por el Foro realizado por el Centro para el Desarrollo de las Mujeres de la SMO y la Junta Distrital del Instituto Nacional Electoral, con motivo del 66 aniversario del voto femenino, lucha que empez\u00f3 dijo, hace m\u00e1s de 300 a\u00f1os.<\/p>\n<p>Junto con la subsecretar\u00eda de\u00a0<u>P<\/u>romoci\u00f3n, Participaci\u00f3n y Equidad de G\u00e9nero de la SMO, Ang\u00e9lica Avil\u00e9s \u00c1lvarez, V\u00e1squez Colmenares dijo: \u201cdebemos entender que esta democracia en la cual ahora vivimos ha costado mucho trabajo y a\u00fan falta mucho por hacer, para alcanzar la igualdad de derechos entre mujeres y hombres\u201d.<\/p>\n<p>Mientras las Unidades M\u00f3viles de los Servicios de Salud de Oaxaca (SSO), Coesida y otras itinerantes brindaban atenci\u00f3n a la poblaci\u00f3n que acudi\u00f3, la funcionaria estatal entreg\u00f3 a mujeres emprendedoras de la regi\u00f3n, microcr\u00e9ditos por un monto total de 20 mil pesos, en compa\u00f1\u00eda del presidente municipal, Javier Ju\u00e1rez Hern\u00e1ndez; integrantes del cabildo y de la Instancia Municipal de las Mujeres.<\/p>\n<p>Asimismo, se reconoci\u00f3 la trayectoria de las seleccionadas en la convocatoria \u201cGrandes Mujeres, Grandes Historias\u201d: Rosa Elena V\u00e1squez Ram\u00edrez; Mar\u00eda Guadalupe Silva Jim\u00e9nez, Deyanira Aquino Campos, Mar\u00eda del Carmen Mart\u00ednez Mu\u00f1oz, Rosa Mar\u00eda Castro Salinas, Lucas Ram\u00edrez Garc\u00eda, Nuvia Espino Carmona, Santa Obdulia Hern\u00e1ndez Nicol\u00e1s.<\/p>\n<p>Tres de ellas provenientes de Huatulco, una de Santa Mar\u00eda Tonameca, una de Puerto Escondido, una de San Pedro Mixtepec, una de Santo Domingo de Morelos y una de Pinotepa.\u00a0 M\u00e9rito educativo, labor social, participaci\u00f3n pol\u00edtica fueron las categor\u00edas en las que participaron.<\/p>\n<p>V\u00e1squez Colmenares se\u00f1al\u00f3 que es de gran importancia que Tututepec pondere la prevenci\u00f3n de la violencia y se haya unido al activismo mundial del D\u00eda Naranja, \u201cfecha instaurada por la ONU para hacer conciencia de que es urgente erradicar la violencia en todas sus formas: en las palabras, la f\u00edsica, la de todos los d\u00edas en las calles, en el bullying, en las familias, contra las adolescentes, las ni\u00f1as\u201d.<\/p>\n<p>\u201cLa violencia no es natural, no es normal, es aprendida y entre sociedad y Gobierno debemos seguir trabajando todos los d\u00edas para erradicar este flagelo, por ello reiteramos nuestro compromiso con las mujeres y hombres de la Costa\u201d, abund\u00f3 la Titular de la dependencia rectora estatal de la pol\u00edtica de igualdad.<\/p>\n<p><strong>-O-<\/strong><\/p>\n","protected":false},"excerpt":{"rendered":"<p>Tambi\u00e9n entreg\u00f3 reconocimientos a \u201cGrandes Mujeres\u201d y exhort\u00f3 a redoblar esfuerzos para eliminar la violencia de g\u00e9nero Villa de Tututepec de Melchor Ocampo, Oax. 28 de octubre de 2019. En el marco del D\u00eda Naranja, personal de la Secretar\u00eda de las Mujeres de Oaxaca (SMO) realiz\u00f3 la Jornada Regional de Servicios para las Mujeres y [&hellip;]<\/p>\n","protected":false},"author":34,"featured_media":0,"comment_status":"open","ping_status":"open","sticky":false,"template":"","format":"standard","meta":{"episode_type":"","audio_file":"","podmotor_file_id":"","podmotor_episode_id":"","cover_image":"","cover_image_id":"","duration":"","filesize":"","filesize_raw":"","date_recorded":"","explicit":"","block":"","itunes_episode_number":"","itunes_title":"","itunes_season_number":"","itunes_episode_type":"","footnotes":""},"categories":[8],"tags":[410],"class_list":["post-44928","post","type-post","status-publish","format-standard","hentry","category-noticias","tag-smo"],"acf":[],"publishpress_future_action":{"enabled":false,"date":"2026-05-05 10:35:25","action":"change-status","newStatus":"draft","terms":[],"taxonomy":"category","extraData":[]},"publishpress_future_workflow_manual_trigger":{"enabledWorkflows":[]},"_links":{"self":[{"href":"https:\/\/www.oaxaca.gob.mx\/comunicacion\/wp-json\/wp\/v2\/posts\/44928","targetHints":{"allow":["GET"]}}],"collection":[{"href":"https:\/\/www.oaxaca.gob.mx\/comunicacion\/wp-json\/wp\/v2\/posts"}],"about":[{"href":"https:\/\/www.oaxaca.gob.mx\/comunicacion\/wp-json\/wp\/v2\/types\/post"}],"author":[{"embeddable":true,"href":"https:\/\/www.oaxaca.gob.mx\/comunicacion\/wp-json\/wp\/v2\/users\/34"}],"replies":[{"embeddable":true,"href":"https:\/\/www.oaxaca.gob.mx\/comunicacion\/wp-json\/wp\/v2\/comments?post=44928"}],"version-history":[{"count":1,"href":"https:\/\/www.oaxaca.gob.mx\/comunicacion\/wp-json\/wp\/v2\/posts\/44928\/revisions"}],"predecessor-version":[{"id":44932,"href":"https:\/\/www.oaxaca.gob.mx\/comunicacion\/wp-json\/wp\/v2\/posts\/44928\/revisions\/44932"}],"wp:attachment":[{"href":"https:\/\/www.oaxaca.gob.mx\/comunicacion\/wp-json\/wp\/v2\/media?parent=44928"}],"wp:term":[{"taxonomy":"category","embeddable":true,"href":"https:\/\/www.oaxaca.gob.mx\/comunicacion\/wp-json\/wp\/v2\/categories?post=44928"},{"taxonomy":"post_tag","embeddable":true,"href":"https:\/\/www.oaxaca.gob.mx\/comunicacion\/wp-json\/wp\/v2\/tags?post=44928"}],"curies":[{"name":"wp","href":"https:\/\/api.w.org\/{rel}","templated":true}]}}