{"id":44697,"date":"2019-10-24T16:32:11","date_gmt":"2019-10-24T21:32:11","guid":{"rendered":"https:\/\/www.oaxaca.gob.mx\/comunicacion\/?p=44697"},"modified":"2019-10-29T14:18:18","modified_gmt":"2019-10-29T20:18:18","slug":"gobiernos-de-oaxaca-y-mexico-entregan-mas-de-105-mdp-en-vehiculos-y-uniformes-a-instituciones-de-seguridad-publica","status":"publish","type":"post","link":"https:\/\/www.oaxaca.gob.mx\/comunicacion\/gobiernos-de-oaxaca-y-mexico-entregan-mas-de-105-mdp-en-vehiculos-y-uniformes-a-instituciones-de-seguridad-publica\/","title":{"rendered":"Gobiernos de Oaxaca y M\u00e9xico entregan m\u00e1s de 105 mdp en veh\u00edculos y uniformes a instituciones de seguridad p\u00fablica"},"content":{"rendered":"\n\t\t<style type=\"text\/css\">\n\t\t\t#gallery-1 {\n\t\t\t\tmargin: auto;\n\t\t\t}\n\t\t\t#gallery-1 .gallery-item {\n\t\t\t\tfloat: left;\n\t\t\t\tmargin-top: 10px;\n\t\t\t\ttext-align: center;\n\t\t\t\twidth: 50%;\n\t\t\t}\n\t\t\t#gallery-1 img {\n\t\t\t\tborder: 2px solid #cfcfcf;\n\t\t\t}\n\t\t\t#gallery-1 .gallery-caption {\n\t\t\t\tmargin-left: 0;\n\t\t\t}\n\t\t\t\/* see gallery_shortcode() in wp-includes\/media.php *\/\n\t\t<\/style>\n\t\t<div id='gallery-1' class='gallery galleryid-44697 gallery-columns-2 gallery-size-medium'><dl class='gallery-item'>\n\t\t\t<dt class='gallery-icon landscape'>\n\t\t\t\t<a href='https:\/\/www.oaxaca.gob.mx\/comunicacion\/gobiernos-de-oaxaca-y-mexico-entregan-mas-de-105-mdp-en-vehiculos-y-uniformes-a-instituciones-de-seguridad-publica\/amh-seguridad-2-2\/'><img loading=\"lazy\" decoding=\"async\" width=\"300\" height=\"180\" src=\"https:\/\/www.oaxaca.gob.mx\/comunicacion\/wp-content\/uploads\/sites\/28\/2019\/10\/AMH-SEGURIDAD-2-300x180.png\" class=\"attachment-medium size-medium\" alt=\"\" srcset=\"https:\/\/www.oaxaca.gob.mx\/comunicacion\/wp-content\/uploads\/sites\/28\/2019\/10\/AMH-SEGURIDAD-2-300x180.png 300w, https:\/\/www.oaxaca.gob.mx\/comunicacion\/wp-content\/uploads\/sites\/28\/2019\/10\/AMH-SEGURIDAD-2-768x462.png 768w, https:\/\/www.oaxaca.gob.mx\/comunicacion\/wp-content\/uploads\/sites\/28\/2019\/10\/AMH-SEGURIDAD-2-1024x616.png 1024w, https:\/\/www.oaxaca.gob.mx\/comunicacion\/wp-content\/uploads\/sites\/28\/2019\/10\/AMH-SEGURIDAD-2.png 1259w\" sizes=\"auto, (max-width: 300px) 100vw, 300px\" \/><\/a>\n\t\t\t<\/dt><\/dl><dl class='gallery-item'>\n\t\t\t<dt class='gallery-icon landscape'>\n\t\t\t\t<a href='https:\/\/www.oaxaca.gob.mx\/comunicacion\/gobiernos-de-oaxaca-y-mexico-entregan-mas-de-105-mdp-en-vehiculos-y-uniformes-a-instituciones-de-seguridad-publica\/amh-seguridad-3-2\/'><img loading=\"lazy\" decoding=\"async\" width=\"300\" height=\"179\" src=\"https:\/\/www.oaxaca.gob.mx\/comunicacion\/wp-content\/uploads\/sites\/28\/2019\/10\/AMH-SEGURIDAD-3-300x179.png\" class=\"attachment-medium size-medium\" alt=\"\" srcset=\"https:\/\/www.oaxaca.gob.mx\/comunicacion\/wp-content\/uploads\/sites\/28\/2019\/10\/AMH-SEGURIDAD-3-300x179.png 300w, https:\/\/www.oaxaca.gob.mx\/comunicacion\/wp-content\/uploads\/sites\/28\/2019\/10\/AMH-SEGURIDAD-3-768x459.png 768w, https:\/\/www.oaxaca.gob.mx\/comunicacion\/wp-content\/uploads\/sites\/28\/2019\/10\/AMH-SEGURIDAD-3-1024x612.png 1024w, https:\/\/www.oaxaca.gob.mx\/comunicacion\/wp-content\/uploads\/sites\/28\/2019\/10\/AMH-SEGURIDAD-3.png 1253w\" sizes=\"auto, (max-width: 300px) 100vw, 300px\" \/><\/a>\n\t\t\t<\/dt><\/dl><br style=\"clear: both\" \/><dl class='gallery-item'>\n\t\t\t<dt class='gallery-icon portrait'>\n\t\t\t\t<a href='https:\/\/www.oaxaca.gob.mx\/comunicacion\/gobiernos-de-oaxaca-y-mexico-entregan-mas-de-105-mdp-en-vehiculos-y-uniformes-a-instituciones-de-seguridad-publica\/amh-seguridad-4-2\/'><img loading=\"lazy\" decoding=\"async\" width=\"298\" height=\"300\" src=\"https:\/\/www.oaxaca.gob.mx\/comunicacion\/wp-content\/uploads\/sites\/28\/2019\/10\/AMH-SEGURIDAD-4-298x300.png\" class=\"attachment-medium size-medium\" alt=\"\" srcset=\"https:\/\/www.oaxaca.gob.mx\/comunicacion\/wp-content\/uploads\/sites\/28\/2019\/10\/AMH-SEGURIDAD-4-298x300.png 298w, https:\/\/www.oaxaca.gob.mx\/comunicacion\/wp-content\/uploads\/sites\/28\/2019\/10\/AMH-SEGURIDAD-4-150x150.png 150w, https:\/\/www.oaxaca.gob.mx\/comunicacion\/wp-content\/uploads\/sites\/28\/2019\/10\/AMH-SEGURIDAD-4-768x774.png 768w, https:\/\/www.oaxaca.gob.mx\/comunicacion\/wp-content\/uploads\/sites\/28\/2019\/10\/AMH-SEGURIDAD-4.png 785w\" sizes=\"auto, (max-width: 298px) 100vw, 298px\" \/><\/a>\n\t\t\t<\/dt><\/dl><dl class='gallery-item'>\n\t\t\t<dt class='gallery-icon landscape'>\n\t\t\t\t<a href='https:\/\/www.oaxaca.gob.mx\/comunicacion\/gobiernos-de-oaxaca-y-mexico-entregan-mas-de-105-mdp-en-vehiculos-y-uniformes-a-instituciones-de-seguridad-publica\/amh-seguridad\/'><img loading=\"lazy\" decoding=\"async\" width=\"300\" height=\"180\" src=\"https:\/\/www.oaxaca.gob.mx\/comunicacion\/wp-content\/uploads\/sites\/28\/2019\/10\/AMH-SEGURIDAD-300x180.png\" class=\"attachment-medium size-medium\" alt=\"\" srcset=\"https:\/\/www.oaxaca.gob.mx\/comunicacion\/wp-content\/uploads\/sites\/28\/2019\/10\/AMH-SEGURIDAD-300x180.png 300w, https:\/\/www.oaxaca.gob.mx\/comunicacion\/wp-content\/uploads\/sites\/28\/2019\/10\/AMH-SEGURIDAD-768x461.png 768w, https:\/\/www.oaxaca.gob.mx\/comunicacion\/wp-content\/uploads\/sites\/28\/2019\/10\/AMH-SEGURIDAD-1024x614.png 1024w, https:\/\/www.oaxaca.gob.mx\/comunicacion\/wp-content\/uploads\/sites\/28\/2019\/10\/AMH-SEGURIDAD.png 1259w\" sizes=\"auto, (max-width: 300px) 100vw, 300px\" \/><\/a>\n\t\t\t<\/dt><\/dl><br style=\"clear: both\" \/>\n\t\t<\/div>\n\n<ul>\n<li>El gobernador Alejandro Murat y el secretario de Seguridad y Protecci\u00f3n Ciudadana, Alfonso Durazo, refrendaron el compromiso para avanzar juntos en la consolidaci\u00f3n de la paz de M\u00e9xico<\/li>\n<\/ul>\n<ul>\n<li>Oaxaca se ubica en el s\u00e9ptimo lugar en evaluaci\u00f3n y certificaci\u00f3n policial a nivel nacional, y en el primer lugar en cuanto al n\u00famero de polic\u00edas preventivos estatales certificados<\/li>\n<\/ul>\n<p><strong>Tlalixtac de Cabrera, Oax. 24 de octubre de 2019.\u00a0<\/strong>Para fortalecer las acciones y capacidades de respuesta de las corporaciones de seguridad en la entidad, el gobernador Alejandro Murat Hinojosa y el secretario de Seguridad y Protecci\u00f3n Ciudadana, Alfonso Durazo Monta\u00f1o, realizaron la entrega de 180 veh\u00edculos y 11 mil 520 uniformes completos a instituciones de justicia y seguridad p\u00fablica estatal y municipal, que requiri\u00f3 una inversi\u00f3n superior a los 105 millones de pesos del Fondo de Aportaciones para la Seguridad P\u00fablica (FASP).<\/p>\n<p>Durante este acto realizado en inmediaciones de Ciudad Administrativa, el Ejecutivo Estatal asever\u00f3 que con esta entrega se refrenda el compromiso de los gobiernos Estatal y Federal para avanzar en la consolidaci\u00f3n de la paz de M\u00e9xico.<\/p>\n<p>\u00abHoy es un d\u00eda hist\u00f3rico para Oaxaca y con la presencia de los 570 municipios, el estado que me toca encabezar quiere reiterar que cerramos filas en torno a la premisa de seguridad del Gobierno Federal\u00bb, se\u00f1al\u00f3, al tiempo de reafirmar la suma de esfuerzos y voluntades de su gobierno a la estrategia de seguridad del Gobierno de M\u00e9xico.<\/p>\n<p>Murat Hinojosa destac\u00f3 que desde el inicio de su administraci\u00f3n, la seguridad y salvaguarda de la poblaci\u00f3n oaxaque\u00f1a han sido una prioridad, por lo que a tres a\u00f1os de su gobierno, las acciones realizadas con apego a la Ley y en estrecha coordinaci\u00f3n con las instancias con especialidad en la materia de los tres niveles de gobierno, han permitido ubicar a Oaxaca entre las diez entidades m\u00e1s seguras del pa\u00eds.<\/p>\n<p>\u00abEn Oaxaca reconocemos que la estrategia con el Gobierno Federal con la Guardia Nacional ha venido a fortalecernos. Hoy, la idea del Mando \u00danico es una realidad y permite generar la informaci\u00f3n y llevar a cabo operativos y generar un estado de fuerza en todo el estado\u00bb, expres\u00f3.<\/p>\n<p>En su oportunidad, el secretario de Seguridad y Protecci\u00f3n Ciudadana, Alfonso Durazo Monta\u00f1o, reconoci\u00f3 al Gobierno del Estado por sumarse a la estrategia de seguridad federal que busca avanzar unidos hacia la recuperaci\u00f3n de la paz y ser eficaces en el combate a los delitos que m\u00e1s laceran a la poblaci\u00f3n.<\/p>\n<p>\u201cHemos encontrado en el Se\u00f1or Gobernador a un aliado que ha sumado su esfuerzo sin regateos al compromiso del Gobierno de M\u00e9xico para construir las respuestas que conjuntamente tenemos que darle a la ciudadan\u00eda\u00bb, se\u00f1al\u00f3 al tiempo de reconocer el compromiso de los elementos de la Secretar\u00eda de Seguridad y personal de la Fiscal\u00eda General del Estado de Oaxaca que trabajan para garantizar y salvaguardar la integridad f\u00edsica de las y los ciudadanos.<\/p>\n<p>Luego de se\u00f1alar que la recuperaci\u00f3n de la paz no surgir\u00e1 como resultado exclusivo del quehacer de la federaci\u00f3n, estados y municipios, sino a partir de la coordinaci\u00f3n entre los tres niveles de gobierno, agreg\u00f3 que bajo esta premisa \u201cnada nos alejar\u00e1 del objetivo superior que es hacer de la paz un fruto de la justicia. A la raz\u00f3n de fuerza, continuaremos oponiendo la fuerza de la raz\u00f3n\u201d, dijo.<\/p>\n<p>&nbsp;<\/p>\n<p><strong>Oaxaca, primer lugar en polic\u00edas preventivos estatales certificados<\/strong><\/p>\n<p><strong>en todo el pa\u00eds<\/strong><\/p>\n<p>En este acto, el secretariado ejecutivo del Sistema Estatal de Seguridad P\u00fablica, Jos\u00e9 Manuel Vera Salinas, expres\u00f3 que los veh\u00edculos entregados permitir\u00e1 renovar y reforzar la plantilla vehicular de las corporaciones policiacas, tanto estatales como municipales.<\/p>\n<p>Destac\u00f3 que esto representa un aumento del 300% en dotaci\u00f3n de unidades de motor en comparaci\u00f3n con a\u00f1os anteriores, lo que permitir\u00e1 mayor movilidad de las polic\u00edas estatales, municipales e investigadoras del delito.<\/p>\n<p>De igual manera, destac\u00f3 que como parte del proceso de mejoramiento y profesionalizaci\u00f3n, al d\u00eda de hoy se han entregado dos mil 951 certificados \u00danico Policial como constancia de calidad y compromiso con la seguridad ciudadana, lo que colocan a Oaxaca en el s\u00e9ptimo lugar en evaluaci\u00f3n y certificaci\u00f3n policial a nivel nacional y en el primer lugar en cuanto a polic\u00edas preventivos estatales certificados.<\/p>\n<p>En este sentido, reconoci\u00f3 el esfuerzo de todas las autoridades municipales por su empe\u00f1o y compromiso que tienen con el estado y con sus gobernados. Especialmente reconoci\u00f3 a las autoridades de los municipios de Santa Luc\u00eda Monteverde, Nazareno Etla y Santa Mar\u00eda Yucuhiti, que se rigen por sistemas normativos ind\u00edgenas, los cuales hoy tienen el 100% de sus polic\u00edas certificados.<\/p>\n<p>&nbsp;<\/p>\n","protected":false},"excerpt":{"rendered":"<p>El gobernador Alejandro Murat y el secretario de Seguridad y Protecci\u00f3n Ciudadana, Alfonso Durazo, refrendaron el compromiso para avanzar juntos en la consolidaci\u00f3n de la paz de M\u00e9xico Oaxaca se ubica en el s\u00e9ptimo lugar en evaluaci\u00f3n y certificaci\u00f3n policial a nivel nacional, y en el primer lugar en cuanto al n\u00famero de polic\u00edas preventivos [&hellip;]<\/p>\n","protected":false},"author":38,"featured_media":44946,"comment_status":"open","ping_status":"open","sticky":false,"template":"","format":"standard","meta":{"episode_type":"","audio_file":"","podmotor_file_id":"","podmotor_episode_id":"","cover_image":"","cover_image_id":"","duration":"","filesize":"","filesize_raw":"","date_recorded":"","explicit":"","block":"","itunes_episode_number":"","itunes_title":"","itunes_season_number":"","itunes_episode_type":"","footnotes":""},"categories":[7,8],"tags":[29],"class_list":["post-44697","post","type-post","status-publish","format-standard","has-post-thumbnail","hentry","category-slide","category-noticias","tag-amh"],"acf":[],"publishpress_future_action":{"enabled":false,"date":"2026-05-07 11:09:01","action":"change-status","newStatus":"draft","terms":[],"taxonomy":"category","extraData":[]},"publishpress_future_workflow_manual_trigger":{"enabledWorkflows":[]},"_links":{"self":[{"href":"https:\/\/www.oaxaca.gob.mx\/comunicacion\/wp-json\/wp\/v2\/posts\/44697","targetHints":{"allow":["GET"]}}],"collection":[{"href":"https:\/\/www.oaxaca.gob.mx\/comunicacion\/wp-json\/wp\/v2\/posts"}],"about":[{"href":"https:\/\/www.oaxaca.gob.mx\/comunicacion\/wp-json\/wp\/v2\/types\/post"}],"author":[{"embeddable":true,"href":"https:\/\/www.oaxaca.gob.mx\/comunicacion\/wp-json\/wp\/v2\/users\/38"}],"replies":[{"embeddable":true,"href":"https:\/\/www.oaxaca.gob.mx\/comunicacion\/wp-json\/wp\/v2\/comments?post=44697"}],"version-history":[{"count":1,"href":"https:\/\/www.oaxaca.gob.mx\/comunicacion\/wp-json\/wp\/v2\/posts\/44697\/revisions"}],"predecessor-version":[{"id":44703,"href":"https:\/\/www.oaxaca.gob.mx\/comunicacion\/wp-json\/wp\/v2\/posts\/44697\/revisions\/44703"}],"wp:featuredmedia":[{"embeddable":true,"href":"https:\/\/www.oaxaca.gob.mx\/comunicacion\/wp-json\/wp\/v2\/media\/44946"}],"wp:attachment":[{"href":"https:\/\/www.oaxaca.gob.mx\/comunicacion\/wp-json\/wp\/v2\/media?parent=44697"}],"wp:term":[{"taxonomy":"category","embeddable":true,"href":"https:\/\/www.oaxaca.gob.mx\/comunicacion\/wp-json\/wp\/v2\/categories?post=44697"},{"taxonomy":"post_tag","embeddable":true,"href":"https:\/\/www.oaxaca.gob.mx\/comunicacion\/wp-json\/wp\/v2\/tags?post=44697"}],"curies":[{"name":"wp","href":"https:\/\/api.w.org\/{rel}","templated":true}]}}