{"id":43920,"date":"2019-10-10T16:34:11","date_gmt":"2019-10-10T21:34:11","guid":{"rendered":"https:\/\/www.oaxaca.gob.mx\/comunicacion\/?p=43920"},"modified":"2019-10-10T16:54:01","modified_gmt":"2019-10-10T21:54:01","slug":"celebrara-jalapa-del-marques-mayordomia-en-la-cdmx","status":"publish","type":"post","link":"https:\/\/www.oaxaca.gob.mx\/comunicacion\/celebrara-jalapa-del-marques-mayordomia-en-la-cdmx\/","title":{"rendered":"Celebrar\u00e1 Jalapa del Marqu\u00e9s mayordom\u00eda en la CDMX"},"content":{"rendered":"\n\t\t<style type=\"text\/css\">\n\t\t\t#gallery-1 {\n\t\t\t\tmargin: auto;\n\t\t\t}\n\t\t\t#gallery-1 .gallery-item {\n\t\t\t\tfloat: left;\n\t\t\t\tmargin-top: 10px;\n\t\t\t\ttext-align: center;\n\t\t\t\twidth: 100%;\n\t\t\t}\n\t\t\t#gallery-1 img {\n\t\t\t\tborder: 2px solid #cfcfcf;\n\t\t\t}\n\t\t\t#gallery-1 .gallery-caption {\n\t\t\t\tmargin-left: 0;\n\t\t\t}\n\t\t\t\/* see gallery_shortcode() in wp-includes\/media.php *\/\n\t\t<\/style>\n\t\t<div id='gallery-1' class='gallery galleryid-43920 gallery-columns-1 gallery-size-medium'><dl class='gallery-item'>\n\t\t\t<dt class='gallery-icon portrait'>\n\t\t\t\t<a href='https:\/\/www.oaxaca.gob.mx\/comunicacion\/celebrara-jalapa-del-marques-mayordomia-en-la-cdmx\/sectur-mayodormia-jalapa-marques\/'><img loading=\"lazy\" decoding=\"async\" width=\"203\" height=\"300\" src=\"https:\/\/www.oaxaca.gob.mx\/comunicacion\/wp-content\/uploads\/sites\/28\/2019\/10\/SECTUR-Mayodorm\u00eda-Jalapa-Marqu\u00e9s-203x300.jpg\" class=\"attachment-medium size-medium\" alt=\"\" srcset=\"https:\/\/www.oaxaca.gob.mx\/comunicacion\/wp-content\/uploads\/sites\/28\/2019\/10\/SECTUR-Mayodorm\u00eda-Jalapa-Marqu\u00e9s-203x300.jpg 203w, https:\/\/www.oaxaca.gob.mx\/comunicacion\/wp-content\/uploads\/sites\/28\/2019\/10\/SECTUR-Mayodorm\u00eda-Jalapa-Marqu\u00e9s.jpg 646w\" sizes=\"auto, (max-width: 203px) 100vw, 203px\" \/><\/a>\n\t\t\t<\/dt><\/dl><br style=\"clear: both\" \/>\n\t\t<\/div>\n\n<p>&nbsp;<\/p>\n<p>&nbsp;<\/p>\n<p><strong>\u00a0<\/strong><\/p>\n<ul>\n<li>Se llevar\u00e1 a cabo la edici\u00f3n XVII de esta celebraci\u00f3n organizada por personas originarias de Jalapa del Marqu\u00e9s radicadas en la capital del pa\u00eds<\/li>\n<\/ul>\n<p>&nbsp;<\/p>\n<p><strong>Oaxaca de Ju\u00e1rez, Oax. 10 de octubre de 2019.<\/strong>\u00a0Una de las celebraciones m\u00e1s importantes del Istmo de Tehuantepec es la mayordom\u00eda, que con m\u00fasica tradicional, gastronom\u00eda, calenda y regada de flores, se hace un homenaje al santo patrono de cada una de las comunidades y se festeja el orgullo de la identidad istme\u00f1a.<\/p>\n<p>En este contexto, la Secretar\u00eda de Turismo del Gobierno de Oaxaca (Sectur Oaxaca) invita a ser parte de la XVII Mayordom\u00eda en Honor a la Asunci\u00f3n de Mar\u00eda, del municipio de Santa Mar\u00eda Jalapa del Marqu\u00e9s, que se celebrar\u00e1 el 12 de octubre en la Ciudad de M\u00e9xico.<\/p>\n<p>La celebraci\u00f3n de esta tradici\u00f3n de la regi\u00f3n del Istmo, promueve la riqueza cultural oaxaque\u00f1a entre las y los habitantes de la Ciudad de M\u00e9xico, entidad que representa el principal emisor de turistas al estado de Oaxaca.<\/p>\n<p>El presidente del comit\u00e9 organizador de la Mayordom\u00eda de Jalapa del Marqu\u00e9s en la capital del pa\u00eds, H\u00e9ctor L\u00f3pez Ram\u00edrez, resalt\u00f3 que el objetivo es preservar las tradiciones entre las y los istme\u00f1os que radican fuera del estado, as\u00ed como darlas a conocer a nivel nacional como parte del legado cultural del pa\u00eds.<\/p>\n<p>Destac\u00f3 que esta mayordom\u00eda va apegada a las costumbres istme\u00f1as, por lo que se contar\u00e1 con m\u00fasica tradicional, baile, gastronom\u00eda propia de la regi\u00f3n, coronaci\u00f3n de princesas, reinas, del mayordomo y la mayordoma; misa, paseo de flores y desfile de estandartes.<\/p>\n<p>Dijo que el comit\u00e9 integrado por personas originarias de Jalapa del Marqu\u00e9s radicadas en la Ciudad de M\u00e9xico, organiza esta mayordom\u00eda durante todo el a\u00f1o, la cual es una representaci\u00f3n de la que se festeja en el mes de agosto, una de las cuatro que se llevan a cabo en esa comunidad.<\/p>\n<p>L\u00f3pez Ram\u00edrez indic\u00f3 que la celebraci\u00f3n se hace sin fines de lucro, por lo que el acceso es con boleto, s\u00f3lo para recuperar gastos de la organizaci\u00f3n; para obtener mayor informaci\u00f3n sobre esta festividad, dijo, est\u00e1 disponible la p\u00e1gina de Facebook: \u00a0Vela Jalapa Oax o el n\u00famero de celular 555 455 9390.<\/p>\n<p>&nbsp;<\/p>\n<p style=\"text-align: center\">-0-<\/p>\n","protected":false},"excerpt":{"rendered":"<p>&nbsp; &nbsp; \u00a0 Se llevar\u00e1 a cabo la edici\u00f3n XVII de esta celebraci\u00f3n organizada por personas originarias de Jalapa del Marqu\u00e9s radicadas en la capital del pa\u00eds &nbsp; Oaxaca de Ju\u00e1rez, Oax. 10 de octubre de 2019.\u00a0Una de las celebraciones m\u00e1s importantes del Istmo de Tehuantepec es la mayordom\u00eda, que con m\u00fasica tradicional, gastronom\u00eda, calenda [&hellip;]<\/p>\n","protected":false},"author":35,"featured_media":43921,"comment_status":"open","ping_status":"open","sticky":false,"template":"","format":"standard","meta":{"episode_type":"","audio_file":"","podmotor_file_id":"","podmotor_episode_id":"","cover_image":"","cover_image_id":"","duration":"","filesize":"","filesize_raw":"","date_recorded":"","explicit":"","block":"","itunes_episode_number":"","itunes_title":"","itunes_season_number":"","itunes_episode_type":"","footnotes":""},"categories":[8],"tags":[370],"class_list":["post-43920","post","type-post","status-publish","format-standard","has-post-thumbnail","hentry","category-noticias","tag-sectur"],"acf":[],"publishpress_future_action":{"enabled":false,"date":"2026-05-04 11:06:44","action":"change-status","newStatus":"draft","terms":[],"taxonomy":"category","extraData":[]},"publishpress_future_workflow_manual_trigger":{"enabledWorkflows":[]},"_links":{"self":[{"href":"https:\/\/www.oaxaca.gob.mx\/comunicacion\/wp-json\/wp\/v2\/posts\/43920","targetHints":{"allow":["GET"]}}],"collection":[{"href":"https:\/\/www.oaxaca.gob.mx\/comunicacion\/wp-json\/wp\/v2\/posts"}],"about":[{"href":"https:\/\/www.oaxaca.gob.mx\/comunicacion\/wp-json\/wp\/v2\/types\/post"}],"author":[{"embeddable":true,"href":"https:\/\/www.oaxaca.gob.mx\/comunicacion\/wp-json\/wp\/v2\/users\/35"}],"replies":[{"embeddable":true,"href":"https:\/\/www.oaxaca.gob.mx\/comunicacion\/wp-json\/wp\/v2\/comments?post=43920"}],"version-history":[{"count":1,"href":"https:\/\/www.oaxaca.gob.mx\/comunicacion\/wp-json\/wp\/v2\/posts\/43920\/revisions"}],"predecessor-version":[{"id":43922,"href":"https:\/\/www.oaxaca.gob.mx\/comunicacion\/wp-json\/wp\/v2\/posts\/43920\/revisions\/43922"}],"wp:featuredmedia":[{"embeddable":true,"href":"https:\/\/www.oaxaca.gob.mx\/comunicacion\/wp-json\/wp\/v2\/media\/43921"}],"wp:attachment":[{"href":"https:\/\/www.oaxaca.gob.mx\/comunicacion\/wp-json\/wp\/v2\/media?parent=43920"}],"wp:term":[{"taxonomy":"category","embeddable":true,"href":"https:\/\/www.oaxaca.gob.mx\/comunicacion\/wp-json\/wp\/v2\/categories?post=43920"},{"taxonomy":"post_tag","embeddable":true,"href":"https:\/\/www.oaxaca.gob.mx\/comunicacion\/wp-json\/wp\/v2\/tags?post=43920"}],"curies":[{"name":"wp","href":"https:\/\/api.w.org\/{rel}","templated":true}]}}