{"id":43604,"date":"2019-10-04T16:25:43","date_gmt":"2019-10-04T21:25:43","guid":{"rendered":"https:\/\/www.oaxaca.gob.mx\/comunicacion\/?p=43604"},"modified":"2019-10-07T10:48:53","modified_gmt":"2019-10-07T15:48:53","slug":"solicita-gobierno-del-estado-declaratoria-de-emergencia-para-49-municipios","status":"publish","type":"post","link":"https:\/\/www.oaxaca.gob.mx\/comunicacion\/solicita-gobierno-del-estado-declaratoria-de-emergencia-para-49-municipios\/","title":{"rendered":"Solicita Gobierno del Estado declaratoria de Emergencia para 49 municipios"},"content":{"rendered":"\n\t\t<style type=\"text\/css\">\n\t\t\t#gallery-1 {\n\t\t\t\tmargin: auto;\n\t\t\t}\n\t\t\t#gallery-1 .gallery-item {\n\t\t\t\tfloat: left;\n\t\t\t\tmargin-top: 10px;\n\t\t\t\ttext-align: center;\n\t\t\t\twidth: 100%;\n\t\t\t}\n\t\t\t#gallery-1 img {\n\t\t\t\tborder: 2px solid #cfcfcf;\n\t\t\t}\n\t\t\t#gallery-1 .gallery-caption {\n\t\t\t\tmargin-left: 0;\n\t\t\t}\n\t\t\t\/* see gallery_shortcode() in wp-includes\/media.php *\/\n\t\t<\/style>\n\t\t<div id='gallery-1' class='gallery galleryid-43604 gallery-columns-1 gallery-size-medium'><dl class='gallery-item'>\n\t\t\t<dt class='gallery-icon landscape'>\n\t\t\t\t<a href='https:\/\/www.oaxaca.gob.mx\/comunicacion\/reconoce-alejandro-murat-confianza-del-congreso-al-aprobar-refinanciamiento\/imagen-para-web-de-gobierno-del-estado-para-notas-que-no-llevan-foto-11\/'><img loading=\"lazy\" decoding=\"async\" width=\"300\" height=\"97\" src=\"https:\/\/www.oaxaca.gob.mx\/comunicacion\/wp-content\/uploads\/sites\/28\/2019\/10\/IMAGEN-PARA-WEB-DE-GOBIERNO-DEL-ESTADO-PARA-NOTAS-QUE-NO-LLEVAN-FOTO-1-300x97.jpg\" class=\"attachment-medium size-medium\" alt=\"\" srcset=\"https:\/\/www.oaxaca.gob.mx\/comunicacion\/wp-content\/uploads\/sites\/28\/2019\/10\/IMAGEN-PARA-WEB-DE-GOBIERNO-DEL-ESTADO-PARA-NOTAS-QUE-NO-LLEVAN-FOTO-1-300x97.jpg 300w, https:\/\/www.oaxaca.gob.mx\/comunicacion\/wp-content\/uploads\/sites\/28\/2019\/10\/IMAGEN-PARA-WEB-DE-GOBIERNO-DEL-ESTADO-PARA-NOTAS-QUE-NO-LLEVAN-FOTO-1.jpg 692w\" sizes=\"auto, (max-width: 300px) 100vw, 300px\" \/><\/a>\n\t\t\t<\/dt><\/dl><br style=\"clear: both\" \/>\n\t\t<\/div>\n\n<p>&nbsp;<\/p>\n<p>&nbsp;<\/p>\n<p>&nbsp;<\/p>\n<p><strong>Oaxaca de Ju\u00e1rez, Oax. 4 de octubre de 2019.-<\/strong>\u00a0El Gobierno del Estado a trav\u00e9s de la Coordinaci\u00f3n Estatal de Protecci\u00f3n Civil de Oaxaca (CEPCO) solicit\u00f3 una nueva declaratoria de Emergencia por efectos causados en la entidad por los remantes de la Tormenta Tropical \u201cNarda\u201d.<\/p>\n<p>El titular de la CEPCO, Heliodoro D\u00edaz Esc\u00e1rraga explic\u00f3 que esta solicitud de 49 municipios obedece a que las autoridades no contaban con los medios para hacer llegar el oficio y las evidencias que solicita el Gobierno Federal para verificar y validar afectaciones y en su caso aprobar la declaratoria.<\/p>\n<p>Los municipios que ingresaron a la lista de solicitud son: Calihual\u00e1, Chalcatongo de Hidalgo, Heroica Ciudad de Tlaxiaco, Mariscala de Ju\u00e1rez, Pinotepa de Don Luis, San Agust\u00edn Chayuco, San Andr\u00e9s Cabecera Nueva, San Baltazar Loxicha, San Bartolom\u00e9 Loxicha, San Esteban Atatlahuca y San Francisco Ozolotepec.<\/p>\n<p>As\u00ed mismo, San Gabriel Mixtepec, San Jer\u00f3nimo Coatl\u00e1n, San Jorge Nuchita, San Juan Colorado, San Juan Mixtepec Distrito 08, San Juan Mixtepec Distrito 26, San Juan \u00d1um\u00ed, San Juan Ozolotepec, San Lorenzo Victoria, San Marcial Ozolotepec, San Mart\u00edn Itunyoso, San Mart\u00edn Peras.<\/p>\n<p>Tambi\u00e9n se incluyeron a los municipios de: San Miguel del Puerto, San Pablo Tijaltepec, San Pedro Amuzgos, San Pedro el Alto, San Pedro Jicay\u00e1n, San Pedro Juchatengo, San Sebasti\u00e1n Coatl\u00e1n, Santa Catarina Loxicha, Santa Cruz Itundujia, Santa Cruz Nundaco, Santa Mar\u00eda Huatulco, Santa Mar\u00eda Temaxcaltepec.<\/p>\n<p>De igual manera, los municipios de Santa Mar\u00eda Tonameca, Santa Mar\u00eda Yucuhit\u00ed, Santa Mar\u00eda Zacatepec, Santiago Jocotepec, Santiago Tamazola, Santiago Textitl\u00e1n, Santo Domingo Ixcatl\u00e1n, Santo Domingo Ozolotepec, Santo Domingo Tehuantepec, Santo Domingo Teojomulco, Santo Tom\u00e1s Ocotepec, Silacayo\u00e1pam, Uni\u00f3n Hidalgo y la Villa Sola de Vega.<\/p>\n<p style=\"text-align: center\">-0-<\/p>\n<p>&nbsp;<\/p>\n","protected":false},"excerpt":{"rendered":"<p>&nbsp; &nbsp; &nbsp; Oaxaca de Ju\u00e1rez, Oax. 4 de octubre de 2019.-\u00a0El Gobierno del Estado a trav\u00e9s de la Coordinaci\u00f3n Estatal de Protecci\u00f3n Civil de Oaxaca (CEPCO) solicit\u00f3 una nueva declaratoria de Emergencia por efectos causados en la entidad por los remantes de la Tormenta Tropical \u201cNarda\u201d. El titular de la CEPCO, Heliodoro D\u00edaz Esc\u00e1rraga [&hellip;]<\/p>\n","protected":false},"author":35,"featured_media":43545,"comment_status":"open","ping_status":"open","sticky":false,"template":"","format":"standard","meta":{"episode_type":"","audio_file":"","podmotor_file_id":"","podmotor_episode_id":"","cover_image":"","cover_image_id":"","duration":"","filesize":"","filesize_raw":"","date_recorded":"","explicit":"","block":"","itunes_episode_number":"","itunes_title":"","itunes_season_number":"","itunes_episode_type":"","footnotes":""},"categories":[8],"tags":[89],"class_list":["post-43604","post","type-post","status-publish","format-standard","has-post-thumbnail","hentry","category-noticias","tag-cepco"],"acf":[],"publishpress_future_action":{"enabled":false,"date":"2026-05-04 10:59:15","action":"change-status","newStatus":"draft","terms":[],"taxonomy":"category","extraData":[]},"publishpress_future_workflow_manual_trigger":{"enabledWorkflows":[]},"_links":{"self":[{"href":"https:\/\/www.oaxaca.gob.mx\/comunicacion\/wp-json\/wp\/v2\/posts\/43604","targetHints":{"allow":["GET"]}}],"collection":[{"href":"https:\/\/www.oaxaca.gob.mx\/comunicacion\/wp-json\/wp\/v2\/posts"}],"about":[{"href":"https:\/\/www.oaxaca.gob.mx\/comunicacion\/wp-json\/wp\/v2\/types\/post"}],"author":[{"embeddable":true,"href":"https:\/\/www.oaxaca.gob.mx\/comunicacion\/wp-json\/wp\/v2\/users\/35"}],"replies":[{"embeddable":true,"href":"https:\/\/www.oaxaca.gob.mx\/comunicacion\/wp-json\/wp\/v2\/comments?post=43604"}],"version-history":[{"count":1,"href":"https:\/\/www.oaxaca.gob.mx\/comunicacion\/wp-json\/wp\/v2\/posts\/43604\/revisions"}],"predecessor-version":[{"id":43605,"href":"https:\/\/www.oaxaca.gob.mx\/comunicacion\/wp-json\/wp\/v2\/posts\/43604\/revisions\/43605"}],"wp:featuredmedia":[{"embeddable":true,"href":"https:\/\/www.oaxaca.gob.mx\/comunicacion\/wp-json\/wp\/v2\/media\/43545"}],"wp:attachment":[{"href":"https:\/\/www.oaxaca.gob.mx\/comunicacion\/wp-json\/wp\/v2\/media?parent=43604"}],"wp:term":[{"taxonomy":"category","embeddable":true,"href":"https:\/\/www.oaxaca.gob.mx\/comunicacion\/wp-json\/wp\/v2\/categories?post=43604"},{"taxonomy":"post_tag","embeddable":true,"href":"https:\/\/www.oaxaca.gob.mx\/comunicacion\/wp-json\/wp\/v2\/tags?post=43604"}],"curies":[{"name":"wp","href":"https:\/\/api.w.org\/{rel}","templated":true}]}}