{"id":43539,"date":"2019-10-03T17:49:34","date_gmt":"2019-10-03T22:49:34","guid":{"rendered":"https:\/\/www.oaxaca.gob.mx\/comunicacion\/?p=43539"},"modified":"2019-10-03T21:38:24","modified_gmt":"2019-10-04T02:38:24","slug":"fortalecen-infraestructura-del-cobao-de-ejutla","status":"publish","type":"post","link":"https:\/\/www.oaxaca.gob.mx\/comunicacion\/fortalecen-infraestructura-del-cobao-de-ejutla\/","title":{"rendered":"Fortalecen infraestructura del Cobao de Ejutla"},"content":{"rendered":"\n\t\t<style type=\"text\/css\">\n\t\t\t#gallery-1 {\n\t\t\t\tmargin: auto;\n\t\t\t}\n\t\t\t#gallery-1 .gallery-item {\n\t\t\t\tfloat: left;\n\t\t\t\tmargin-top: 10px;\n\t\t\t\ttext-align: center;\n\t\t\t\twidth: 33%;\n\t\t\t}\n\t\t\t#gallery-1 img {\n\t\t\t\tborder: 2px solid #cfcfcf;\n\t\t\t}\n\t\t\t#gallery-1 .gallery-caption {\n\t\t\t\tmargin-left: 0;\n\t\t\t}\n\t\t\t\/* see gallery_shortcode() in wp-includes\/media.php *\/\n\t\t<\/style>\n\t\t<div id='gallery-1' class='gallery galleryid-43539 gallery-columns-3 gallery-size-medium'><dl class='gallery-item'>\n\t\t\t<dt class='gallery-icon landscape'>\n\t\t\t\t<a href='https:\/\/www.oaxaca.gob.mx\/comunicacion\/fortalecen-infraestructura-del-cobao-de-ejutla\/cobao-1-5\/'><img loading=\"lazy\" decoding=\"async\" width=\"300\" height=\"225\" src=\"https:\/\/www.oaxaca.gob.mx\/comunicacion\/wp-content\/uploads\/sites\/28\/2019\/10\/COBAO-1-300x225.jpg\" class=\"attachment-medium size-medium\" alt=\"\" srcset=\"https:\/\/www.oaxaca.gob.mx\/comunicacion\/wp-content\/uploads\/sites\/28\/2019\/10\/COBAO-1-300x225.jpg 300w, https:\/\/www.oaxaca.gob.mx\/comunicacion\/wp-content\/uploads\/sites\/28\/2019\/10\/COBAO-1-768x576.jpg 768w, https:\/\/www.oaxaca.gob.mx\/comunicacion\/wp-content\/uploads\/sites\/28\/2019\/10\/COBAO-1-1024x768.jpg 1024w\" sizes=\"auto, (max-width: 300px) 100vw, 300px\" \/><\/a>\n\t\t\t<\/dt><\/dl><dl class='gallery-item'>\n\t\t\t<dt class='gallery-icon landscape'>\n\t\t\t\t<a href='https:\/\/www.oaxaca.gob.mx\/comunicacion\/fortalecen-infraestructura-del-cobao-de-ejutla\/cobao-2-3\/'><img loading=\"lazy\" decoding=\"async\" width=\"300\" height=\"200\" src=\"https:\/\/www.oaxaca.gob.mx\/comunicacion\/wp-content\/uploads\/sites\/28\/2019\/10\/COBAO-2-300x200.jpg\" class=\"attachment-medium size-medium\" alt=\"\" srcset=\"https:\/\/www.oaxaca.gob.mx\/comunicacion\/wp-content\/uploads\/sites\/28\/2019\/10\/COBAO-2-300x200.jpg 300w, https:\/\/www.oaxaca.gob.mx\/comunicacion\/wp-content\/uploads\/sites\/28\/2019\/10\/COBAO-2-768x512.jpg 768w, https:\/\/www.oaxaca.gob.mx\/comunicacion\/wp-content\/uploads\/sites\/28\/2019\/10\/COBAO-2-1024x682.jpg 1024w, https:\/\/www.oaxaca.gob.mx\/comunicacion\/wp-content\/uploads\/sites\/28\/2019\/10\/COBAO-2.jpg 1280w\" sizes=\"auto, (max-width: 300px) 100vw, 300px\" \/><\/a>\n\t\t\t<\/dt><\/dl><dl class='gallery-item'>\n\t\t\t<dt class='gallery-icon landscape'>\n\t\t\t\t<a href='https:\/\/www.oaxaca.gob.mx\/comunicacion\/fortalecen-infraestructura-del-cobao-de-ejutla\/cobao-3-3\/'><img loading=\"lazy\" decoding=\"async\" width=\"300\" height=\"208\" src=\"https:\/\/www.oaxaca.gob.mx\/comunicacion\/wp-content\/uploads\/sites\/28\/2019\/10\/COBAO-3-300x208.jpg\" class=\"attachment-medium size-medium\" alt=\"\" srcset=\"https:\/\/www.oaxaca.gob.mx\/comunicacion\/wp-content\/uploads\/sites\/28\/2019\/10\/COBAO-3-300x208.jpg 300w, https:\/\/www.oaxaca.gob.mx\/comunicacion\/wp-content\/uploads\/sites\/28\/2019\/10\/COBAO-3-768x533.jpg 768w, https:\/\/www.oaxaca.gob.mx\/comunicacion\/wp-content\/uploads\/sites\/28\/2019\/10\/COBAO-3-1024x711.jpg 1024w, https:\/\/www.oaxaca.gob.mx\/comunicacion\/wp-content\/uploads\/sites\/28\/2019\/10\/COBAO-3.jpg 1184w\" sizes=\"auto, (max-width: 300px) 100vw, 300px\" \/><\/a>\n\t\t\t<\/dt><\/dl><br style=\"clear: both\" \/>\n\t\t<\/div>\n\n<p><strong>Ejutla de Crespo, Oax. 3 de octubre de 2019.-<\/strong>\u00a0Con la finalidad de brindar instalaciones \u00f3ptimas para el desarrollo integral de las y los estudiantes, el director general de Colegio de Bachilleres del Estado de Oaxaca (Cobao), Rodrigo Gonz\u00e1lez Illescas inaugur\u00f3 en el plantel 11 Ejutla de Crespo, dos cafeter\u00edas que construy\u00f3 la Fundaci\u00f3n Bachilleres de Oaxaca (Fubao) A.C.<\/p>\n<p>El Director General del Cobao indic\u00f3 que se trabaja en equipo por la juventud oaxaque\u00f1a y motiv\u00f3 a la comunidad estudiantil a esforzarse a cumplir sus metas; durante el evento tambi\u00e9n se entreg\u00f3 un n\u00facleo de servicios sanitarios, el cual beneficia a 740 estudiantes del plantel 11 Ejutla de Crespo.<\/p>\n<p>Gracias a la construcci\u00f3n de las nuevas cafeter\u00edas, se pone en funcionamiento el n\u00facleo de servicios sanitarios, el cual no pod\u00eda utilizarse debido a la cercan\u00eda con el \u00e1rea de alimentos; con acciones concretas el Cobao brinda \u00e1reas adecuadas para la comunidad estudiantil.<\/p>\n<p>Rodrigo Gonz\u00e1lez Illescas confirm\u00f3 que estas acciones son en respuesta a las gestiones realizadas para fortalecer la educaci\u00f3n p\u00fablica de calidad, siguiendo las instrucciones del gobernador del Estado, Alejandro Murat Hinojosa, quien tiene como prioridad la educaci\u00f3n de las y los oaxaque\u00f1os.<\/p>\n<p>Durante su intervenci\u00f3n, el presidente de la Fundaci\u00f3n Bachilleres de Oaxaca, Adri\u00e1n Ortiz Romero Cuevas don\u00f3 un proyector al personal docente del plantel, a fin de fortalecer la ense\u00f1anza a favor de la comunidad estudiantil; asimismo, mencion\u00f3 que seguir\u00e1 trabajando para beneficiar a los 68 planteles del subsistema educativo.<\/p>\n","protected":false},"excerpt":{"rendered":"<p>Ejutla de Crespo, Oax. 3 de octubre de 2019.-\u00a0Con la finalidad de brindar instalaciones \u00f3ptimas para el desarrollo integral de las y los estudiantes, el director general de Colegio de Bachilleres del Estado de Oaxaca (Cobao), Rodrigo Gonz\u00e1lez Illescas inaugur\u00f3 en el plantel 11 Ejutla de Crespo, dos cafeter\u00edas que construy\u00f3 la Fundaci\u00f3n Bachilleres de [&hellip;]<\/p>\n","protected":false},"author":38,"featured_media":43540,"comment_status":"open","ping_status":"open","sticky":false,"template":"","format":"standard","meta":{"episode_type":"","audio_file":"","podmotor_file_id":"","podmotor_episode_id":"","cover_image":"","cover_image_id":"","duration":"","filesize":"","filesize_raw":"","date_recorded":"","explicit":"","block":"","itunes_episode_number":"","itunes_title":"","itunes_season_number":"","itunes_episode_type":"","footnotes":""},"categories":[8],"tags":[113],"class_list":["post-43539","post","type-post","status-publish","format-standard","has-post-thumbnail","hentry","category-noticias","tag-cobao"],"acf":[],"publishpress_future_action":{"enabled":false,"date":"2026-05-05 11:04:13","action":"change-status","newStatus":"draft","terms":[],"taxonomy":"category","extraData":[]},"publishpress_future_workflow_manual_trigger":{"enabledWorkflows":[]},"_links":{"self":[{"href":"https:\/\/www.oaxaca.gob.mx\/comunicacion\/wp-json\/wp\/v2\/posts\/43539","targetHints":{"allow":["GET"]}}],"collection":[{"href":"https:\/\/www.oaxaca.gob.mx\/comunicacion\/wp-json\/wp\/v2\/posts"}],"about":[{"href":"https:\/\/www.oaxaca.gob.mx\/comunicacion\/wp-json\/wp\/v2\/types\/post"}],"author":[{"embeddable":true,"href":"https:\/\/www.oaxaca.gob.mx\/comunicacion\/wp-json\/wp\/v2\/users\/38"}],"replies":[{"embeddable":true,"href":"https:\/\/www.oaxaca.gob.mx\/comunicacion\/wp-json\/wp\/v2\/comments?post=43539"}],"version-history":[{"count":1,"href":"https:\/\/www.oaxaca.gob.mx\/comunicacion\/wp-json\/wp\/v2\/posts\/43539\/revisions"}],"predecessor-version":[{"id":43543,"href":"https:\/\/www.oaxaca.gob.mx\/comunicacion\/wp-json\/wp\/v2\/posts\/43539\/revisions\/43543"}],"wp:featuredmedia":[{"embeddable":true,"href":"https:\/\/www.oaxaca.gob.mx\/comunicacion\/wp-json\/wp\/v2\/media\/43540"}],"wp:attachment":[{"href":"https:\/\/www.oaxaca.gob.mx\/comunicacion\/wp-json\/wp\/v2\/media?parent=43539"}],"wp:term":[{"taxonomy":"category","embeddable":true,"href":"https:\/\/www.oaxaca.gob.mx\/comunicacion\/wp-json\/wp\/v2\/categories?post=43539"},{"taxonomy":"post_tag","embeddable":true,"href":"https:\/\/www.oaxaca.gob.mx\/comunicacion\/wp-json\/wp\/v2\/tags?post=43539"}],"curies":[{"name":"wp","href":"https:\/\/api.w.org\/{rel}","templated":true}]}}