{"id":39280,"date":"2019-07-10T18:03:34","date_gmt":"2019-07-11T00:03:34","guid":{"rendered":"https:\/\/www.oaxaca.gob.mx\/comunicacion\/?p=39280"},"modified":"2019-07-10T20:14:46","modified_gmt":"2019-07-11T02:14:46","slug":"con-entrega-del-mercado-gastronomico-el-tule-alejandro-murat-fortalece-el-turismo-de-oaxaca","status":"publish","type":"post","link":"https:\/\/www.oaxaca.gob.mx\/comunicacion\/con-entrega-del-mercado-gastronomico-el-tule-alejandro-murat-fortalece-el-turismo-de-oaxaca\/","title":{"rendered":"Con entrega del Mercado Gastron\u00f3mico El Tule, Alejandro Murat fortalece el turismo de Oaxaca"},"content":{"rendered":"\n\t\t<style type=\"text\/css\">\n\t\t\t#gallery-1 {\n\t\t\t\tmargin: auto;\n\t\t\t}\n\t\t\t#gallery-1 .gallery-item {\n\t\t\t\tfloat: left;\n\t\t\t\tmargin-top: 10px;\n\t\t\t\ttext-align: center;\n\t\t\t\twidth: 33%;\n\t\t\t}\n\t\t\t#gallery-1 img {\n\t\t\t\tborder: 2px solid #cfcfcf;\n\t\t\t}\n\t\t\t#gallery-1 .gallery-caption {\n\t\t\t\tmargin-left: 0;\n\t\t\t}\n\t\t\t\/* see gallery_shortcode() in wp-includes\/media.php *\/\n\t\t<\/style>\n\t\t<div id='gallery-1' class='gallery galleryid-39280 gallery-columns-3 gallery-size-large'><dl class='gallery-item'>\n\t\t\t<dt class='gallery-icon landscape'>\n\t\t\t\t<a href='https:\/\/www.oaxaca.gob.mx\/comunicacion\/con-entrega-del-mercado-gastronomico-el-tule-alejandro-murat-fortalece-el-turismo-de-oaxaca\/amh-01-8\/'><img loading=\"lazy\" decoding=\"async\" width=\"1024\" height=\"682\" src=\"https:\/\/www.oaxaca.gob.mx\/comunicacion\/wp-content\/uploads\/sites\/28\/2019\/07\/AMH-01-5-1024x682.jpg\" class=\"attachment-large size-large\" alt=\"\" srcset=\"https:\/\/www.oaxaca.gob.mx\/comunicacion\/wp-content\/uploads\/sites\/28\/2019\/07\/AMH-01-5-1024x682.jpg 1024w, https:\/\/www.oaxaca.gob.mx\/comunicacion\/wp-content\/uploads\/sites\/28\/2019\/07\/AMH-01-5-300x200.jpg 300w, https:\/\/www.oaxaca.gob.mx\/comunicacion\/wp-content\/uploads\/sites\/28\/2019\/07\/AMH-01-5-768x512.jpg 768w, https:\/\/www.oaxaca.gob.mx\/comunicacion\/wp-content\/uploads\/sites\/28\/2019\/07\/AMH-01-5.jpg 1280w\" sizes=\"auto, (max-width: 1024px) 100vw, 1024px\" \/><\/a>\n\t\t\t<\/dt><\/dl><dl class='gallery-item'>\n\t\t\t<dt class='gallery-icon landscape'>\n\t\t\t\t<a href='https:\/\/www.oaxaca.gob.mx\/comunicacion\/con-entrega-del-mercado-gastronomico-el-tule-alejandro-murat-fortalece-el-turismo-de-oaxaca\/amh-02-7\/'><img loading=\"lazy\" decoding=\"async\" width=\"1024\" height=\"682\" src=\"https:\/\/www.oaxaca.gob.mx\/comunicacion\/wp-content\/uploads\/sites\/28\/2019\/07\/AMH-02-5-1024x682.jpg\" class=\"attachment-large size-large\" alt=\"\" srcset=\"https:\/\/www.oaxaca.gob.mx\/comunicacion\/wp-content\/uploads\/sites\/28\/2019\/07\/AMH-02-5-1024x682.jpg 1024w, https:\/\/www.oaxaca.gob.mx\/comunicacion\/wp-content\/uploads\/sites\/28\/2019\/07\/AMH-02-5-300x200.jpg 300w, https:\/\/www.oaxaca.gob.mx\/comunicacion\/wp-content\/uploads\/sites\/28\/2019\/07\/AMH-02-5-768x512.jpg 768w, https:\/\/www.oaxaca.gob.mx\/comunicacion\/wp-content\/uploads\/sites\/28\/2019\/07\/AMH-02-5.jpg 1280w\" sizes=\"auto, (max-width: 1024px) 100vw, 1024px\" \/><\/a>\n\t\t\t<\/dt><\/dl><dl class='gallery-item'>\n\t\t\t<dt class='gallery-icon landscape'>\n\t\t\t\t<a href='https:\/\/www.oaxaca.gob.mx\/comunicacion\/con-entrega-del-mercado-gastronomico-el-tule-alejandro-murat-fortalece-el-turismo-de-oaxaca\/amh-03-9\/'><img loading=\"lazy\" decoding=\"async\" width=\"1024\" height=\"682\" src=\"https:\/\/www.oaxaca.gob.mx\/comunicacion\/wp-content\/uploads\/sites\/28\/2019\/07\/AMH-03-6-1024x682.jpg\" class=\"attachment-large size-large\" alt=\"\" srcset=\"https:\/\/www.oaxaca.gob.mx\/comunicacion\/wp-content\/uploads\/sites\/28\/2019\/07\/AMH-03-6-1024x682.jpg 1024w, https:\/\/www.oaxaca.gob.mx\/comunicacion\/wp-content\/uploads\/sites\/28\/2019\/07\/AMH-03-6-300x200.jpg 300w, https:\/\/www.oaxaca.gob.mx\/comunicacion\/wp-content\/uploads\/sites\/28\/2019\/07\/AMH-03-6-768x512.jpg 768w, https:\/\/www.oaxaca.gob.mx\/comunicacion\/wp-content\/uploads\/sites\/28\/2019\/07\/AMH-03-6.jpg 1280w\" sizes=\"auto, (max-width: 1024px) 100vw, 1024px\" \/><\/a>\n\t\t\t<\/dt><\/dl><br style=\"clear: both\" \/><dl class='gallery-item'>\n\t\t\t<dt class='gallery-icon landscape'>\n\t\t\t\t<a href='https:\/\/www.oaxaca.gob.mx\/comunicacion\/con-entrega-del-mercado-gastronomico-el-tule-alejandro-murat-fortalece-el-turismo-de-oaxaca\/amh-04-6\/'><img loading=\"lazy\" decoding=\"async\" width=\"1024\" height=\"682\" src=\"https:\/\/www.oaxaca.gob.mx\/comunicacion\/wp-content\/uploads\/sites\/28\/2019\/07\/AMH-04-4-1024x682.jpg\" class=\"attachment-large size-large\" alt=\"\" srcset=\"https:\/\/www.oaxaca.gob.mx\/comunicacion\/wp-content\/uploads\/sites\/28\/2019\/07\/AMH-04-4-1024x682.jpg 1024w, https:\/\/www.oaxaca.gob.mx\/comunicacion\/wp-content\/uploads\/sites\/28\/2019\/07\/AMH-04-4-300x200.jpg 300w, https:\/\/www.oaxaca.gob.mx\/comunicacion\/wp-content\/uploads\/sites\/28\/2019\/07\/AMH-04-4-768x512.jpg 768w, https:\/\/www.oaxaca.gob.mx\/comunicacion\/wp-content\/uploads\/sites\/28\/2019\/07\/AMH-04-4.jpg 1280w\" sizes=\"auto, (max-width: 1024px) 100vw, 1024px\" \/><\/a>\n\t\t\t<\/dt><\/dl><dl class='gallery-item'>\n\t\t\t<dt class='gallery-icon landscape'>\n\t\t\t\t<a href='https:\/\/www.oaxaca.gob.mx\/comunicacion\/con-entrega-del-mercado-gastronomico-el-tule-alejandro-murat-fortalece-el-turismo-de-oaxaca\/amh-05-3\/'><img loading=\"lazy\" decoding=\"async\" width=\"1024\" height=\"682\" src=\"https:\/\/www.oaxaca.gob.mx\/comunicacion\/wp-content\/uploads\/sites\/28\/2019\/07\/AMH-05-2-1024x682.jpg\" class=\"attachment-large size-large\" alt=\"\" srcset=\"https:\/\/www.oaxaca.gob.mx\/comunicacion\/wp-content\/uploads\/sites\/28\/2019\/07\/AMH-05-2-1024x682.jpg 1024w, https:\/\/www.oaxaca.gob.mx\/comunicacion\/wp-content\/uploads\/sites\/28\/2019\/07\/AMH-05-2-300x200.jpg 300w, https:\/\/www.oaxaca.gob.mx\/comunicacion\/wp-content\/uploads\/sites\/28\/2019\/07\/AMH-05-2-768x512.jpg 768w, https:\/\/www.oaxaca.gob.mx\/comunicacion\/wp-content\/uploads\/sites\/28\/2019\/07\/AMH-05-2.jpg 1280w\" sizes=\"auto, (max-width: 1024px) 100vw, 1024px\" \/><\/a>\n\t\t\t<\/dt><\/dl><dl class='gallery-item'>\n\t\t\t<dt class='gallery-icon landscape'>\n\t\t\t\t<a href='https:\/\/www.oaxaca.gob.mx\/comunicacion\/con-entrega-del-mercado-gastronomico-el-tule-alejandro-murat-fortalece-el-turismo-de-oaxaca\/amh-06-3\/'><img loading=\"lazy\" decoding=\"async\" width=\"1024\" height=\"682\" src=\"https:\/\/www.oaxaca.gob.mx\/comunicacion\/wp-content\/uploads\/sites\/28\/2019\/07\/AMH-06-2-1024x682.jpg\" class=\"attachment-large size-large\" alt=\"\" srcset=\"https:\/\/www.oaxaca.gob.mx\/comunicacion\/wp-content\/uploads\/sites\/28\/2019\/07\/AMH-06-2-1024x682.jpg 1024w, https:\/\/www.oaxaca.gob.mx\/comunicacion\/wp-content\/uploads\/sites\/28\/2019\/07\/AMH-06-2-300x200.jpg 300w, https:\/\/www.oaxaca.gob.mx\/comunicacion\/wp-content\/uploads\/sites\/28\/2019\/07\/AMH-06-2-768x512.jpg 768w, https:\/\/www.oaxaca.gob.mx\/comunicacion\/wp-content\/uploads\/sites\/28\/2019\/07\/AMH-06-2.jpg 1280w\" sizes=\"auto, (max-width: 1024px) 100vw, 1024px\" \/><\/a>\n\t\t\t<\/dt><\/dl><br style=\"clear: both\" \/><dl class='gallery-item'>\n\t\t\t<dt class='gallery-icon landscape'>\n\t\t\t\t<a href='https:\/\/www.oaxaca.gob.mx\/comunicacion\/con-entrega-del-mercado-gastronomico-el-tule-alejandro-murat-fortalece-el-turismo-de-oaxaca\/amh-07-3\/'><img loading=\"lazy\" decoding=\"async\" width=\"1024\" height=\"682\" src=\"https:\/\/www.oaxaca.gob.mx\/comunicacion\/wp-content\/uploads\/sites\/28\/2019\/07\/AMH-07-2-1024x682.jpg\" class=\"attachment-large size-large\" alt=\"\" srcset=\"https:\/\/www.oaxaca.gob.mx\/comunicacion\/wp-content\/uploads\/sites\/28\/2019\/07\/AMH-07-2-1024x682.jpg 1024w, https:\/\/www.oaxaca.gob.mx\/comunicacion\/wp-content\/uploads\/sites\/28\/2019\/07\/AMH-07-2-300x200.jpg 300w, https:\/\/www.oaxaca.gob.mx\/comunicacion\/wp-content\/uploads\/sites\/28\/2019\/07\/AMH-07-2-768x512.jpg 768w, https:\/\/www.oaxaca.gob.mx\/comunicacion\/wp-content\/uploads\/sites\/28\/2019\/07\/AMH-07-2.jpg 1280w\" sizes=\"auto, (max-width: 1024px) 100vw, 1024px\" \/><\/a>\n\t\t\t<\/dt><\/dl><dl class='gallery-item'>\n\t\t\t<dt class='gallery-icon landscape'>\n\t\t\t\t<a href='https:\/\/www.oaxaca.gob.mx\/comunicacion\/con-entrega-del-mercado-gastronomico-el-tule-alejandro-murat-fortalece-el-turismo-de-oaxaca\/amh-08-3\/'><img loading=\"lazy\" decoding=\"async\" width=\"1024\" height=\"682\" src=\"https:\/\/www.oaxaca.gob.mx\/comunicacion\/wp-content\/uploads\/sites\/28\/2019\/07\/AMH-08-2-1024x682.jpg\" class=\"attachment-large size-large\" alt=\"\" srcset=\"https:\/\/www.oaxaca.gob.mx\/comunicacion\/wp-content\/uploads\/sites\/28\/2019\/07\/AMH-08-2-1024x682.jpg 1024w, https:\/\/www.oaxaca.gob.mx\/comunicacion\/wp-content\/uploads\/sites\/28\/2019\/07\/AMH-08-2-300x200.jpg 300w, https:\/\/www.oaxaca.gob.mx\/comunicacion\/wp-content\/uploads\/sites\/28\/2019\/07\/AMH-08-2-768x512.jpg 768w, https:\/\/www.oaxaca.gob.mx\/comunicacion\/wp-content\/uploads\/sites\/28\/2019\/07\/AMH-08-2.jpg 1280w\" sizes=\"auto, (max-width: 1024px) 100vw, 1024px\" \/><\/a>\n\t\t\t<\/dt><\/dl><dl class='gallery-item'>\n\t\t\t<dt class='gallery-icon landscape'>\n\t\t\t\t<a href='https:\/\/www.oaxaca.gob.mx\/comunicacion\/con-entrega-del-mercado-gastronomico-el-tule-alejandro-murat-fortalece-el-turismo-de-oaxaca\/amh-09-2\/'><img loading=\"lazy\" decoding=\"async\" width=\"1024\" height=\"682\" src=\"https:\/\/www.oaxaca.gob.mx\/comunicacion\/wp-content\/uploads\/sites\/28\/2019\/07\/AMH-09-1-1024x682.jpg\" class=\"attachment-large size-large\" alt=\"\" srcset=\"https:\/\/www.oaxaca.gob.mx\/comunicacion\/wp-content\/uploads\/sites\/28\/2019\/07\/AMH-09-1-1024x682.jpg 1024w, https:\/\/www.oaxaca.gob.mx\/comunicacion\/wp-content\/uploads\/sites\/28\/2019\/07\/AMH-09-1-300x200.jpg 300w, https:\/\/www.oaxaca.gob.mx\/comunicacion\/wp-content\/uploads\/sites\/28\/2019\/07\/AMH-09-1-768x512.jpg 768w, https:\/\/www.oaxaca.gob.mx\/comunicacion\/wp-content\/uploads\/sites\/28\/2019\/07\/AMH-09-1.jpg 1280w\" sizes=\"auto, (max-width: 1024px) 100vw, 1024px\" \/><\/a>\n\t\t\t<\/dt><\/dl><br style=\"clear: both\" \/>\n\t\t<\/div>\n\n<ul>\n<li>Con la reconstrucci\u00f3n del Mercado Gastron\u00f3mico El Tule, suman 22 los mercados tradicionales rehabilitados en la entidad<\/li>\n<\/ul>\n<p><strong>Oaxaca de Ju\u00e1rez, Oax. 10 de julio de 2019.<\/strong>\u00a0En un ambiente festivo de folclor y tradici\u00f3n, el gobernador Alejandro Murat Hinojosa inaugur\u00f3 la reconstrucci\u00f3n del Mercado Gastron\u00f3mico El Tule, que requiri\u00f3 una inversi\u00f3n de 8.6 millones de pesos y beneficiar\u00e1 a 34 locatarias y locatarios del lugar.<\/p>\n<p>\u00abLos mercados son el coraz\u00f3n de Oaxaca\u00bb, afirm\u00f3 en compa\u00f1\u00eda del presidente municipal Sisenando M\u00e9ndez Mart\u00ednez.<\/p>\n<p>El Jefe del Poder Ejecutivo precis\u00f3 que toda vez que los mercados son un referente de la cultura y riqueza gastron\u00f3mica de Oaxaca, desde el inicio de su administraci\u00f3n se puso en marcha el Programa de Fortalecimiento de Mercados P\u00fablicos, con el fin de ofrecer instalaciones dignas tanto a comerciantes, como a las y los ciudadanos que acuden a estos espacios tradicionales.<\/p>\n<p>Como parte de esta iniciativa, a la fecha se han rehabilitado 22 mercados en toda la entidad, lo que permite contar con instalaciones funcionales, dignas, seguras y limpias en cada uno de ellos. En el espacio entregado el d\u00eda de hoy se rehabilitaron las instalaciones hidr\u00e1ulicas, sanitarias, el\u00e9ctricas y la techumbre para permitir m\u00e1s entrada de luz solar y mejor ventilaci\u00f3n.<\/p>\n<p>De esta manera, Murat Hinojosa precis\u00f3 que la entrega de este mercado tradicional de El Tule, localidad reconocida a nivel internacional por su \u00e1rbol milenario, forma parte de los compromisos asumidos con las y los pobladores de este importante destino tur\u00edstico para fortalecer la econom\u00eda local, especialmente en el marco de la Guelaguetza, durante la cual se prev\u00e9 una derrama econ\u00f3mica de 417 millones de pesos.<\/p>\n<p>En este sentido, Murat Hinojosa refrend\u00f3 el compromiso de su gobierno para seguir trabajando por la grandeza de Oaxaca a trav\u00e9s de acciones como las que permitieron que en 2018 la entidad consolidara un crecimiento econ\u00f3mico de 3.9%, de acuerdo con datos del INEGI.<\/p>\n<p>A nombre de las y los locatarios beneficiados, Elizabeth V\u00e1squez Jarqu\u00edn invit\u00f3 a visitar este lugar donde, dijo, podr\u00e1n degustar un rico chocolate caliente con pan de yema, barbacoa, memelitas, empanadas, tejate, nieves, aguas frescas y frutas de la temporada.<\/p>\n<p><strong>Entrega Alejandro Murat obras por m\u00e1s de 17 mdp<\/strong><\/p>\n<p>En esta gira de trabajo, el Mandatario Estatal inaugur\u00f3 la Planta de Tratamiento de Aguas Residuales que requiri\u00f3 una inversi\u00f3n de 15.13 millones de pesos del Fondo de Aportaciones para el Fortalecimiento de las Entidades Federativas y del Fondo de Aportaciones para la Infraestructura Social.<\/p>\n<p>Esta obra, cuya superficie es de 23 mil 610 metros cuadrados, beneficiar\u00e1 a m\u00e1s de siete mil 500 habitantes y abonar\u00e1 al cuidado del medio ambiente para disminuir la contaminaci\u00f3n en la zona.<\/p>\n<p>Posteriormente, acompa\u00f1ado del edil de este lugar, Murat Hinojosa inaugur\u00f3 la cancha de F\u00fatbol 7 de la Unidad Deportiva \u00ab\u00c1rbol Milenario\u00bb, en la cual se invirtieron dos millones de pesos en beneficio de m\u00e1s de siete mil 600 habitantes, especialmente a ni\u00f1os, ni\u00f1as y j\u00f3venes de este municipio.<\/p>\n<p>Luego de develar la placa alusiva a esta inauguraci\u00f3n, el Mandatario Estatal dijo que este espacio tiene el prop\u00f3sito de fomentar las actividades deportivas, pero tambi\u00e9n de reunir a las familias, las cuales podr\u00e1n disfrutar de los partidos en instalaciones dignas y funcionales.<\/p>\n<p>\u201cEs importante ense\u00f1arle a nuestros hijos a trabajar en equipo, a competir. Porque aunque a veces se gana y a veces se pierde, el deporte nos forja, divierte y contribuye a tener buena salud\u00bb, puntualiz\u00f3.<\/p>\n<p>A nombre de las y los beneficiados, el entrenador del equipo infantil El Tule FC, Ernesto Alberto Hern\u00e1ndez D\u00edaz, agradeci\u00f3 las nuevas instalaciones para seguir fomentando este deporte en las ni\u00f1as y ni\u00f1os de este lugar.<\/p>\n<p>En esta gira de trabajo se cont\u00f3 con la presencia del diputado federal, Azael Santiago Chepi; Mariana Ben\u00edtez Tiburcio, as\u00ed como los secretarios de Turismo, Juan Carlos Rivera Castellanos; de Econom\u00eda, Juan Pablo Guzm\u00e1n Cobi\u00e1n y el director del Instituto Oaxaque\u00f1o del Emprendedor y de la Competitividad (Iodemc), Rodrigo Arnaud Bello.<\/p>\n","protected":false},"excerpt":{"rendered":"<p>Con la reconstrucci\u00f3n del Mercado Gastron\u00f3mico El Tule, suman 22 los mercados tradicionales rehabilitados en la entidad Oaxaca de Ju\u00e1rez, Oax. 10 de julio de 2019.\u00a0En un ambiente festivo de folclor y tradici\u00f3n, el gobernador Alejandro Murat Hinojosa inaugur\u00f3 la reconstrucci\u00f3n del Mercado Gastron\u00f3mico El Tule, que requiri\u00f3 una inversi\u00f3n de 8.6 millones de pesos [&hellip;]<\/p>\n","protected":false},"author":38,"featured_media":39290,"comment_status":"open","ping_status":"open","sticky":false,"template":"","format":"standard","meta":{"episode_type":"","audio_file":"","podmotor_file_id":"","podmotor_episode_id":"","cover_image":"","cover_image_id":"","duration":"","filesize":"","filesize_raw":"","date_recorded":"","explicit":"","block":"","itunes_episode_number":"","itunes_title":"","itunes_season_number":"","itunes_episode_type":"","footnotes":""},"categories":[7,8],"tags":[29,180,273,441],"class_list":["post-39280","post","type-post","status-publish","format-standard","has-post-thumbnail","hentry","category-slide","category-noticias","tag-amh","tag-economia","tag-iodemc","tag-turismo"],"acf":[],"publishpress_future_action":{"enabled":false,"date":"2026-05-10 09:01:42","action":"change-status","newStatus":"draft","terms":[],"taxonomy":"category","extraData":[]},"publishpress_future_workflow_manual_trigger":{"enabledWorkflows":[]},"_links":{"self":[{"href":"https:\/\/www.oaxaca.gob.mx\/comunicacion\/wp-json\/wp\/v2\/posts\/39280","targetHints":{"allow":["GET"]}}],"collection":[{"href":"https:\/\/www.oaxaca.gob.mx\/comunicacion\/wp-json\/wp\/v2\/posts"}],"about":[{"href":"https:\/\/www.oaxaca.gob.mx\/comunicacion\/wp-json\/wp\/v2\/types\/post"}],"author":[{"embeddable":true,"href":"https:\/\/www.oaxaca.gob.mx\/comunicacion\/wp-json\/wp\/v2\/users\/38"}],"replies":[{"embeddable":true,"href":"https:\/\/www.oaxaca.gob.mx\/comunicacion\/wp-json\/wp\/v2\/comments?post=39280"}],"version-history":[{"count":1,"href":"https:\/\/www.oaxaca.gob.mx\/comunicacion\/wp-json\/wp\/v2\/posts\/39280\/revisions"}],"predecessor-version":[{"id":39291,"href":"https:\/\/www.oaxaca.gob.mx\/comunicacion\/wp-json\/wp\/v2\/posts\/39280\/revisions\/39291"}],"wp:featuredmedia":[{"embeddable":true,"href":"https:\/\/www.oaxaca.gob.mx\/comunicacion\/wp-json\/wp\/v2\/media\/39290"}],"wp:attachment":[{"href":"https:\/\/www.oaxaca.gob.mx\/comunicacion\/wp-json\/wp\/v2\/media?parent=39280"}],"wp:term":[{"taxonomy":"category","embeddable":true,"href":"https:\/\/www.oaxaca.gob.mx\/comunicacion\/wp-json\/wp\/v2\/categories?post=39280"},{"taxonomy":"post_tag","embeddable":true,"href":"https:\/\/www.oaxaca.gob.mx\/comunicacion\/wp-json\/wp\/v2\/tags?post=39280"}],"curies":[{"name":"wp","href":"https:\/\/api.w.org\/{rel}","templated":true}]}}