{"id":36830,"date":"2019-06-01T18:26:33","date_gmt":"2019-06-02T00:26:33","guid":{"rendered":"https:\/\/www.oaxaca.gob.mx\/comunicacion\/?p=36830"},"modified":"2019-06-01T18:26:33","modified_gmt":"2019-06-02T00:26:33","slug":"coplade-encabeza-mesa-de-atencion-para-autoridades-de-la-sierra-norte","status":"publish","type":"post","link":"https:\/\/www.oaxaca.gob.mx\/comunicacion\/coplade-encabeza-mesa-de-atencion-para-autoridades-de-la-sierra-norte\/","title":{"rendered":"Coplade encabeza mesa de atenci\u00f3n para autoridades de la Sierra Norte"},"content":{"rendered":"\n<ul>\n<li>En San Pedro Yaneri, la Coordinaci\u00f3n General del Coplade realiza la onceava reuni\u00f3n de atenci\u00f3n interinstitucional con los 26 municipios que conforman el Distrito de Ixtl\u00e1n<\/li>\n<\/ul>\n<ul>\n<li>El coordinador general, Javier Lazcano informa de los avances en materia de salud, seguridad p\u00fablica, restauraci\u00f3n del patrimonio hist\u00f3rico, entre otros temas prioritarios<\/li>\n<\/ul>\n<p><strong>San Pedro Yaneri, Oax. 31 de mayo de 2019.<\/strong>\u00a0En este municipio enclavado en la Sierra Norte del estado, se realiz\u00f3 la reuni\u00f3n de trabajo interinstitucional entre dependencias del Gobierno del Estado de Oaxaca y 26 municipios serranos integrados en la Uni\u00f3n Liberal de Ayuntamientos del Distrito de Ixtl\u00e1n (ULADI), adem\u00e1s de representantes del Gobierno Federal.<\/p>\n<p>Esta mesa de trabajo fue encabezada por Javier Lazcano Vargas, coordinador general del Comit\u00e9 Estatal de Planeaci\u00f3n de Oaxaca (Coplade), quien se\u00f1al\u00f3 que este mecanismo ha permitido encauzar los planteamientos de los presidentes municipales de la Sierra Norte convirti\u00e9ndose en un referente para la entidad.<\/p>\n<p>\u201cHoy venimos con la encomienda del gobernador Alejandro Murat Hinojosa a refrendar su compromiso para sumar esfuerzos en favor del desarrollo del Distrito de Ixtl\u00e1n. Seguiremos trabajando en los principales temas de la agenda de desarrollo del Distrito de Ixtl\u00e1n, mostrando voluntad y disposici\u00f3n para encauzar los planteamientos que mejoren la calidad de vida de las familias serranas\u201d, puntualiz\u00f3.<\/p>\n<p>Lazcano Vargas a\u00f1adi\u00f3 que en adelante Coplade pondr\u00e1 en marcha un modelo de integraci\u00f3n de Consejos de Desarrollo Regional en todo el estado con el fin de potenciar la planeaci\u00f3n y ejecuci\u00f3n de proyectos de impacto regional, microregional y municipal.<\/p>\n<p>Por su parte, Eufrosina Cruz Mendoza, secretaria de Pueblos Ind\u00edgenas y Afromexicanos, sostuvo que la ULADI es un ejemplo para otros municipios del estado para acordar y priorizar el combate a las carencias sociales de sus comunidades.<\/p>\n<p>A nombre de este \u00f3rgano colegiado, Albino P\u00e9rez Prudencio, presidente municipal de San Pedro Yaneri, agradeci\u00f3 al Gobierno del Estado por\u00a0 mantener comunicaci\u00f3n permanente y enviar a los servidores p\u00fablicos de distintas dependencias a conocer de primera mano las necesidades de este municipio zapoteca y en general del Distrito de Ixtl\u00e1n.<\/p>\n<p><strong>Avances en los planteamientos<\/strong><\/p>\n<p>Entre los avances presentados se encuentra la reactivaci\u00f3n de la obra de sustituci\u00f3n del Hospital Regional de Ixtl\u00e1n, que brindar\u00e1 atenci\u00f3n m\u00e9dica a la poblaci\u00f3n de los diferentes municipios de este Distrito.<\/p>\n<p>Asimismo, se ha avanzado en la instalaci\u00f3n del Sistema Integral de Radiocomunicaci\u00f3n con la Secretar\u00eda de Seguridad P\u00fablica del Estado, lo que permitir\u00e1 combatir los fen\u00f3menos delictivos en la regi\u00f3n Sierra Norte con una cobertura amplia y garantizada.<\/p>\n<p>Adem\u00e1s el Gobierno del Estado atiende planteamientos en materia de construcci\u00f3n y modernizaci\u00f3n de caminos, espacios educativos y conservaci\u00f3n del patrimonio cultural.<\/p>\n<p>A esta reuni\u00f3n asistieron autoridades municipales de 26 municipios, representantes de distintas dependencias del Gobierno del Estado, as\u00ed como de la Secretar\u00eda del Bienestar del Gobierno de la Rep\u00fablica.<\/p>\n<p>Cabe se\u00f1alar que hasta el momento se han celebrado 11 reuniones entre el Gobierno del Estado de Oaxaca y la ULADI con car\u00e1cter mensual en cada uno de los municipios que la integran y la pr\u00f3xima mesa de atenci\u00f3n se realizar\u00e1 en San Miguel del R\u00edo.<\/p>\n","protected":false},"excerpt":{"rendered":"<p>En San Pedro Yaneri, la Coordinaci\u00f3n General del Coplade realiza la onceava reuni\u00f3n de atenci\u00f3n interinstitucional con los 26 municipios que conforman el Distrito de Ixtl\u00e1n El coordinador general, Javier Lazcano informa de los avances en materia de salud, seguridad p\u00fablica, restauraci\u00f3n del patrimonio hist\u00f3rico, entre otros temas prioritarios San Pedro Yaneri, Oax. 31 de [&hellip;]<\/p>\n","protected":false},"author":1,"featured_media":0,"comment_status":"open","ping_status":"open","sticky":false,"template":"","format":"standard","meta":{"episode_type":"","audio_file":"","podmotor_file_id":"","podmotor_episode_id":"","cover_image":"","cover_image_id":"","duration":"","filesize":"","filesize_raw":"","date_recorded":"","explicit":"","block":"","itunes_episode_number":"","itunes_title":"","itunes_season_number":"","itunes_episode_type":"","footnotes":""},"categories":[8],"tags":[142],"class_list":["post-36830","post","type-post","status-publish","format-standard","hentry","category-noticias","tag-coplade"],"acf":[],"publishpress_future_action":{"enabled":false,"date":"2026-05-03 11:33:12","action":"change-status","newStatus":"draft","terms":[],"taxonomy":"category","extraData":[]},"publishpress_future_workflow_manual_trigger":{"enabledWorkflows":[]},"_links":{"self":[{"href":"https:\/\/www.oaxaca.gob.mx\/comunicacion\/wp-json\/wp\/v2\/posts\/36830","targetHints":{"allow":["GET"]}}],"collection":[{"href":"https:\/\/www.oaxaca.gob.mx\/comunicacion\/wp-json\/wp\/v2\/posts"}],"about":[{"href":"https:\/\/www.oaxaca.gob.mx\/comunicacion\/wp-json\/wp\/v2\/types\/post"}],"author":[{"embeddable":true,"href":"https:\/\/www.oaxaca.gob.mx\/comunicacion\/wp-json\/wp\/v2\/users\/1"}],"replies":[{"embeddable":true,"href":"https:\/\/www.oaxaca.gob.mx\/comunicacion\/wp-json\/wp\/v2\/comments?post=36830"}],"version-history":[{"count":0,"href":"https:\/\/www.oaxaca.gob.mx\/comunicacion\/wp-json\/wp\/v2\/posts\/36830\/revisions"}],"wp:attachment":[{"href":"https:\/\/www.oaxaca.gob.mx\/comunicacion\/wp-json\/wp\/v2\/media?parent=36830"}],"wp:term":[{"taxonomy":"category","embeddable":true,"href":"https:\/\/www.oaxaca.gob.mx\/comunicacion\/wp-json\/wp\/v2\/categories?post=36830"},{"taxonomy":"post_tag","embeddable":true,"href":"https:\/\/www.oaxaca.gob.mx\/comunicacion\/wp-json\/wp\/v2\/tags?post=36830"}],"curies":[{"name":"wp","href":"https:\/\/api.w.org\/{rel}","templated":true}]}}