{"id":3301,"date":"2017-10-03T23:08:36","date_gmt":"2017-10-04T05:08:36","guid":{"rendered":"https:\/\/www.oaxaca.gob.mx\/comunicacion\/?p=3301"},"modified":"2017-10-03T23:08:36","modified_gmt":"2017-10-04T05:08:36","slug":"activa-cepco-protocolos-por-danos-originados-por-lluvias-esta-noche","status":"publish","type":"post","link":"https:\/\/www.oaxaca.gob.mx\/comunicacion\/activa-cepco-protocolos-por-danos-originados-por-lluvias-esta-noche\/","title":{"rendered":"Activa CEPCO protocolos por da\u00f1os originados por lluvias esta noche"},"content":{"rendered":"<p>\t\t\t\t<strong>Oaxaca de Ju\u00e1rez, Oax., a 03 de octubre de 2017.-\u00a0<\/strong>El Gobierno del Estado a trav\u00e9s de la Coordinaci\u00f3n Estatal de Protecci\u00f3n Civil mantiene activo el operativo de apoyo esta noche por los da\u00f1os que est\u00e1n provocando las lluvias.<\/p>\n<p>&nbsp;<\/p>\n<p>Las lluvias generadas por la zona de baja al sureste de las costas de Oaxaca, ahora con 70% de potencial para desarrollo cicl\u00f3nico han provocado un derrumbe en el kil\u00f3metro 80 de la carretera Oaxaca-Tuxtepec, obstaculizando el paso completamente.<\/p>\n<p>&nbsp;<\/p>\n<p>En Uni\u00f3n Hidalgo las lluvias han provocado el desbordamiento del r\u00edo Esp\u00edritu Santo, por lo que se implementa un operativo de evacuaci\u00f3n en la zona, llevando a las personas a zonas seguras.<\/p>\n<p>&nbsp;<\/p>\n<p>Asimismo se mantiene vigilancia en el r\u00edo Malatengo en el Municipio de San Juan Guichicovi donde el cauce a alcanzado su nivel m\u00e1s alto y contin\u00faa increment\u00e1ndose, por el momento s\u00f3lo se reportan afectaciones en terrenos agr\u00edcolas y ganaderos.<\/p>\n<p>&nbsp;<\/p>\n<p>La Coordinaci\u00f3n Estatal de Protecci\u00f3n Civil del Estado de Oaxaca, informa que continuara el monitoreo del sistema de baja presi\u00f3n el cual hasta el momento tiene una probabilidad del (70%) de intensificarse a Depresi\u00f3n Tropical.<\/p>\n<p>&nbsp;<\/p>\n<p>&nbsp;<\/p>\n<p><strong>Recomendaciones:<\/strong><\/p>\n<p>&nbsp;<\/p>\n<p>&nbsp;<\/p>\n<p>A la poblaci\u00f3n en general se le recomienda mantenerse informada sobre los avisos que emite la Coordinaci\u00f3n Estatal de Protecci\u00f3n Civil, con el fin de tomar las medidas preventivas y adecuadas.<\/p>\n<p>&nbsp;<\/p>\n<p>A la navegaci\u00f3n mar\u00edtima, pesca artesanal y deportiva se les recomienda evaluar las condiciones atmosf\u00e9ricas y oceanogr\u00e1ficas antes de realizar sus actividades especialmente con rumbo al Golfo de Tehuantepec, as\u00ed como atender las recomendaciones de Capitan\u00eda de Puerto y Protecci\u00f3n Civil.<\/p>\n<p>&nbsp;<\/p>\n<p>&nbsp;<\/p>\n<p><strong>LLUVIA Y TORMENTAS<\/strong><\/p>\n<p>&nbsp;<\/p>\n<p>&nbsp;<\/p>\n<p>*Extreme precauciones al transitar por brechas y caminos rurales, ante baja visibilidad, terreno resbaladizo, posibles deslaves de sierras y avenitas s\u00fabitas de agua con material de arrastre<\/p>\n<p>&nbsp;<\/p>\n<p>*Si hay riesgo de un deslave o rodamiento de piedras, desaloje inmediatamente<\/p>\n<p>&nbsp;<\/p>\n<p>*No transite por zonas inundadas; ya que puede haber sumergido cables de energ\u00eda el\u00e9ctrica, no se acerque a postes o cables de electricidad.<\/p>\n<p>&nbsp;<\/p>\n<p>*No intente cruzar cauces de r\u00edos, arroyos, vados y zonas bajas porque puede ser arrastrado por el agua.<\/p>\n<p>&nbsp;<\/p>\n<p>*Si viaja en su veh\u00edculo, extreme precauciones al desplazarse en carreteras especialmente en zonas monta\u00f1osas y costa; as\u00ed como en vados y brechas debido a la presencia de vientos y lluvia<\/p>\n<p>&nbsp;<\/p>\n<p>*No cruce puentes si el agua lo pasa por encima.<\/p>\n<p>&nbsp;<\/p>\n<p>*Al\u00e9jese de casas y muros en peligro de derrumbarse.<\/p>\n<p>&nbsp;<\/p>\n<p>*No tome l\u00edquidos ni alimentos que hayan estado en contacto con aguas contaminadas.<\/p>\n<p>&nbsp;<\/p>\n<p>*Evite que el agua quede estancada ya que proliferan los mosquitos transmisores de enfermedades<\/p>\n<p>&nbsp;<\/p>\n<p>*En caso de tormentas el\u00e9ctricas procure no utilizar equipos el\u00e9ctricos o electr\u00f3nicos, si se encuentra en el exterior ref\u00fagiese en una edificaci\u00f3n, si va conduciendo qu\u00e9dese en el interior de su veh\u00edculo.<\/p>\n<p>&nbsp;<\/p>\n<p><strong>POR VIENTO<\/strong><\/p>\n<p>&nbsp;<\/p>\n<p>*Extreme precauciones ante presencia de vientos fuertes y ponga especial atenci\u00f3n a construcciones de material endeble, as\u00ed como posibles afectaciones en espectaculares y tendido el\u00e9ctrico.<\/p>\n<p>&nbsp;<\/p>\n<p>*Extremar precauciones al tr\u00e1nsito vehicular en carreteras y caminos rurales, vados y puentes serranos, as\u00ed como zonas urbanas, si es necesario buscar rutas alternas.<\/p>\n<p>&nbsp;<\/p>\n<p>* En caso de estar transitando por la calle, extreme precauciones ya que las r\u00e1fagas de viento pueden arrastrar o convertir objetos en proyectiles, busque refugio en casas y edificios de construcci\u00f3n s\u00f3lida.<\/p>\n<p>&nbsp;<\/p>\n<p>* En su domicilio mantenga abiertas algunas de las ventanas (preferentemente a sotavento), y evita permanecer en habitaciones enfrentadas a la direcci\u00f3n de donde sopla el viento que tenga ventanales. Permanezca alejado de las ventanas y en caso de ser necesario puede protegerse debajo de muebles s\u00f3lidos y pesados o escaleras interiores<\/p>\n<p>&nbsp;<\/p>\n<p>&nbsp;<\/p>\n<p><strong>OLEAJE<\/strong><\/p>\n<p>&nbsp;<\/p>\n<p>&nbsp;<\/p>\n<p>* Extremar precauciones a la navegaci\u00f3n por la presencia de oleaje elevado, as\u00ed como la realizaci\u00f3n de actividades tur\u00edsticas, recreativas y comerciales en el mar y zona de playas.<\/p>\n<p>&nbsp;<\/p>\n<p>*Extreme precauciones y mant\u00e9ngase informado sobre las acciones que las autoridades mar\u00edtimas y portuarias establezcan.<\/p>\n<p>&nbsp;<\/p>\n<p>La Coordinaci\u00f3n Estatal de Protecci\u00f3n Civil, estar\u00e1 emitiendo boletines de alertamiento, sobre la evoluci\u00f3n del sistema y los consejos municipales deber\u00e1n de tomar las medidas necesarias para laprotecci\u00f3n de la poblaci\u00f3n.<\/p>\n<p style=\"text-align: center\"><strong>-0-<\/strong><\/p>\n","protected":false},"excerpt":{"rendered":"<p>Oaxaca de Ju\u00e1rez, Oax., a 03 de octubre de 2017.-\u00a0El Gobierno del Estado a trav\u00e9s de la Coordinaci\u00f3n Estatal de Protecci\u00f3n Civil mantiene activo el operativo de apoyo esta noche por los da\u00f1os que est\u00e1n provocando las lluvias. &nbsp; Las lluvias generadas por la zona de baja al sureste de las costas de Oaxaca, ahora [&hellip;]<\/p>\n","protected":false},"author":1,"featured_media":0,"comment_status":"open","ping_status":"open","sticky":false,"template":"","format":"standard","meta":{"episode_type":"","audio_file":"","podmotor_file_id":"","podmotor_episode_id":"","cover_image":"","cover_image_id":"","duration":"","filesize":"","filesize_raw":"","date_recorded":"","explicit":"","block":"","itunes_episode_number":"","itunes_title":"","itunes_season_number":"","itunes_episode_type":"","footnotes":""},"categories":[8],"tags":[89],"class_list":["post-3301","post","type-post","status-publish","format-standard","hentry","category-noticias","tag-cepco"],"acf":[],"publishpress_future_action":{"enabled":false,"date":"2026-05-03 11:48:19","action":"change-status","newStatus":"draft","terms":[],"taxonomy":"category","extraData":[]},"publishpress_future_workflow_manual_trigger":{"enabledWorkflows":[]},"_links":{"self":[{"href":"https:\/\/www.oaxaca.gob.mx\/comunicacion\/wp-json\/wp\/v2\/posts\/3301","targetHints":{"allow":["GET"]}}],"collection":[{"href":"https:\/\/www.oaxaca.gob.mx\/comunicacion\/wp-json\/wp\/v2\/posts"}],"about":[{"href":"https:\/\/www.oaxaca.gob.mx\/comunicacion\/wp-json\/wp\/v2\/types\/post"}],"author":[{"embeddable":true,"href":"https:\/\/www.oaxaca.gob.mx\/comunicacion\/wp-json\/wp\/v2\/users\/1"}],"replies":[{"embeddable":true,"href":"https:\/\/www.oaxaca.gob.mx\/comunicacion\/wp-json\/wp\/v2\/comments?post=3301"}],"version-history":[{"count":0,"href":"https:\/\/www.oaxaca.gob.mx\/comunicacion\/wp-json\/wp\/v2\/posts\/3301\/revisions"}],"wp:attachment":[{"href":"https:\/\/www.oaxaca.gob.mx\/comunicacion\/wp-json\/wp\/v2\/media?parent=3301"}],"wp:term":[{"taxonomy":"category","embeddable":true,"href":"https:\/\/www.oaxaca.gob.mx\/comunicacion\/wp-json\/wp\/v2\/categories?post=3301"},{"taxonomy":"post_tag","embeddable":true,"href":"https:\/\/www.oaxaca.gob.mx\/comunicacion\/wp-json\/wp\/v2\/tags?post=3301"}],"curies":[{"name":"wp","href":"https:\/\/api.w.org\/{rel}","templated":true}]}}