{"id":32274,"date":"2019-03-20T14:52:53","date_gmt":"2019-03-20T20:52:53","guid":{"rendered":"https:\/\/www.oaxaca.gob.mx\/comunicacion\/?p=32274"},"modified":"2019-03-20T14:52:53","modified_gmt":"2019-03-20T20:52:53","slug":"cumple-sso-y-entrega-ambulancia-a-tlacotepec","status":"publish","type":"post","link":"https:\/\/www.oaxaca.gob.mx\/comunicacion\/cumple-sso-y-entrega-ambulancia-a-tlacotepec\/","title":{"rendered":"Cumple SSO y entrega ambulancia a Tlacotepec"},"content":{"rendered":"<p>\t\t\t\t&nbsp;<\/p>\n\n\t\t<style type=\"text\/css\">\n\t\t\t#gallery-1 {\n\t\t\t\tmargin: auto;\n\t\t\t}\n\t\t\t#gallery-1 .gallery-item {\n\t\t\t\tfloat: left;\n\t\t\t\tmargin-top: 10px;\n\t\t\t\ttext-align: center;\n\t\t\t\twidth: 25%;\n\t\t\t}\n\t\t\t#gallery-1 img {\n\t\t\t\tborder: 2px solid #cfcfcf;\n\t\t\t}\n\t\t\t#gallery-1 .gallery-caption {\n\t\t\t\tmargin-left: 0;\n\t\t\t}\n\t\t\t\/* see gallery_shortcode() in wp-includes\/media.php *\/\n\t\t<\/style>\n\t\t<div id='gallery-1' class='gallery galleryid-32274 gallery-columns-4 gallery-size-medium'><dl class='gallery-item'>\n\t\t\t<dt class='gallery-icon landscape'>\n\t\t\t\t<a href='https:\/\/www.oaxaca.gob.mx\/comunicacion\/cumple-sso-y-entrega-ambulancia-a-tlacotepec-1\/'><img loading=\"lazy\" decoding=\"async\" width=\"300\" height=\"225\" src=\"https:\/\/www.oaxaca.gob.mx\/comunicacion\/wp-content\/uploads\/sites\/28\/2019\/03\/Cumple-SSO-y-entrega-ambulancia-a-Tlacotepec-1-300x225.jpg\" class=\"attachment-medium size-medium\" alt=\"\" srcset=\"https:\/\/www.oaxaca.gob.mx\/comunicacion\/wp-content\/uploads\/sites\/28\/2019\/03\/Cumple-SSO-y-entrega-ambulancia-a-Tlacotepec-1-300x225.jpg 300w, https:\/\/www.oaxaca.gob.mx\/comunicacion\/wp-content\/uploads\/sites\/28\/2019\/03\/Cumple-SSO-y-entrega-ambulancia-a-Tlacotepec-1-768x576.jpg 768w, https:\/\/www.oaxaca.gob.mx\/comunicacion\/wp-content\/uploads\/sites\/28\/2019\/03\/Cumple-SSO-y-entrega-ambulancia-a-Tlacotepec-1.jpg 1024w\" sizes=\"auto, (max-width: 300px) 100vw, 300px\" \/><\/a>\n\t\t\t<\/dt><\/dl><dl class='gallery-item'>\n\t\t\t<dt class='gallery-icon landscape'>\n\t\t\t\t<a href='https:\/\/www.oaxaca.gob.mx\/comunicacion\/cumple-sso-y-entrega-ambulancia-a-tlacotepec-2\/'><img loading=\"lazy\" decoding=\"async\" width=\"300\" height=\"225\" src=\"https:\/\/www.oaxaca.gob.mx\/comunicacion\/wp-content\/uploads\/sites\/28\/2019\/03\/Cumple-SSO-y-entrega-ambulancia-a-Tlacotepec-2-300x225.jpg\" class=\"attachment-medium size-medium\" alt=\"\" srcset=\"https:\/\/www.oaxaca.gob.mx\/comunicacion\/wp-content\/uploads\/sites\/28\/2019\/03\/Cumple-SSO-y-entrega-ambulancia-a-Tlacotepec-2-300x225.jpg 300w, https:\/\/www.oaxaca.gob.mx\/comunicacion\/wp-content\/uploads\/sites\/28\/2019\/03\/Cumple-SSO-y-entrega-ambulancia-a-Tlacotepec-2-768x576.jpg 768w, https:\/\/www.oaxaca.gob.mx\/comunicacion\/wp-content\/uploads\/sites\/28\/2019\/03\/Cumple-SSO-y-entrega-ambulancia-a-Tlacotepec-2.jpg 1024w\" sizes=\"auto, (max-width: 300px) 100vw, 300px\" \/><\/a>\n\t\t\t<\/dt><\/dl><dl class='gallery-item'>\n\t\t\t<dt class='gallery-icon landscape'>\n\t\t\t\t<a href='https:\/\/www.oaxaca.gob.mx\/comunicacion\/cumple-sso-y-entrega-ambulancia-a-tlacotepec-3\/'><img loading=\"lazy\" decoding=\"async\" width=\"300\" height=\"225\" src=\"https:\/\/www.oaxaca.gob.mx\/comunicacion\/wp-content\/uploads\/sites\/28\/2019\/03\/Cumple-SSO-y-entrega-ambulancia-a-Tlacotepec-3-300x225.jpg\" class=\"attachment-medium size-medium\" alt=\"\" srcset=\"https:\/\/www.oaxaca.gob.mx\/comunicacion\/wp-content\/uploads\/sites\/28\/2019\/03\/Cumple-SSO-y-entrega-ambulancia-a-Tlacotepec-3-300x225.jpg 300w, https:\/\/www.oaxaca.gob.mx\/comunicacion\/wp-content\/uploads\/sites\/28\/2019\/03\/Cumple-SSO-y-entrega-ambulancia-a-Tlacotepec-3-768x576.jpg 768w, https:\/\/www.oaxaca.gob.mx\/comunicacion\/wp-content\/uploads\/sites\/28\/2019\/03\/Cumple-SSO-y-entrega-ambulancia-a-Tlacotepec-3.jpg 1024w\" sizes=\"auto, (max-width: 300px) 100vw, 300px\" \/><\/a>\n\t\t\t<\/dt><\/dl><dl class='gallery-item'>\n\t\t\t<dt class='gallery-icon landscape'>\n\t\t\t\t<a href='https:\/\/www.oaxaca.gob.mx\/comunicacion\/cumple-sso-y-entrega-ambulancia-a-tlacotepec-4\/'><img loading=\"lazy\" decoding=\"async\" width=\"300\" height=\"225\" src=\"https:\/\/www.oaxaca.gob.mx\/comunicacion\/wp-content\/uploads\/sites\/28\/2019\/03\/Cumple-SSO-y-entrega-ambulancia-a-Tlacotepec-4-300x225.jpg\" class=\"attachment-medium size-medium\" alt=\"\" srcset=\"https:\/\/www.oaxaca.gob.mx\/comunicacion\/wp-content\/uploads\/sites\/28\/2019\/03\/Cumple-SSO-y-entrega-ambulancia-a-Tlacotepec-4-300x225.jpg 300w, https:\/\/www.oaxaca.gob.mx\/comunicacion\/wp-content\/uploads\/sites\/28\/2019\/03\/Cumple-SSO-y-entrega-ambulancia-a-Tlacotepec-4-768x576.jpg 768w, https:\/\/www.oaxaca.gob.mx\/comunicacion\/wp-content\/uploads\/sites\/28\/2019\/03\/Cumple-SSO-y-entrega-ambulancia-a-Tlacotepec-4.jpg 1024w\" sizes=\"auto, (max-width: 300px) 100vw, 300px\" \/><\/a>\n\t\t\t<\/dt><\/dl><br style=\"clear: both\" \/>\n\t\t<\/div>\n\n<p>&nbsp;<\/p>\n<p><strong>Sierra Sur, Oax. 20 de marzo de 2019.-<\/strong>\u00a0Con el fin de dotar a las comunidades alejadas de herramientas para la atenci\u00f3n m\u00e9dica de urgencia, el titular de los Servicios de Salud de Oaxaca (SSO), Donato Casas Escamilla entreg\u00f3 una ambulancia de traslado tipo 1 con un valor de 1 mill\u00f3n 262 mil pesos a San Jacinto Tlacotepec, localidad enclavada en la Sierra Sur.<\/p>\n<p>En una gira de trabajo por la regi\u00f3n y acompa\u00f1ado por el delegado de gobierno del Distrito XXI Ejutla de Crespo- Sola de Vega, Jes\u00fas Mart\u00ednez Mendoza, Casas Escamilla dio las llaves del veh\u00edculo m\u00e9dico al presidente municipal de San Jacinto Tlacotepec, C\u00e1ndido Torres Bola\u00f1os.<\/p>\n<p>En presencia de las y los pobladores as\u00ed como del personal m\u00e9dico de la comunidad, el titular de los SSO se\u00f1al\u00f3 que estas acciones se suman a las casi\u00a0 100 unidades de traslado de urgencias que se han entregado en los 2 primeros a\u00f1os de la administraci\u00f3n del gobernador, Alejandro Murat Hinojosa.<\/p>\n<p>Lo anterior, se realiza para que las y los pacientes de comunidades alejadas y de dif\u00edcil acceso reciban atenci\u00f3n oportuna con procedimientos de mayor complejidad en cualquiera de los hospitales de la entidad, con el fin de salvar m\u00e1s vidas, puntualiz\u00f3 el Secretario de salud.<\/p>\n<p>Al terminar la actividad, Casas Escamilla hizo un recorrido por las instalaciones del Hospital Comunitario de 12 camas de esta localidad, que beneficia a 11 mil 200 habitantes, en donde enfatiz\u00f3 que se han realizado esfuerzos tit\u00e1nicos para cumplir con las demandas hist\u00f3ricas de las y los habitantes de la Sierra Sur.<\/p>\n<p>Asimismo el Funcionario destac\u00f3 que una de las prioridades de la dependencia es incrementar las acciones enfocadas a evitar muertes maternas, \u201ccon el traslado oportuno de las mujeres con riesgo obst\u00e9trico, evitaremos que las oaxaque\u00f1as fallezcan a causa de una atenci\u00f3n tard\u00eda, haremos equipo, autoridades, personal m\u00e9dico y sociedad\u201d se\u00f1al\u00f3.<\/p>\n<p>Acompa\u00f1ado por los presidentes municipales de Santo Domingo Teojomulco Bonifacio P\u00e9rez Cruz y de San Lorenzo Texmelucan, Lucas Guti\u00e9rrez Salinas, el Secretario acudi\u00f3 a verificar la atenci\u00f3n que se brinda en el Centro de Salud Arenal y en el Hospital B\u00e1sico Comunitario de la Paz (Teojomulco-Texmelucan) de 12 camas, donde exhort\u00f3 al personal a trabajar de la mano con la comunidad y brindar atenci\u00f3n de calidad y con rostro humano.<\/p>\n<p style=\"text-align: center\">-0-<\/p>\n","protected":false},"excerpt":{"rendered":"<p>&nbsp; &nbsp; Sierra Sur, Oax. 20 de marzo de 2019.-\u00a0Con el fin de dotar a las comunidades alejadas de herramientas para la atenci\u00f3n m\u00e9dica de urgencia, el titular de los Servicios de Salud de Oaxaca (SSO), Donato Casas Escamilla entreg\u00f3 una ambulancia de traslado tipo 1 con un valor de 1 mill\u00f3n 262 mil pesos [&hellip;]<\/p>\n","protected":false},"author":1,"featured_media":0,"comment_status":"open","ping_status":"open","sticky":false,"template":"","format":"standard","meta":{"episode_type":"","audio_file":"","podmotor_file_id":"","podmotor_episode_id":"","cover_image":"","cover_image_id":"","duration":"","filesize":"","filesize_raw":"","date_recorded":"","explicit":"","block":"","itunes_episode_number":"","itunes_title":"","itunes_season_number":"","itunes_episode_type":"","footnotes":""},"categories":[8],"tags":[419],"class_list":["post-32274","post","type-post","status-publish","format-standard","hentry","category-noticias","tag-sso"],"acf":[],"publishpress_future_action":{"enabled":false,"date":"2026-05-05 10:59:25","action":"change-status","newStatus":"draft","terms":[],"taxonomy":"category","extraData":[]},"publishpress_future_workflow_manual_trigger":{"enabledWorkflows":[]},"_links":{"self":[{"href":"https:\/\/www.oaxaca.gob.mx\/comunicacion\/wp-json\/wp\/v2\/posts\/32274","targetHints":{"allow":["GET"]}}],"collection":[{"href":"https:\/\/www.oaxaca.gob.mx\/comunicacion\/wp-json\/wp\/v2\/posts"}],"about":[{"href":"https:\/\/www.oaxaca.gob.mx\/comunicacion\/wp-json\/wp\/v2\/types\/post"}],"author":[{"embeddable":true,"href":"https:\/\/www.oaxaca.gob.mx\/comunicacion\/wp-json\/wp\/v2\/users\/1"}],"replies":[{"embeddable":true,"href":"https:\/\/www.oaxaca.gob.mx\/comunicacion\/wp-json\/wp\/v2\/comments?post=32274"}],"version-history":[{"count":0,"href":"https:\/\/www.oaxaca.gob.mx\/comunicacion\/wp-json\/wp\/v2\/posts\/32274\/revisions"}],"wp:attachment":[{"href":"https:\/\/www.oaxaca.gob.mx\/comunicacion\/wp-json\/wp\/v2\/media?parent=32274"}],"wp:term":[{"taxonomy":"category","embeddable":true,"href":"https:\/\/www.oaxaca.gob.mx\/comunicacion\/wp-json\/wp\/v2\/categories?post=32274"},{"taxonomy":"post_tag","embeddable":true,"href":"https:\/\/www.oaxaca.gob.mx\/comunicacion\/wp-json\/wp\/v2\/tags?post=32274"}],"curies":[{"name":"wp","href":"https:\/\/api.w.org\/{rel}","templated":true}]}}