{"id":32241,"date":"2019-03-19T20:58:02","date_gmt":"2019-03-20T02:58:02","guid":{"rendered":"https:\/\/www.oaxaca.gob.mx\/comunicacion\/?p=32241"},"modified":"2019-03-19T20:58:02","modified_gmt":"2019-03-20T02:58:02","slug":"conmemora-capasits-de-salina-cruz-seis-anos-de-trabajo-a-favor-de-las-personas-con-vih","status":"publish","type":"post","link":"https:\/\/www.oaxaca.gob.mx\/comunicacion\/conmemora-capasits-de-salina-cruz-seis-anos-de-trabajo-a-favor-de-las-personas-con-vih\/","title":{"rendered":"Conmemora CAPASITS de Salina Cruz seis a\u00f1os de trabajo a favor de las personas con VIH"},"content":{"rendered":"\n\t\t<style type=\"text\/css\">\n\t\t\t#gallery-1 {\n\t\t\t\tmargin: auto;\n\t\t\t}\n\t\t\t#gallery-1 .gallery-item {\n\t\t\t\tfloat: left;\n\t\t\t\tmargin-top: 10px;\n\t\t\t\ttext-align: center;\n\t\t\t\twidth: 33%;\n\t\t\t}\n\t\t\t#gallery-1 img {\n\t\t\t\tborder: 2px solid #cfcfcf;\n\t\t\t}\n\t\t\t#gallery-1 .gallery-caption {\n\t\t\t\tmargin-left: 0;\n\t\t\t}\n\t\t\t\/* see gallery_shortcode() in wp-includes\/media.php *\/\n\t\t<\/style>\n\t\t<div id='gallery-1' class='gallery galleryid-32241 gallery-columns-3 gallery-size-medium'><dl class='gallery-item'>\n\t\t\t<dt class='gallery-icon landscape'>\n\t\t\t\t<a href='https:\/\/www.oaxaca.gob.mx\/comunicacion\/conmemora-capasits-de-salina-cruz-6-anos-de-trabajo-a-favor-de-las-personas-con-vih-1\/'><img loading=\"lazy\" decoding=\"async\" width=\"300\" height=\"225\" src=\"https:\/\/www.oaxaca.gob.mx\/comunicacion\/wp-content\/uploads\/sites\/28\/2019\/03\/Conmemora-CAPASITS-de-Salina-Cruz-6-a\u00f1os-de-trabajo-a-favor-de-las-personas-con-VIH-1-300x225.jpg\" class=\"attachment-medium size-medium\" alt=\"\" srcset=\"https:\/\/www.oaxaca.gob.mx\/comunicacion\/wp-content\/uploads\/sites\/28\/2019\/03\/Conmemora-CAPASITS-de-Salina-Cruz-6-a\u00f1os-de-trabajo-a-favor-de-las-personas-con-VIH-1-300x225.jpg 300w, https:\/\/www.oaxaca.gob.mx\/comunicacion\/wp-content\/uploads\/sites\/28\/2019\/03\/Conmemora-CAPASITS-de-Salina-Cruz-6-a\u00f1os-de-trabajo-a-favor-de-las-personas-con-VIH-1-768x576.jpg 768w, https:\/\/www.oaxaca.gob.mx\/comunicacion\/wp-content\/uploads\/sites\/28\/2019\/03\/Conmemora-CAPASITS-de-Salina-Cruz-6-a\u00f1os-de-trabajo-a-favor-de-las-personas-con-VIH-1.jpg 1024w\" sizes=\"auto, (max-width: 300px) 100vw, 300px\" \/><\/a>\n\t\t\t<\/dt><\/dl><dl class='gallery-item'>\n\t\t\t<dt class='gallery-icon landscape'>\n\t\t\t\t<a href='https:\/\/www.oaxaca.gob.mx\/comunicacion\/conmemora-capasits-de-salina-cruz-6-anos-de-trabajo-a-favor-de-las-personas-con-vih-2\/'><img loading=\"lazy\" decoding=\"async\" width=\"300\" height=\"225\" src=\"https:\/\/www.oaxaca.gob.mx\/comunicacion\/wp-content\/uploads\/sites\/28\/2019\/03\/Conmemora-CAPASITS-de-Salina-Cruz-6-a\u00f1os-de-trabajo-a-favor-de-las-personas-con-VIH-2-300x225.jpg\" class=\"attachment-medium size-medium\" alt=\"\" srcset=\"https:\/\/www.oaxaca.gob.mx\/comunicacion\/wp-content\/uploads\/sites\/28\/2019\/03\/Conmemora-CAPASITS-de-Salina-Cruz-6-a\u00f1os-de-trabajo-a-favor-de-las-personas-con-VIH-2-300x225.jpg 300w, https:\/\/www.oaxaca.gob.mx\/comunicacion\/wp-content\/uploads\/sites\/28\/2019\/03\/Conmemora-CAPASITS-de-Salina-Cruz-6-a\u00f1os-de-trabajo-a-favor-de-las-personas-con-VIH-2-768x576.jpg 768w, https:\/\/www.oaxaca.gob.mx\/comunicacion\/wp-content\/uploads\/sites\/28\/2019\/03\/Conmemora-CAPASITS-de-Salina-Cruz-6-a\u00f1os-de-trabajo-a-favor-de-las-personas-con-VIH-2.jpg 1024w\" sizes=\"auto, (max-width: 300px) 100vw, 300px\" \/><\/a>\n\t\t\t<\/dt><\/dl><dl class='gallery-item'>\n\t\t\t<dt class='gallery-icon landscape'>\n\t\t\t\t<a href='https:\/\/www.oaxaca.gob.mx\/comunicacion\/conmemora-capasits-de-salina-cruz-6-anos-de-trabajo-a-favor-de-las-personas-con-vih-3\/'><img loading=\"lazy\" decoding=\"async\" width=\"300\" height=\"225\" src=\"https:\/\/www.oaxaca.gob.mx\/comunicacion\/wp-content\/uploads\/sites\/28\/2019\/03\/Conmemora-CAPASITS-de-Salina-Cruz-6-a\u00f1os-de-trabajo-a-favor-de-las-personas-con-VIH-3-300x225.jpg\" class=\"attachment-medium size-medium\" alt=\"\" srcset=\"https:\/\/www.oaxaca.gob.mx\/comunicacion\/wp-content\/uploads\/sites\/28\/2019\/03\/Conmemora-CAPASITS-de-Salina-Cruz-6-a\u00f1os-de-trabajo-a-favor-de-las-personas-con-VIH-3-300x225.jpg 300w, https:\/\/www.oaxaca.gob.mx\/comunicacion\/wp-content\/uploads\/sites\/28\/2019\/03\/Conmemora-CAPASITS-de-Salina-Cruz-6-a\u00f1os-de-trabajo-a-favor-de-las-personas-con-VIH-3-768x576.jpg 768w, https:\/\/www.oaxaca.gob.mx\/comunicacion\/wp-content\/uploads\/sites\/28\/2019\/03\/Conmemora-CAPASITS-de-Salina-Cruz-6-a\u00f1os-de-trabajo-a-favor-de-las-personas-con-VIH-3.jpg 1024w\" sizes=\"auto, (max-width: 300px) 100vw, 300px\" \/><\/a>\n\t\t\t<\/dt><\/dl><br style=\"clear: both\" \/>\n\t\t<\/div>\n\n<ul>\n<li>La regi\u00f3n del Istmo ocupa el segundo lugar en casos de VIH y Sida en el estado<\/li>\n<li>El CAPASITS de Salina Cruz atiende a 579 personas<\/li>\n<\/ul>\n<p><strong>Salina Cruz, Oax. 19 de marzo de 2019.<\/strong>\u00a0Con la finalidad de disminuir la incidencia de casos nuevos del Virus de Inmunodeficiencia Humana (VIH) en la regi\u00f3n del Istmo, el 18 de marzo de 2013 dio comienzo la operaci\u00f3n del Centro Ambulatorio para la Prevenci\u00f3n y Atenci\u00f3n del Sida e Infecciones de Transmisi\u00f3n Sexual (CAPASITS) de Salina Cruz.<\/p>\n<p>El responsable de dicha unidad, Jorge El\u00edas de la Cruz Castillo indic\u00f3 que esta regi\u00f3n tiene un acumulado de mil 501 casos de sida y 581 de VIH, comprendido de 1986 al 31 de diciembre de 2018, por lo que ocupa el segundo lugar de casos notificados a nivel estatal.<\/p>\n<p>Adem\u00e1s, mencion\u00f3 que gracias al funcionamiento de dicho centro, se ha visto beneficiada la poblaci\u00f3n de Salina Cruz, Tehuantepec, Juchit\u00e1n y Mat\u00edas Romero, las cuales son zonas con mayor incidencia en casos de VIH en esta regi\u00f3n.<\/p>\n<p>A\u00f1adi\u00f3 que el compromiso que se tiene con los usuarios no solamente se queda en diagnosticar y tratar la infecci\u00f3n, sino que es fundamental que las personas con un estado serol\u00f3gico positivo se le proporcione atenci\u00f3n m\u00e9dica integral especializada, de calidad, con criterios de igualdad y respeto, sin discriminaci\u00f3n ni estigmatizaci\u00f3n.<\/p>\n<p>En este sentido, de la Cruz Castillo mencion\u00f3 que actualmente en dicho centro se atiende a un total de 579 personas.<\/p>\n<p>Destac\u00f3 que el CAPASITS de Salina Cruz, cuenta con \u00e1rea de enfermer\u00eda, psicolog\u00eda y atenci\u00f3n m\u00e9dica; tambi\u00e9n ofrecen el servicio de la aplicaci\u00f3n de pruebas r\u00e1pidas de detecci\u00f3n del VIH.<\/p>\n<p>Finalmente, enfatiz\u00f3 que a seis a\u00f1os de su apertura, el CAPASITS de Salina Cruz da respuesta a las historias de vida que se cruzaron con el virus causante del sida, de esta manera se construyen nuevas oportunidades y nuevas formas de ver la vida ante este padecimiento.\t\t<\/p>\n","protected":false},"excerpt":{"rendered":"<p>La regi\u00f3n del Istmo ocupa el segundo lugar en casos de VIH y Sida en el estado El CAPASITS de Salina Cruz atiende a 579 personas Salina Cruz, Oax. 19 de marzo de 2019.\u00a0Con la finalidad de disminuir la incidencia de casos nuevos del Virus de Inmunodeficiencia Humana (VIH) en la regi\u00f3n del Istmo, el [&hellip;]<\/p>\n","protected":false},"author":1,"featured_media":0,"comment_status":"open","ping_status":"open","sticky":false,"template":"","format":"standard","meta":{"episode_type":"","audio_file":"","podmotor_file_id":"","podmotor_episode_id":"","cover_image":"","cover_image_id":"","duration":"","filesize":"","filesize_raw":"","date_recorded":"","explicit":"","block":"","itunes_episode_number":"","itunes_title":"","itunes_season_number":"","itunes_episode_type":"","footnotes":""},"categories":[8],"tags":[118],"class_list":["post-32241","post","type-post","status-publish","format-standard","hentry","category-noticias","tag-coesida"],"acf":[],"publishpress_future_action":{"enabled":false,"date":"2026-05-06 15:24:15","action":"change-status","newStatus":"draft","terms":[],"taxonomy":"category","extraData":[]},"publishpress_future_workflow_manual_trigger":{"enabledWorkflows":[]},"_links":{"self":[{"href":"https:\/\/www.oaxaca.gob.mx\/comunicacion\/wp-json\/wp\/v2\/posts\/32241","targetHints":{"allow":["GET"]}}],"collection":[{"href":"https:\/\/www.oaxaca.gob.mx\/comunicacion\/wp-json\/wp\/v2\/posts"}],"about":[{"href":"https:\/\/www.oaxaca.gob.mx\/comunicacion\/wp-json\/wp\/v2\/types\/post"}],"author":[{"embeddable":true,"href":"https:\/\/www.oaxaca.gob.mx\/comunicacion\/wp-json\/wp\/v2\/users\/1"}],"replies":[{"embeddable":true,"href":"https:\/\/www.oaxaca.gob.mx\/comunicacion\/wp-json\/wp\/v2\/comments?post=32241"}],"version-history":[{"count":0,"href":"https:\/\/www.oaxaca.gob.mx\/comunicacion\/wp-json\/wp\/v2\/posts\/32241\/revisions"}],"wp:attachment":[{"href":"https:\/\/www.oaxaca.gob.mx\/comunicacion\/wp-json\/wp\/v2\/media?parent=32241"}],"wp:term":[{"taxonomy":"category","embeddable":true,"href":"https:\/\/www.oaxaca.gob.mx\/comunicacion\/wp-json\/wp\/v2\/categories?post=32241"},{"taxonomy":"post_tag","embeddable":true,"href":"https:\/\/www.oaxaca.gob.mx\/comunicacion\/wp-json\/wp\/v2\/tags?post=32241"}],"curies":[{"name":"wp","href":"https:\/\/api.w.org\/{rel}","templated":true}]}}