{"id":32211,"date":"2019-03-19T20:33:01","date_gmt":"2019-03-20T02:33:01","guid":{"rendered":"https:\/\/www.oaxaca.gob.mx\/comunicacion\/?p=32211"},"modified":"2019-03-19T20:33:01","modified_gmt":"2019-03-20T02:33:01","slug":"reconoce-amh-aportacion-de-las-y-los-artesanos-en-la-construccion-de-la-grandeza-de-oaxaca","status":"publish","type":"post","link":"https:\/\/www.oaxaca.gob.mx\/comunicacion\/reconoce-amh-aportacion-de-las-y-los-artesanos-en-la-construccion-de-la-grandeza-de-oaxaca\/","title":{"rendered":"Reconoce AMH aportaci\u00f3n de las y los artesanos  \u00a0en la construcci\u00f3n de la grandeza de Oaxaca"},"content":{"rendered":"\n\t\t<style type=\"text\/css\">\n\t\t\t#gallery-1 {\n\t\t\t\tmargin: auto;\n\t\t\t}\n\t\t\t#gallery-1 .gallery-item {\n\t\t\t\tfloat: left;\n\t\t\t\tmargin-top: 10px;\n\t\t\t\ttext-align: center;\n\t\t\t\twidth: 50%;\n\t\t\t}\n\t\t\t#gallery-1 img {\n\t\t\t\tborder: 2px solid #cfcfcf;\n\t\t\t}\n\t\t\t#gallery-1 .gallery-caption {\n\t\t\t\tmargin-left: 0;\n\t\t\t}\n\t\t\t\/* see gallery_shortcode() in wp-includes\/media.php *\/\n\t\t<\/style>\n\t\t<div id='gallery-1' class='gallery galleryid-32211 gallery-columns-2 gallery-size-large'><dl class='gallery-item'>\n\t\t\t<dt class='gallery-icon landscape'>\n\t\t\t\t<a href='https:\/\/www.oaxaca.gob.mx\/comunicacion\/amh-dia-del-artesano-01\/'><img loading=\"lazy\" decoding=\"async\" width=\"1024\" height=\"682\" src=\"https:\/\/www.oaxaca.gob.mx\/comunicacion\/wp-content\/uploads\/sites\/28\/2019\/03\/AMH-D\u00cdA-DEL-ARTESANO-01-1024x682.jpg\" class=\"attachment-large size-large\" alt=\"\" srcset=\"https:\/\/www.oaxaca.gob.mx\/comunicacion\/wp-content\/uploads\/sites\/28\/2019\/03\/AMH-D\u00cdA-DEL-ARTESANO-01-1024x682.jpg 1024w, https:\/\/www.oaxaca.gob.mx\/comunicacion\/wp-content\/uploads\/sites\/28\/2019\/03\/AMH-D\u00cdA-DEL-ARTESANO-01-300x200.jpg 300w, https:\/\/www.oaxaca.gob.mx\/comunicacion\/wp-content\/uploads\/sites\/28\/2019\/03\/AMH-D\u00cdA-DEL-ARTESANO-01-768x512.jpg 768w, https:\/\/www.oaxaca.gob.mx\/comunicacion\/wp-content\/uploads\/sites\/28\/2019\/03\/AMH-D\u00cdA-DEL-ARTESANO-01.jpg 1280w\" sizes=\"auto, (max-width: 1024px) 100vw, 1024px\" \/><\/a>\n\t\t\t<\/dt><\/dl><dl class='gallery-item'>\n\t\t\t<dt class='gallery-icon landscape'>\n\t\t\t\t<a href='https:\/\/www.oaxaca.gob.mx\/comunicacion\/amh-dia-del-artesano-02\/'><img loading=\"lazy\" decoding=\"async\" width=\"1024\" height=\"682\" src=\"https:\/\/www.oaxaca.gob.mx\/comunicacion\/wp-content\/uploads\/sites\/28\/2019\/03\/AMH-D\u00cdA-DEL-ARTESANO-02-1024x682.jpg\" class=\"attachment-large size-large\" alt=\"\" srcset=\"https:\/\/www.oaxaca.gob.mx\/comunicacion\/wp-content\/uploads\/sites\/28\/2019\/03\/AMH-D\u00cdA-DEL-ARTESANO-02-1024x682.jpg 1024w, https:\/\/www.oaxaca.gob.mx\/comunicacion\/wp-content\/uploads\/sites\/28\/2019\/03\/AMH-D\u00cdA-DEL-ARTESANO-02-300x200.jpg 300w, https:\/\/www.oaxaca.gob.mx\/comunicacion\/wp-content\/uploads\/sites\/28\/2019\/03\/AMH-D\u00cdA-DEL-ARTESANO-02-768x512.jpg 768w, https:\/\/www.oaxaca.gob.mx\/comunicacion\/wp-content\/uploads\/sites\/28\/2019\/03\/AMH-D\u00cdA-DEL-ARTESANO-02.jpg 1280w\" sizes=\"auto, (max-width: 1024px) 100vw, 1024px\" \/><\/a>\n\t\t\t<\/dt><\/dl><br style=\"clear: both\" \/><dl class='gallery-item'>\n\t\t\t<dt class='gallery-icon landscape'>\n\t\t\t\t<a href='https:\/\/www.oaxaca.gob.mx\/comunicacion\/amh-dia-del-artesano-03\/'><img loading=\"lazy\" decoding=\"async\" width=\"1024\" height=\"682\" src=\"https:\/\/www.oaxaca.gob.mx\/comunicacion\/wp-content\/uploads\/sites\/28\/2019\/03\/AMH-D\u00cdA-DEL-ARTESANO-03-1024x682.jpg\" class=\"attachment-large size-large\" alt=\"\" srcset=\"https:\/\/www.oaxaca.gob.mx\/comunicacion\/wp-content\/uploads\/sites\/28\/2019\/03\/AMH-D\u00cdA-DEL-ARTESANO-03-1024x682.jpg 1024w, https:\/\/www.oaxaca.gob.mx\/comunicacion\/wp-content\/uploads\/sites\/28\/2019\/03\/AMH-D\u00cdA-DEL-ARTESANO-03-300x200.jpg 300w, https:\/\/www.oaxaca.gob.mx\/comunicacion\/wp-content\/uploads\/sites\/28\/2019\/03\/AMH-D\u00cdA-DEL-ARTESANO-03-768x512.jpg 768w, https:\/\/www.oaxaca.gob.mx\/comunicacion\/wp-content\/uploads\/sites\/28\/2019\/03\/AMH-D\u00cdA-DEL-ARTESANO-03.jpg 1280w\" sizes=\"auto, (max-width: 1024px) 100vw, 1024px\" \/><\/a>\n\t\t\t<\/dt><\/dl><dl class='gallery-item'>\n\t\t\t<dt class='gallery-icon landscape'>\n\t\t\t\t<a href='https:\/\/www.oaxaca.gob.mx\/comunicacion\/amh-dia-del-artesano-04\/'><img loading=\"lazy\" decoding=\"async\" width=\"1024\" height=\"682\" src=\"https:\/\/www.oaxaca.gob.mx\/comunicacion\/wp-content\/uploads\/sites\/28\/2019\/03\/AMH-D\u00cdA-DEL-ARTESANO-04-1024x682.jpg\" class=\"attachment-large size-large\" alt=\"\" srcset=\"https:\/\/www.oaxaca.gob.mx\/comunicacion\/wp-content\/uploads\/sites\/28\/2019\/03\/AMH-D\u00cdA-DEL-ARTESANO-04-1024x682.jpg 1024w, https:\/\/www.oaxaca.gob.mx\/comunicacion\/wp-content\/uploads\/sites\/28\/2019\/03\/AMH-D\u00cdA-DEL-ARTESANO-04-300x200.jpg 300w, https:\/\/www.oaxaca.gob.mx\/comunicacion\/wp-content\/uploads\/sites\/28\/2019\/03\/AMH-D\u00cdA-DEL-ARTESANO-04-768x512.jpg 768w, https:\/\/www.oaxaca.gob.mx\/comunicacion\/wp-content\/uploads\/sites\/28\/2019\/03\/AMH-D\u00cdA-DEL-ARTESANO-04.jpg 1280w\" sizes=\"auto, (max-width: 1024px) 100vw, 1024px\" \/><\/a>\n\t\t\t<\/dt><\/dl><br style=\"clear: both\" \/>\n\t\t<\/div>\n\n<ul class=\"listas-geo\">\n<li class=\"li1\">El gobernador Alejandro Murat preside celebraci\u00f3n del D\u00eda del Artesano<\/li>\n<li class=\"li1\">Entrega reconocimientos a quienes han destacado en diversas ramas artesanales<\/li>\n<\/ul>\n<p><strong>\u00a0<\/strong><strong>Oaxaca de Ju\u00e1rez, Oax. 19 de marzo de 2019<\/strong>. Al convivir con las y los creadores oaxaque\u00f1as en el marco de la conmemoraci\u00f3n del D\u00eda del Artesano -19 de marzo- , el gobernador Alejandro Murat Hinojosa reafirm\u00f3 el compromiso de su administraci\u00f3n de trabajar de la mano con ellas y ellos para que sigan contribuyendo en la construcci\u00f3n de la grandeza de\u00a0 Oaxaca a trav\u00e9s de su arte.<\/p>\n<p>Durante el evento celebrado en el Palacio de Gobierno, el Mandatario Estatal reconoci\u00f3 que Oaxaca es grande porque tiene a sus artistas\u00a0 -hombres y mujeres-\u00a0 en cada una de las ocho regiones que con diversos materiales realizan piezas \u00fanicas que hacen de Oaxaca una referencia en el \u00e1mbito artesanal a nivel nacional e internacional.<\/p>\n<p>\u201cUstedes tienen esa magia y son salvaguardas de esas t\u00e9cnicas, de esos procedimientos, pero especialmente de esos saberes que nacen del alma, del coraz\u00f3n\u201d, destac\u00f3 el Gobernador.<\/p>\n<p>Despu\u00e9s de entregar reconocimientos a quienes han destacado en diversas ramas artesanales, el Ejecutivo Estatal expres\u00f3 que es imposible pensar en San Bartolo Coyotepec sin hacer referencia al barro negro o en Santa Mar\u00eda Atzompa y que no se venga a la mente las piezas de la cer\u00e1mica verde.<\/p>\n<p>\u201cOaxaca es m\u00e1gico en cada una de sus regiones porque aparte\u00a0 de tener esas grandes artesan\u00edas tienen a esos artistas que son cada uno de ustedes y el d\u00eda de hoy venimos a celebrarlos\u201d, manifest\u00f3.<\/p>\n<p>Murat Hinojosa expres\u00f3 que ahora con este\u00a0 gobierno se tiene la oportunidad de trabajar de manera coordinada para que contin\u00faen realizando estas artesan\u00edas que son producto de sus manos, talentos y magia.<\/p>\n<p>En su oportunidad, la directora del Instituto Oaxaque\u00f1o de las Artesan\u00edas (IOA), Miriam Caraveo Cortes expres\u00f3 que este reconocimiento\u00a0 no s\u00f3lo es de palabra, sino que han sido plasmados en pol\u00edticas p\u00fablicas permanentes y con acciones claras y concretas para que puedan contar con las herramientas necesarias, as\u00ed como los espacios donde puedan promocionar y mostrar el arte que realizan.<\/p>\n<p>Ante ello, inform\u00f3 que en el 2018 el IOA realiz\u00f3 cuatro expoferias artesanales que representaron una derrama econ\u00f3mica superior a los 18 millones.<\/p>\n<p>Asimismo, a trav\u00e9s del Programa de Acciones para el Desarrollo de Espacios Artesanales en Destinos Tur\u00edsticos del Fondo Nacional para el Fomento de las Artesan\u00edas (Fonart) se apoy\u00f3 a 50 talleres artesanales para mejorar sus instalaciones y espacios de producci\u00f3n, as\u00ed como para la comercializaci\u00f3n de sus productos.<\/p>\n<p>La servidora p\u00fablica reconoci\u00f3 que estos logros son resultado del trabajo en equipo con las y los artesanos para mejorar sus ingresos y relaciones comerciales a trav\u00e9s de la Tienda Aripo que durante el a\u00f1o pasado tuvo ventas superiores a 1.5 millones de pesos.<\/p>\n<p>\u201cOaxaca es referente y epicentro de la creaci\u00f3n de piezas artesanales \u00fanicas que trascienden fronteras, desde los textiles de la Costa, las piezas de madera talladas de los Valles Centrales, la orfebrer\u00eda del Istmo de Tehuantepec, los tejidos de palma de la Mixteca, la alfarer\u00eda de la Sierra, son piezas vivas y palpitantes, dignas de ser mostradas en museos y galer\u00edas\u00a0 de cualquier parte del mundo\u201d,\u00a0 puntualiz\u00f3 la titular del IOA.<\/p>\n<p>La artesana Griselda Hern\u00e1ndez G\u00f3mez de Santa Mar\u00eda Tlahuitoltepec expres\u00f3 a nombre de las m\u00e1s de 200 mil artesanas y artesanos que engrandecen a Oaxaca entre hilos, pintura, palma, barro, madera y que dejan parte de su esencia en cada pieza, un pedazo de su alma y la cosmovisi\u00f3n entera de un pueblo en una obra de arte, su agradecimiento al respaldo que han recibido de la presente administraci\u00f3n.<\/p>\n<p>Resalt\u00f3 que los artesanos oaxaque\u00f1os se esmeran en crear piezas de calidad, porque este oficio ha sido heredado de sus abuelos y padres,\u00a0 y tienen la gran responsabilidad de transmitir esos conocimientos y amor por este noble oficio a sus nuevas generaciones.<\/p>\n<p>En la ceremonia, el gobernador Alejandro Murat entreg\u00f3 reconocimientos por su trayectoria artesanal a Juan Manuel Garc\u00eda Esperanza de la rama artesanal filigrana de Oaxaca de Ju\u00e1rez, Milagros Soledad Jim\u00e9nez Ortega de San Lucas Ojitl\u00e1n, M\u00f3nica Galv\u00e1n Cruz del Proyecto Zegache que elabora r\u00e9plicas de espejos del siglo XVIII de Santa Ana Zegache.<\/p>\n<p>Tambi\u00e9n\u00a0 Luc\u00eda Garc\u00eda Carrasco de la rama textil de la Heroica Ciudad de Juchit\u00e1n de Zaragoza, Patricio Santiago Paz de Magdalena Apasco y Jos\u00e9 Garc\u00eda Antonio quien a pesar de ser d\u00e9bil visual elabora piezas de alfarer\u00eda y cer\u00e1mica en San Antonino Castillo Velasco, entre otros grandes creadores que tambi\u00e9n fueron reconocidos.<\/p>\n<p>&nbsp;\t\t<\/p>\n","protected":false},"excerpt":{"rendered":"<p>El gobernador Alejandro Murat preside celebraci\u00f3n del D\u00eda del Artesano Entrega reconocimientos a quienes han destacado en diversas ramas artesanales \u00a0Oaxaca de Ju\u00e1rez, Oax. 19 de marzo de 2019. Al convivir con las y los creadores oaxaque\u00f1as en el marco de la conmemoraci\u00f3n del D\u00eda del Artesano -19 de marzo- , el gobernador Alejandro Murat [&hellip;]<\/p>\n","protected":false},"author":1,"featured_media":32478,"comment_status":"open","ping_status":"open","sticky":false,"template":"","format":"standard","meta":{"episode_type":"","audio_file":"","podmotor_file_id":"","podmotor_episode_id":"","cover_image":"","cover_image_id":"","duration":"","filesize":"","filesize_raw":"","date_recorded":"","explicit":"","block":"","itunes_episode_number":"","itunes_title":"","itunes_season_number":"","itunes_episode_type":"","footnotes":""},"categories":[7,8],"tags":[29],"class_list":["post-32211","post","type-post","status-publish","format-standard","has-post-thumbnail","hentry","category-slide","category-noticias","tag-amh"],"acf":[],"publishpress_future_action":{"enabled":false,"date":"2026-05-10 10:23:40","action":"change-status","newStatus":"draft","terms":[],"taxonomy":"category","extraData":[]},"publishpress_future_workflow_manual_trigger":{"enabledWorkflows":[]},"_links":{"self":[{"href":"https:\/\/www.oaxaca.gob.mx\/comunicacion\/wp-json\/wp\/v2\/posts\/32211","targetHints":{"allow":["GET"]}}],"collection":[{"href":"https:\/\/www.oaxaca.gob.mx\/comunicacion\/wp-json\/wp\/v2\/posts"}],"about":[{"href":"https:\/\/www.oaxaca.gob.mx\/comunicacion\/wp-json\/wp\/v2\/types\/post"}],"author":[{"embeddable":true,"href":"https:\/\/www.oaxaca.gob.mx\/comunicacion\/wp-json\/wp\/v2\/users\/1"}],"replies":[{"embeddable":true,"href":"https:\/\/www.oaxaca.gob.mx\/comunicacion\/wp-json\/wp\/v2\/comments?post=32211"}],"version-history":[{"count":0,"href":"https:\/\/www.oaxaca.gob.mx\/comunicacion\/wp-json\/wp\/v2\/posts\/32211\/revisions"}],"wp:featuredmedia":[{"embeddable":true,"href":"https:\/\/www.oaxaca.gob.mx\/comunicacion\/wp-json\/wp\/v2\/media\/32478"}],"wp:attachment":[{"href":"https:\/\/www.oaxaca.gob.mx\/comunicacion\/wp-json\/wp\/v2\/media?parent=32211"}],"wp:term":[{"taxonomy":"category","embeddable":true,"href":"https:\/\/www.oaxaca.gob.mx\/comunicacion\/wp-json\/wp\/v2\/categories?post=32211"},{"taxonomy":"post_tag","embeddable":true,"href":"https:\/\/www.oaxaca.gob.mx\/comunicacion\/wp-json\/wp\/v2\/tags?post=32211"}],"curies":[{"name":"wp","href":"https:\/\/api.w.org\/{rel}","templated":true}]}}