{"id":31309,"date":"2019-03-04T20:34:47","date_gmt":"2019-03-05T02:34:47","guid":{"rendered":"https:\/\/www.oaxaca.gob.mx\/comunicacion\/?p=31309"},"modified":"2019-03-04T20:34:47","modified_gmt":"2019-03-05T02:34:47","slug":"inician-trabajos-de-conservacion-en-la-carretera-tlaxiaco-chalcatongo","status":"publish","type":"post","link":"https:\/\/www.oaxaca.gob.mx\/comunicacion\/inician-trabajos-de-conservacion-en-la-carretera-tlaxiaco-chalcatongo\/","title":{"rendered":"Inician trabajos de conservaci\u00f3n en la carretera Tlaxiaco- Chalcatongo"},"content":{"rendered":"\n\t\t<style type=\"text\/css\">\n\t\t\t#gallery-1 {\n\t\t\t\tmargin: auto;\n\t\t\t}\n\t\t\t#gallery-1 .gallery-item {\n\t\t\t\tfloat: left;\n\t\t\t\tmargin-top: 10px;\n\t\t\t\ttext-align: center;\n\t\t\t\twidth: 20%;\n\t\t\t}\n\t\t\t#gallery-1 img {\n\t\t\t\tborder: 2px solid #cfcfcf;\n\t\t\t}\n\t\t\t#gallery-1 .gallery-caption {\n\t\t\t\tmargin-left: 0;\n\t\t\t}\n\t\t\t\/* see gallery_shortcode() in wp-includes\/media.php *\/\n\t\t<\/style>\n\t\t<div id='gallery-1' class='gallery galleryid-31309 gallery-columns-5 gallery-size-medium'><dl class='gallery-item'>\n\t\t\t<dt class='gallery-icon landscape'>\n\t\t\t\t<a href='https:\/\/www.oaxaca.gob.mx\/comunicacion\/inician-trabajos-de-conservacion-en-la-carretera-tlaxiaco-chalcatongo-2\/'><img loading=\"lazy\" decoding=\"async\" width=\"300\" height=\"225\" src=\"https:\/\/www.oaxaca.gob.mx\/comunicacion\/wp-content\/uploads\/sites\/28\/2019\/03\/Inician-trabajos-de-conservaci\u00f3n-en-la-carretera-Tlaxiaco-Chalcatongo-2-300x225.jpg\" class=\"attachment-medium size-medium\" alt=\"\" srcset=\"https:\/\/www.oaxaca.gob.mx\/comunicacion\/wp-content\/uploads\/sites\/28\/2019\/03\/Inician-trabajos-de-conservaci\u00f3n-en-la-carretera-Tlaxiaco-Chalcatongo-2-300x225.jpg 300w, https:\/\/www.oaxaca.gob.mx\/comunicacion\/wp-content\/uploads\/sites\/28\/2019\/03\/Inician-trabajos-de-conservaci\u00f3n-en-la-carretera-Tlaxiaco-Chalcatongo-2-768x576.jpg 768w, https:\/\/www.oaxaca.gob.mx\/comunicacion\/wp-content\/uploads\/sites\/28\/2019\/03\/Inician-trabajos-de-conservaci\u00f3n-en-la-carretera-Tlaxiaco-Chalcatongo-2-1024x768.jpg 1024w, https:\/\/www.oaxaca.gob.mx\/comunicacion\/wp-content\/uploads\/sites\/28\/2019\/03\/Inician-trabajos-de-conservaci\u00f3n-en-la-carretera-Tlaxiaco-Chalcatongo-2.jpg 1280w\" sizes=\"auto, (max-width: 300px) 100vw, 300px\" \/><\/a>\n\t\t\t<\/dt><\/dl><dl class='gallery-item'>\n\t\t\t<dt class='gallery-icon landscape'>\n\t\t\t\t<a href='https:\/\/www.oaxaca.gob.mx\/comunicacion\/inician-trabajos-de-conservacion-en-la-carretera-tlaxiaco-chalcatongo-1\/'><img loading=\"lazy\" decoding=\"async\" width=\"300\" height=\"225\" src=\"https:\/\/www.oaxaca.gob.mx\/comunicacion\/wp-content\/uploads\/sites\/28\/2019\/03\/Inician-trabajos-de-conservaci\u00f3n-en-la-carretera-Tlaxiaco-Chalcatongo-1-300x225.jpg\" class=\"attachment-medium size-medium\" alt=\"\" srcset=\"https:\/\/www.oaxaca.gob.mx\/comunicacion\/wp-content\/uploads\/sites\/28\/2019\/03\/Inician-trabajos-de-conservaci\u00f3n-en-la-carretera-Tlaxiaco-Chalcatongo-1-300x225.jpg 300w, https:\/\/www.oaxaca.gob.mx\/comunicacion\/wp-content\/uploads\/sites\/28\/2019\/03\/Inician-trabajos-de-conservaci\u00f3n-en-la-carretera-Tlaxiaco-Chalcatongo-1-768x576.jpg 768w, https:\/\/www.oaxaca.gob.mx\/comunicacion\/wp-content\/uploads\/sites\/28\/2019\/03\/Inician-trabajos-de-conservaci\u00f3n-en-la-carretera-Tlaxiaco-Chalcatongo-1-1024x768.jpg 1024w, https:\/\/www.oaxaca.gob.mx\/comunicacion\/wp-content\/uploads\/sites\/28\/2019\/03\/Inician-trabajos-de-conservaci\u00f3n-en-la-carretera-Tlaxiaco-Chalcatongo-1.jpg 1280w\" sizes=\"auto, (max-width: 300px) 100vw, 300px\" \/><\/a>\n\t\t\t<\/dt><\/dl><dl class='gallery-item'>\n\t\t\t<dt class='gallery-icon landscape'>\n\t\t\t\t<a href='https:\/\/www.oaxaca.gob.mx\/comunicacion\/inician-trabajos-de-conservacion-en-la-carretera-tlaxiaco-chalcatongo-5\/'><img loading=\"lazy\" decoding=\"async\" width=\"300\" height=\"225\" src=\"https:\/\/www.oaxaca.gob.mx\/comunicacion\/wp-content\/uploads\/sites\/28\/2019\/03\/Inician-trabajos-de-conservaci\u00f3n-en-la-carretera-Tlaxiaco-Chalcatongo-5-300x225.jpg\" class=\"attachment-medium size-medium\" alt=\"\" srcset=\"https:\/\/www.oaxaca.gob.mx\/comunicacion\/wp-content\/uploads\/sites\/28\/2019\/03\/Inician-trabajos-de-conservaci\u00f3n-en-la-carretera-Tlaxiaco-Chalcatongo-5-300x225.jpg 300w, https:\/\/www.oaxaca.gob.mx\/comunicacion\/wp-content\/uploads\/sites\/28\/2019\/03\/Inician-trabajos-de-conservaci\u00f3n-en-la-carretera-Tlaxiaco-Chalcatongo-5-768x576.jpg 768w, https:\/\/www.oaxaca.gob.mx\/comunicacion\/wp-content\/uploads\/sites\/28\/2019\/03\/Inician-trabajos-de-conservaci\u00f3n-en-la-carretera-Tlaxiaco-Chalcatongo-5-1024x768.jpg 1024w, https:\/\/www.oaxaca.gob.mx\/comunicacion\/wp-content\/uploads\/sites\/28\/2019\/03\/Inician-trabajos-de-conservaci\u00f3n-en-la-carretera-Tlaxiaco-Chalcatongo-5.jpg 1280w\" sizes=\"auto, (max-width: 300px) 100vw, 300px\" \/><\/a>\n\t\t\t<\/dt><\/dl><dl class='gallery-item'>\n\t\t\t<dt class='gallery-icon landscape'>\n\t\t\t\t<a href='https:\/\/www.oaxaca.gob.mx\/comunicacion\/inician-trabajos-de-conservacion-en-la-carretera-tlaxiaco-chalcatongo-4\/'><img loading=\"lazy\" decoding=\"async\" width=\"300\" height=\"225\" src=\"https:\/\/www.oaxaca.gob.mx\/comunicacion\/wp-content\/uploads\/sites\/28\/2019\/03\/Inician-trabajos-de-conservaci\u00f3n-en-la-carretera-Tlaxiaco-Chalcatongo-4-300x225.jpg\" class=\"attachment-medium size-medium\" alt=\"\" srcset=\"https:\/\/www.oaxaca.gob.mx\/comunicacion\/wp-content\/uploads\/sites\/28\/2019\/03\/Inician-trabajos-de-conservaci\u00f3n-en-la-carretera-Tlaxiaco-Chalcatongo-4-300x225.jpg 300w, https:\/\/www.oaxaca.gob.mx\/comunicacion\/wp-content\/uploads\/sites\/28\/2019\/03\/Inician-trabajos-de-conservaci\u00f3n-en-la-carretera-Tlaxiaco-Chalcatongo-4-768x576.jpg 768w, https:\/\/www.oaxaca.gob.mx\/comunicacion\/wp-content\/uploads\/sites\/28\/2019\/03\/Inician-trabajos-de-conservaci\u00f3n-en-la-carretera-Tlaxiaco-Chalcatongo-4-1024x768.jpg 1024w, https:\/\/www.oaxaca.gob.mx\/comunicacion\/wp-content\/uploads\/sites\/28\/2019\/03\/Inician-trabajos-de-conservaci\u00f3n-en-la-carretera-Tlaxiaco-Chalcatongo-4.jpg 1280w\" sizes=\"auto, (max-width: 300px) 100vw, 300px\" \/><\/a>\n\t\t\t<\/dt><\/dl><dl class='gallery-item'>\n\t\t\t<dt class='gallery-icon landscape'>\n\t\t\t\t<a href='https:\/\/www.oaxaca.gob.mx\/comunicacion\/inician-trabajos-de-conservacion-en-la-carretera-tlaxiaco-chalcatongo-3\/'><img loading=\"lazy\" decoding=\"async\" width=\"300\" height=\"225\" src=\"https:\/\/www.oaxaca.gob.mx\/comunicacion\/wp-content\/uploads\/sites\/28\/2019\/03\/Inician-trabajos-de-conservaci\u00f3n-en-la-carretera-Tlaxiaco-Chalcatongo-3-300x225.jpg\" class=\"attachment-medium size-medium\" alt=\"\" srcset=\"https:\/\/www.oaxaca.gob.mx\/comunicacion\/wp-content\/uploads\/sites\/28\/2019\/03\/Inician-trabajos-de-conservaci\u00f3n-en-la-carretera-Tlaxiaco-Chalcatongo-3-300x225.jpg 300w, https:\/\/www.oaxaca.gob.mx\/comunicacion\/wp-content\/uploads\/sites\/28\/2019\/03\/Inician-trabajos-de-conservaci\u00f3n-en-la-carretera-Tlaxiaco-Chalcatongo-3-768x576.jpg 768w, https:\/\/www.oaxaca.gob.mx\/comunicacion\/wp-content\/uploads\/sites\/28\/2019\/03\/Inician-trabajos-de-conservaci\u00f3n-en-la-carretera-Tlaxiaco-Chalcatongo-3-1024x768.jpg 1024w, https:\/\/www.oaxaca.gob.mx\/comunicacion\/wp-content\/uploads\/sites\/28\/2019\/03\/Inician-trabajos-de-conservaci\u00f3n-en-la-carretera-Tlaxiaco-Chalcatongo-3.jpg 1280w\" sizes=\"auto, (max-width: 300px) 100vw, 300px\" \/><\/a>\n\t\t\t<\/dt><\/dl><br style=\"clear: both\" \/>\n\t\t<\/div>\n\n<p>Reyes Mantec\u00f3n, Oax. 4 de marzo de 2019. En un esfuerzo conjunto entre la autoridad municipal de Chalcatongo de Hidalgo y el Gobierno del Estado, se dio inicio a los trabajos de conservaci\u00f3n de la carretera Tlaxiaco-Chalcatongo, a trav\u00e9s de Caminos y Aeropistas de Oaxaca (CAO).<\/p>\n<p>El presidente municipal de esta localidad Adolfo Nicol\u00e1s Nicol\u00e1s, agradeci\u00f3 la disposici\u00f3n del gobernador del estado Alejandro Murat Hinojosa, de apoyar de esta manera a los municipios y destinar recursos para la reconstrucci\u00f3n de este tramo carretero.<\/p>\n<p>Por su parte, el director general de CAO, David Mayr\u00e9n Carrasco inform\u00f3 que el municipio ser\u00e1 quien aporte el material p\u00e9treo y la mano de obra, mientras que la dependencia ser\u00e1 quien se encargue de la elaboraci\u00f3n de la mezcla, aporte la emulsi\u00f3n y brinde la asesor\u00eda t\u00e9cnica para la ejecuci\u00f3n de los trabajos de conservaci\u00f3n.<\/p>\n<p>Estas labores de mantenimiento beneficiaran a los habitantes de los municipios de Magdalena Pe\u00f1asco, San Agust\u00edn Tlacotepec, San Mateo Pe\u00f1asco, San Pedro Molinos y Santa Catarina Ticu\u00e1.<\/p>\n<p>-0-\t\t<\/p>\n","protected":false},"excerpt":{"rendered":"<p>Reyes Mantec\u00f3n, Oax. 4 de marzo de 2019. En un esfuerzo conjunto entre la autoridad municipal de Chalcatongo de Hidalgo y el Gobierno del Estado, se dio inicio a los trabajos de conservaci\u00f3n de la carretera Tlaxiaco-Chalcatongo, a trav\u00e9s de Caminos y Aeropistas de Oaxaca (CAO). El presidente municipal de esta localidad Adolfo Nicol\u00e1s Nicol\u00e1s, [&hellip;]<\/p>\n","protected":false},"author":1,"featured_media":0,"comment_status":"open","ping_status":"open","sticky":false,"template":"","format":"standard","meta":{"episode_type":"","audio_file":"","podmotor_file_id":"","podmotor_episode_id":"","cover_image":"","cover_image_id":"","duration":"","filesize":"","filesize_raw":"","date_recorded":"","explicit":"","block":"","itunes_episode_number":"","itunes_title":"","itunes_season_number":"","itunes_episode_type":"","footnotes":""},"categories":[8],"tags":[67],"class_list":["post-31309","post","type-post","status-publish","format-standard","hentry","category-noticias","tag-cao"],"acf":[],"publishpress_future_action":{"enabled":false,"date":"2026-05-10 08:59:47","action":"change-status","newStatus":"draft","terms":[],"taxonomy":"category","extraData":[]},"publishpress_future_workflow_manual_trigger":{"enabledWorkflows":[]},"_links":{"self":[{"href":"https:\/\/www.oaxaca.gob.mx\/comunicacion\/wp-json\/wp\/v2\/posts\/31309","targetHints":{"allow":["GET"]}}],"collection":[{"href":"https:\/\/www.oaxaca.gob.mx\/comunicacion\/wp-json\/wp\/v2\/posts"}],"about":[{"href":"https:\/\/www.oaxaca.gob.mx\/comunicacion\/wp-json\/wp\/v2\/types\/post"}],"author":[{"embeddable":true,"href":"https:\/\/www.oaxaca.gob.mx\/comunicacion\/wp-json\/wp\/v2\/users\/1"}],"replies":[{"embeddable":true,"href":"https:\/\/www.oaxaca.gob.mx\/comunicacion\/wp-json\/wp\/v2\/comments?post=31309"}],"version-history":[{"count":0,"href":"https:\/\/www.oaxaca.gob.mx\/comunicacion\/wp-json\/wp\/v2\/posts\/31309\/revisions"}],"wp:attachment":[{"href":"https:\/\/www.oaxaca.gob.mx\/comunicacion\/wp-json\/wp\/v2\/media?parent=31309"}],"wp:term":[{"taxonomy":"category","embeddable":true,"href":"https:\/\/www.oaxaca.gob.mx\/comunicacion\/wp-json\/wp\/v2\/categories?post=31309"},{"taxonomy":"post_tag","embeddable":true,"href":"https:\/\/www.oaxaca.gob.mx\/comunicacion\/wp-json\/wp\/v2\/tags?post=31309"}],"curies":[{"name":"wp","href":"https:\/\/api.w.org\/{rel}","templated":true}]}}