{"id":24801,"date":"2018-11-13T11:20:50","date_gmt":"2018-11-13T17:20:50","guid":{"rendered":"https:\/\/www.oaxaca.gob.mx\/comunicacion\/?p=24801"},"modified":"2018-11-13T11:20:50","modified_gmt":"2018-11-13T17:20:50","slug":"cierran-puertos-a-la-navegacion-por-efectos-de-evento-norte","status":"publish","type":"post","link":"https:\/\/www.oaxaca.gob.mx\/comunicacion\/cierran-puertos-a-la-navegacion-por-efectos-de-evento-norte\/","title":{"rendered":"Cierran Puertos a la navegaci\u00f3n por efectos de \u201cEvento Norte\u201d"},"content":{"rendered":"<div class=\"gs\">\n<div class=\"\">\n<div id=\":n1\" class=\"ii gt\">\n<div id=\":n2\" class=\"a3s aXjCH \" role=\"gridcell\">\n<div>\n<p><strong>Oaxaca de Ju\u00e1rez, Oax., 13 de noviembre de 2018.-<\/strong>\u00a0La Coordinaci\u00f3n Estatal de Protecci\u00f3n Civil de Oaxaca (CEPCO) informa que se mantiene parcialmente cerrado el Puerto de Salina Cruz y Huatulco a embarcaciones menores por los efectos del Frente Fr\u00edo (FF) n\u00famero 10 que generan \u201cEvento Norte\u201d en la entidad.<\/p>\n<p>El meteor\u00f3logo de la CEPCO, Cutberto Ru\u00edz Jarqu\u00edn indic\u00f3 que la intensa masa de aire polar que da impulso al FF 10, en combinaci\u00f3n con la primera tormenta invernal de la temporada, provocar\u00e1n una onda g\u00e9lida sobre gran parte del pa\u00eds, lo que originar\u00e1 descenso importante en la temperatura en gran parte del estado de Oaxaca.<\/p>\n<p>Lo anterior dijo, se presentar\u00e1 con sensaci\u00f3n t\u00e9rmica baja en zonas mayores de mil 700 metros de altura con presencia de niebla densa y lluvias con tormentas aisladas, as\u00ed como evento de \u201cnorte\u201d intenso en el Istmo y Golfo de Tehuantepec, que se pudiera tornar severo sobre el tramo la Venta- La Ventosa.<\/p>\n<p>Estos vientos generados por el \u201cEvento Norte\u201d han provocado el cierre parcial del Puerto de Salina Cruz y Huatulco, mientras que hasta el momento los puertos de Puerto Escondido y Puerto \u00c1ngel se mantienen abiertos con vigilancia.<\/p>\n<p>Por lo anterior se recomienda extremar precauciones por tiempo severo y atender las recomendaciones de protecci\u00f3n civil, polic\u00eda federal y capitan\u00eda de puerto.<\/p>\n<p>&nbsp;<\/p>\n<p style=\"text-align: center\"><strong>-0-<\/strong><\/p>\n<div class=\"yj6qo\"><\/div>\n<div class=\"adL\"><\/div>\n<\/div>\n<div class=\"adL\"><\/div>\n<\/div>\n<\/div>\n<div id=\":ov\" class=\"hq gt a10\">\n<div class=\"hp\"><\/div>\n<div class=\"a3I\">Zona de los archivos adjuntos<\/div>\n<div id=\":nv\"><\/div>\n<div id=\":nw\" class=\"aQH\"><\/div>\n<\/div>\n<div class=\"hi\"><\/div>\n<\/div>\n<\/div>\n","protected":false},"excerpt":{"rendered":"<p>Oaxaca de Ju\u00e1rez, Oax., 13 de noviembre de 2018.-\u00a0La Coordinaci\u00f3n Estatal de Protecci\u00f3n Civil de Oaxaca (CEPCO) informa que se mantiene parcialmente cerrado el Puerto de Salina Cruz y Huatulco a embarcaciones menores por los efectos del Frente Fr\u00edo (FF) n\u00famero 10 que generan \u201cEvento Norte\u201d en la entidad. El meteor\u00f3logo de la CEPCO, Cutberto [&hellip;]<\/p>\n","protected":false},"author":1,"featured_media":0,"comment_status":"open","ping_status":"open","sticky":false,"template":"","format":"standard","meta":{"episode_type":"","audio_file":"","podmotor_file_id":"","podmotor_episode_id":"","cover_image":"","cover_image_id":"","duration":"","filesize":"","filesize_raw":"","date_recorded":"","explicit":"","block":"","itunes_episode_number":"","itunes_title":"","itunes_season_number":"","itunes_episode_type":"","footnotes":""},"categories":[8],"tags":[89],"class_list":["post-24801","post","type-post","status-publish","format-standard","hentry","category-noticias","tag-cepco"],"acf":[],"publishpress_future_action":{"enabled":false,"date":"2026-05-10 10:36:13","action":"change-status","newStatus":"draft","terms":[],"taxonomy":"category","extraData":[]},"publishpress_future_workflow_manual_trigger":{"enabledWorkflows":[]},"_links":{"self":[{"href":"https:\/\/www.oaxaca.gob.mx\/comunicacion\/wp-json\/wp\/v2\/posts\/24801","targetHints":{"allow":["GET"]}}],"collection":[{"href":"https:\/\/www.oaxaca.gob.mx\/comunicacion\/wp-json\/wp\/v2\/posts"}],"about":[{"href":"https:\/\/www.oaxaca.gob.mx\/comunicacion\/wp-json\/wp\/v2\/types\/post"}],"author":[{"embeddable":true,"href":"https:\/\/www.oaxaca.gob.mx\/comunicacion\/wp-json\/wp\/v2\/users\/1"}],"replies":[{"embeddable":true,"href":"https:\/\/www.oaxaca.gob.mx\/comunicacion\/wp-json\/wp\/v2\/comments?post=24801"}],"version-history":[{"count":0,"href":"https:\/\/www.oaxaca.gob.mx\/comunicacion\/wp-json\/wp\/v2\/posts\/24801\/revisions"}],"wp:attachment":[{"href":"https:\/\/www.oaxaca.gob.mx\/comunicacion\/wp-json\/wp\/v2\/media?parent=24801"}],"wp:term":[{"taxonomy":"category","embeddable":true,"href":"https:\/\/www.oaxaca.gob.mx\/comunicacion\/wp-json\/wp\/v2\/categories?post=24801"},{"taxonomy":"post_tag","embeddable":true,"href":"https:\/\/www.oaxaca.gob.mx\/comunicacion\/wp-json\/wp\/v2\/tags?post=24801"}],"curies":[{"name":"wp","href":"https:\/\/api.w.org\/{rel}","templated":true}]}}