{"id":18753,"date":"2018-07-19T16:50:37","date_gmt":"2018-07-19T22:50:37","guid":{"rendered":"https:\/\/www.oaxaca.gob.mx\/comunicacion\/?p=18753"},"modified":"2018-07-19T16:50:37","modified_gmt":"2018-07-19T22:50:37","slug":"centro-calpulli-invita-a-la-8a-guelaguetza-popular-infantil","status":"publish","type":"post","link":"https:\/\/www.oaxaca.gob.mx\/comunicacion\/centro-calpulli-invita-a-la-8a-guelaguetza-popular-infantil\/","title":{"rendered":"Centro Calpulli invita a la 8\u00aa Guelaguetza Popular Infantil"},"content":{"rendered":"\n<p>Oaxaca de Ju\u00e1rez, Oax., 19 de julio de 2018.- La Secretar\u00eda de Turismo del Gobierno del Estado de Oaxaca (Sectur Oaxaca), invita a oaxaque\u00f1os y oaxaque\u00f1as, as\u00ed como a visitantes a disfrutar de la 8\u00aa Guelaguetza Popular Infantil, a realizarse el pr\u00f3ximo domingo 22 de julio.<\/p>\n<p>Ni\u00f1os, ni\u00f1as y adolescentes de los talleres de danza del Centro de Apoyo para la Educaci\u00f3n y Creatividad Calpulli A. C., presentar\u00e1n la m\u00e1xima fiesta de las y los oaxaque\u00f1os a partir de las 9:00 horas en la colonia Lomas de San Jacinto, de la Ciudad de Oaxaca.<\/p>\n<p>El coordinador adjunto de este organismo, Felipe S\u00e1nchez Rodr\u00edguez, destac\u00f3 que con esta Guelaguetza, se pretende fortalecer el derecho a la identidad como pueblo oaxaque\u00f1o y preservar la riqueza cultural del estado.<\/p>\n<p>El festejo inicia el d\u00eda s\u00e1bado 21 julio a las 16:00 horas con una calenda que recorrer\u00e1 las principales calles de la colonia, hasta llegar a la cancha del Sector 5; el domingo 22 de julio a partir de las 9:00 horas, se llevar\u00e1 a cabo la Guelaguetza Popular Infantil en la misma cancha.<\/p>\n<p>32 personas en escena presentar\u00e1n bailes y danzas de las ocho regiones del estado y habr\u00e1 un grupo invitado de ni\u00f1os y ni\u00f1as que ejecutar\u00e1n bailables de la regi\u00f3n Mixteca y la Danza de la Pluma. Este evento ser\u00e1 gratuito.<\/p>\n<p>&nbsp;\t\t<\/p>\n","protected":false},"excerpt":{"rendered":"<p>Oaxaca de Ju\u00e1rez, Oax., 19 de julio de 2018.- La Secretar\u00eda de Turismo del Gobierno del Estado de Oaxaca (Sectur Oaxaca), invita a oaxaque\u00f1os y oaxaque\u00f1as, as\u00ed como a visitantes a disfrutar de la 8\u00aa Guelaguetza Popular Infantil, a realizarse el pr\u00f3ximo domingo 22 de julio. Ni\u00f1os, ni\u00f1as y adolescentes de los talleres de danza [&hellip;]<\/p>\n","protected":false},"author":1,"featured_media":0,"comment_status":"open","ping_status":"open","sticky":false,"template":"","format":"standard","meta":{"episode_type":"","audio_file":"","podmotor_file_id":"","podmotor_episode_id":"","cover_image":"","cover_image_id":"","duration":"","filesize":"","filesize_raw":"","date_recorded":"","explicit":"","block":"","itunes_episode_number":"","itunes_title":"","itunes_season_number":"","itunes_episode_type":"","footnotes":""},"categories":[8],"tags":[370],"class_list":["post-18753","post","type-post","status-publish","format-standard","hentry","category-noticias","tag-sectur"],"acf":[],"publishpress_future_action":{"enabled":false,"date":"2026-05-05 14:59:45","action":"change-status","newStatus":"draft","terms":[],"taxonomy":"category","extraData":[]},"publishpress_future_workflow_manual_trigger":{"enabledWorkflows":[]},"_links":{"self":[{"href":"https:\/\/www.oaxaca.gob.mx\/comunicacion\/wp-json\/wp\/v2\/posts\/18753","targetHints":{"allow":["GET"]}}],"collection":[{"href":"https:\/\/www.oaxaca.gob.mx\/comunicacion\/wp-json\/wp\/v2\/posts"}],"about":[{"href":"https:\/\/www.oaxaca.gob.mx\/comunicacion\/wp-json\/wp\/v2\/types\/post"}],"author":[{"embeddable":true,"href":"https:\/\/www.oaxaca.gob.mx\/comunicacion\/wp-json\/wp\/v2\/users\/1"}],"replies":[{"embeddable":true,"href":"https:\/\/www.oaxaca.gob.mx\/comunicacion\/wp-json\/wp\/v2\/comments?post=18753"}],"version-history":[{"count":0,"href":"https:\/\/www.oaxaca.gob.mx\/comunicacion\/wp-json\/wp\/v2\/posts\/18753\/revisions"}],"wp:attachment":[{"href":"https:\/\/www.oaxaca.gob.mx\/comunicacion\/wp-json\/wp\/v2\/media?parent=18753"}],"wp:term":[{"taxonomy":"category","embeddable":true,"href":"https:\/\/www.oaxaca.gob.mx\/comunicacion\/wp-json\/wp\/v2\/categories?post=18753"},{"taxonomy":"post_tag","embeddable":true,"href":"https:\/\/www.oaxaca.gob.mx\/comunicacion\/wp-json\/wp\/v2\/tags?post=18753"}],"curies":[{"name":"wp","href":"https:\/\/api.w.org\/{rel}","templated":true}]}}