{"id":180458,"date":"2026-09-05T15:47:00","date_gmt":"2026-09-05T21:47:00","guid":{"rendered":"https:\/\/www.oaxaca.gob.mx\/comunicacion\/?p=180458"},"modified":"2026-09-05T15:47:00","modified_gmt":"2026-09-05T21:47:00","slug":"entrega-gobierno-de-jara-obras-que-demuestran-cercania-con-el-pueblo","status":"publish","type":"post","link":"https:\/\/www.oaxaca.gob.mx\/comunicacion\/entrega-gobierno-de-jara-obras-que-demuestran-cercania-con-el-pueblo\/","title":{"rendered":"Entrega Gobierno de Jara obras que demuestran cercan\u00eda con el pueblo"},"content":{"rendered":"<div class=\"su-heading su-heading-style-default su-heading-align-center\" id=\"\" style=\"font-size:13px;margin-bottom:20px\"><div class=\"su-heading-inner\">Afirma que su gobierno tiene sentido social y no abandonar\u00e1 a las comunidades<\/div><\/div>\n<p><strong>Santos Reyes Nopala, Oax. 05 de septiembre de 2026.-<\/strong> Desde la cuna de la lengua chatina, el Gobernador Salom\u00f3n Jara Cruz inaugur\u00f3 la construcci\u00f3n del camino de pavimento con concreto hidr\u00e1ulico de Santos Reyes Nopala-Santiago Cuixtla, que se traduce en mejor comunicaci\u00f3n y desarrollo para las y los habitantes de este municipio coste\u00f1o.<\/p>\n<p>Esta obra realizada en dos etapas, que da cumplimiento a la palabra empe\u00f1ada del Mandatario estatal, requiri\u00f3 una inversi\u00f3n de 15 millones 264 mil 790 pesos para construir 2 mil 500 metros de longitud de pavimentaci\u00f3n, con un ancho de calzada de seis metros.<\/p>\n<div class=\"su-quote su-quote-style-default\"><div class=\"su-quote-inner su-u-clearfix su-u-trim\">\u201cNos parece de la mayor importancia mantener el trabajo con pueblos y comunidades en un gobierno que nosotros llamamos de territorio, no escritorio; un gobierno cercano a las comunidades y las autoridades\u201d refiri\u00f3 Jara Cruz.<\/div><\/div>\n<div class=\"su-quote su-quote-style-default\"><div class=\"su-quote-inner su-u-clearfix su-u-trim\">\u201cSomos un gobierno con un sentido social, y sobre todo de izquierda, que no puede abandonar al pueblo, al contrario, tiene que estar siempre acompa\u00f1\u00e1ndolos\u201d, reiter\u00f3.<\/div><\/div>\n<p>Por otra parte, en esta misma municipalidad, en la localidad Cerro de Aire, el titular del Poder Ejecutivo entreg\u00f3 el Centro de Desarrollo Comunitario que, en una primera etapa, se aplicaron 4 millones de pesos en favor de m\u00e1s de mil habitantes de la localidad.<\/p>\n<p>Esta Obra Primavera contribuye al fortalecimiento del tejido social y convivencia comunitaria, atendiendo principalmente a grupos vulnerables.<\/p>\n<p>El Gobierno del Estado soluciona el rezago de espacios p\u00fablicos y ofrece oportunidades de crecimiento a la ni\u00f1ez y juventud oaxaque\u00f1a.<\/p>\n<p style=\"text-align: center\"><strong>-0-<\/strong><\/p>\n<div class=\"su-image-carousel  su-image-carousel-has-spacing su-image-carousel-crop su-image-carousel-crop-16-10 su-image-carousel-has-outline su-image-carousel-adaptive su-image-carousel-slides-style-minimal su-image-carousel-controls-style-dark su-image-carousel-align-center\" style=\"\" data-flickity-options='{\"groupCells\":true,\"cellSelector\":\".su-image-carousel-item\",\"adaptiveHeight\":false,\"cellAlign\":\"left\",\"prevNextButtons\":true,\"pageDots\":true,\"autoPlay\":5000,\"imagesLoaded\":true,\"contain\":true,\"selectedAttraction\":0.025,\"friction\":0.28}' id=\"su_image_carousel_6a9cb0badff4b\"><div class=\"su-image-carousel-item\"><div class=\"su-image-carousel-item-content\"><img loading=\"lazy\" decoding=\"async\" width=\"972\" height=\"677\" src=\"https:\/\/www.oaxaca.gob.mx\/comunicacion\/wp-content\/uploads\/sites\/28\/2026\/09\/b221352f-535c-4298-9722-71f755394ea6.jpg\" class=\"\" alt=\"\" srcset=\"https:\/\/www.oaxaca.gob.mx\/comunicacion\/wp-content\/uploads\/sites\/28\/2026\/09\/b221352f-535c-4298-9722-71f755394ea6.jpg 972w, https:\/\/www.oaxaca.gob.mx\/comunicacion\/wp-content\/uploads\/sites\/28\/2026\/09\/b221352f-535c-4298-9722-71f755394ea6-300x209.jpg 300w, https:\/\/www.oaxaca.gob.mx\/comunicacion\/wp-content\/uploads\/sites\/28\/2026\/09\/b221352f-535c-4298-9722-71f755394ea6-768x535.jpg 768w\" sizes=\"auto, (max-width: 972px) 100vw, 972px\" \/><\/div><\/div><div class=\"su-image-carousel-item\"><div class=\"su-image-carousel-item-content\"><img loading=\"lazy\" decoding=\"async\" width=\"1024\" height=\"768\" src=\"https:\/\/www.oaxaca.gob.mx\/comunicacion\/wp-content\/uploads\/sites\/28\/2026\/09\/b413c696-360b-49c6-a940-197b0925822b-1024x768.jpg\" class=\"\" alt=\"\" srcset=\"https:\/\/www.oaxaca.gob.mx\/comunicacion\/wp-content\/uploads\/sites\/28\/2026\/09\/b413c696-360b-49c6-a940-197b0925822b-1024x768.jpg 1024w, https:\/\/www.oaxaca.gob.mx\/comunicacion\/wp-content\/uploads\/sites\/28\/2026\/09\/b413c696-360b-49c6-a940-197b0925822b-300x225.jpg 300w, https:\/\/www.oaxaca.gob.mx\/comunicacion\/wp-content\/uploads\/sites\/28\/2026\/09\/b413c696-360b-49c6-a940-197b0925822b-768x576.jpg 768w, https:\/\/www.oaxaca.gob.mx\/comunicacion\/wp-content\/uploads\/sites\/28\/2026\/09\/b413c696-360b-49c6-a940-197b0925822b.jpg 1280w\" sizes=\"auto, (max-width: 1024px) 100vw, 1024px\" \/><\/div><\/div><div class=\"su-image-carousel-item\"><div class=\"su-image-carousel-item-content\"><img loading=\"lazy\" decoding=\"async\" width=\"1024\" height=\"768\" src=\"https:\/\/www.oaxaca.gob.mx\/comunicacion\/wp-content\/uploads\/sites\/28\/2026\/09\/0775b00d-ca4c-4bb5-9941-e3013903ea19-1024x768.jpg\" class=\"\" alt=\"\" srcset=\"https:\/\/www.oaxaca.gob.mx\/comunicacion\/wp-content\/uploads\/sites\/28\/2026\/09\/0775b00d-ca4c-4bb5-9941-e3013903ea19-1024x768.jpg 1024w, https:\/\/www.oaxaca.gob.mx\/comunicacion\/wp-content\/uploads\/sites\/28\/2026\/09\/0775b00d-ca4c-4bb5-9941-e3013903ea19-300x225.jpg 300w, https:\/\/www.oaxaca.gob.mx\/comunicacion\/wp-content\/uploads\/sites\/28\/2026\/09\/0775b00d-ca4c-4bb5-9941-e3013903ea19-768x576.jpg 768w, https:\/\/www.oaxaca.gob.mx\/comunicacion\/wp-content\/uploads\/sites\/28\/2026\/09\/0775b00d-ca4c-4bb5-9941-e3013903ea19.jpg 1280w\" sizes=\"auto, (max-width: 1024px) 100vw, 1024px\" \/><\/div><\/div><div class=\"su-image-carousel-item\"><div class=\"su-image-carousel-item-content\"><img loading=\"lazy\" decoding=\"async\" width=\"1024\" height=\"768\" src=\"https:\/\/www.oaxaca.gob.mx\/comunicacion\/wp-content\/uploads\/sites\/28\/2026\/09\/f881506e-952d-4ac3-8af0-a283a1494e0e-1024x768.jpg\" class=\"\" alt=\"\" srcset=\"https:\/\/www.oaxaca.gob.mx\/comunicacion\/wp-content\/uploads\/sites\/28\/2026\/09\/f881506e-952d-4ac3-8af0-a283a1494e0e-1024x768.jpg 1024w, https:\/\/www.oaxaca.gob.mx\/comunicacion\/wp-content\/uploads\/sites\/28\/2026\/09\/f881506e-952d-4ac3-8af0-a283a1494e0e-300x225.jpg 300w, https:\/\/www.oaxaca.gob.mx\/comunicacion\/wp-content\/uploads\/sites\/28\/2026\/09\/f881506e-952d-4ac3-8af0-a283a1494e0e-768x576.jpg 768w, https:\/\/www.oaxaca.gob.mx\/comunicacion\/wp-content\/uploads\/sites\/28\/2026\/09\/f881506e-952d-4ac3-8af0-a283a1494e0e.jpg 1280w\" sizes=\"auto, (max-width: 1024px) 100vw, 1024px\" \/><\/div><\/div><div class=\"su-image-carousel-item\"><div class=\"su-image-carousel-item-content\"><img loading=\"lazy\" decoding=\"async\" width=\"1024\" height=\"768\" src=\"https:\/\/www.oaxaca.gob.mx\/comunicacion\/wp-content\/uploads\/sites\/28\/2026\/09\/b9754e3f-7249-4096-b3f3-065985136ddf-1024x768.jpg\" class=\"\" alt=\"\" srcset=\"https:\/\/www.oaxaca.gob.mx\/comunicacion\/wp-content\/uploads\/sites\/28\/2026\/09\/b9754e3f-7249-4096-b3f3-065985136ddf-1024x768.jpg 1024w, https:\/\/www.oaxaca.gob.mx\/comunicacion\/wp-content\/uploads\/sites\/28\/2026\/09\/b9754e3f-7249-4096-b3f3-065985136ddf-300x225.jpg 300w, https:\/\/www.oaxaca.gob.mx\/comunicacion\/wp-content\/uploads\/sites\/28\/2026\/09\/b9754e3f-7249-4096-b3f3-065985136ddf-768x576.jpg 768w, https:\/\/www.oaxaca.gob.mx\/comunicacion\/wp-content\/uploads\/sites\/28\/2026\/09\/b9754e3f-7249-4096-b3f3-065985136ddf.jpg 1280w\" sizes=\"auto, (max-width: 1024px) 100vw, 1024px\" \/><\/div><\/div><div class=\"su-image-carousel-item\"><div class=\"su-image-carousel-item-content\"><img loading=\"lazy\" decoding=\"async\" width=\"876\" height=\"551\" src=\"https:\/\/www.oaxaca.gob.mx\/comunicacion\/wp-content\/uploads\/sites\/28\/2026\/09\/01b82f49-f58c-477c-b537-34b6822967bb.jpg\" class=\"\" alt=\"\" srcset=\"https:\/\/www.oaxaca.gob.mx\/comunicacion\/wp-content\/uploads\/sites\/28\/2026\/09\/01b82f49-f58c-477c-b537-34b6822967bb.jpg 876w, https:\/\/www.oaxaca.gob.mx\/comunicacion\/wp-content\/uploads\/sites\/28\/2026\/09\/01b82f49-f58c-477c-b537-34b6822967bb-300x189.jpg 300w, https:\/\/www.oaxaca.gob.mx\/comunicacion\/wp-content\/uploads\/sites\/28\/2026\/09\/01b82f49-f58c-477c-b537-34b6822967bb-768x483.jpg 768w\" sizes=\"auto, (max-width: 876px) 100vw, 876px\" \/><\/div><\/div><div class=\"su-image-carousel-item\"><div class=\"su-image-carousel-item-content\"><img loading=\"lazy\" decoding=\"async\" width=\"1024\" height=\"683\" src=\"https:\/\/www.oaxaca.gob.mx\/comunicacion\/wp-content\/uploads\/sites\/28\/2026\/09\/32fb55e3-25dc-4faa-aea9-0c98e96bc777-1024x683.jpg\" class=\"\" alt=\"\" srcset=\"https:\/\/www.oaxaca.gob.mx\/comunicacion\/wp-content\/uploads\/sites\/28\/2026\/09\/32fb55e3-25dc-4faa-aea9-0c98e96bc777-1024x683.jpg 1024w, https:\/\/www.oaxaca.gob.mx\/comunicacion\/wp-content\/uploads\/sites\/28\/2026\/09\/32fb55e3-25dc-4faa-aea9-0c98e96bc777-300x200.jpg 300w, https:\/\/www.oaxaca.gob.mx\/comunicacion\/wp-content\/uploads\/sites\/28\/2026\/09\/32fb55e3-25dc-4faa-aea9-0c98e96bc777-768x512.jpg 768w, https:\/\/www.oaxaca.gob.mx\/comunicacion\/wp-content\/uploads\/sites\/28\/2026\/09\/32fb55e3-25dc-4faa-aea9-0c98e96bc777.jpg 1280w\" sizes=\"auto, (max-width: 1024px) 100vw, 1024px\" \/><\/div><\/div><div class=\"su-image-carousel-item\"><div class=\"su-image-carousel-item-content\"><img loading=\"lazy\" decoding=\"async\" width=\"830\" height=\"616\" src=\"https:\/\/www.oaxaca.gob.mx\/comunicacion\/wp-content\/uploads\/sites\/28\/2026\/09\/4e50b83b-e2b2-4782-a394-f01fc3a7c5e4.jpg\" class=\"\" alt=\"\" srcset=\"https:\/\/www.oaxaca.gob.mx\/comunicacion\/wp-content\/uploads\/sites\/28\/2026\/09\/4e50b83b-e2b2-4782-a394-f01fc3a7c5e4.jpg 830w, https:\/\/www.oaxaca.gob.mx\/comunicacion\/wp-content\/uploads\/sites\/28\/2026\/09\/4e50b83b-e2b2-4782-a394-f01fc3a7c5e4-300x223.jpg 300w, https:\/\/www.oaxaca.gob.mx\/comunicacion\/wp-content\/uploads\/sites\/28\/2026\/09\/4e50b83b-e2b2-4782-a394-f01fc3a7c5e4-768x570.jpg 768w\" sizes=\"auto, (max-width: 830px) 100vw, 830px\" \/><\/div><\/div><\/div><script id=\"su_image_carousel_6a9cb0badff4b_script\">if(window.SUImageCarousel){setTimeout(function() {window.SUImageCarousel.initGallery(document.getElementById(\"su_image_carousel_6a9cb0badff4b\"))}, 0);}var su_image_carousel_6a9cb0badff4b_script=document.getElementById(\"su_image_carousel_6a9cb0badff4b_script\");if(su_image_carousel_6a9cb0badff4b_script){su_image_carousel_6a9cb0badff4b_script.parentNode.removeChild(su_image_carousel_6a9cb0badff4b_script);}<\/script>\n","protected":false},"excerpt":{"rendered":"<p>Santos Reyes Nopala, Oax. 05 de septiembre de 2026.- Desde la cuna de la lengua chatina, el Gobernador Salom\u00f3n Jara Cruz inaugur\u00f3 la construcci\u00f3n del camino de pavimento con concreto hidr\u00e1ulico de Santos Reyes Nopala-Santiago Cuixtla, que se traduce en mejor comunicaci\u00f3n y desarrollo para las y los habitantes de este municipio coste\u00f1o. Esta obra [&hellip;]<\/p>\n","protected":false},"author":29,"featured_media":180462,"comment_status":"open","ping_status":"open","sticky":false,"template":"","format":"standard","meta":{"episode_type":"","audio_file":"","podmotor_file_id":"","podmotor_episode_id":"","cover_image":"","cover_image_id":"","duration":"","filesize":"","filesize_raw":"","date_recorded":"","explicit":"","block":"","itunes_episode_number":"","itunes_title":"","itunes_season_number":"","itunes_episode_type":"","footnotes":""},"categories":[7],"tags":[1596],"class_list":["post-180458","post","type-post","status-publish","format-standard","has-post-thumbnail","hentry","category-slide","tag-santos-reyes-nopala"],"acf":[],"publishpress_future_action":{"enabled":false,"date":"2026-09-12 18:15:54","action":"change-status","newStatus":"draft","terms":[],"taxonomy":"category","extraData":[]},"publishpress_future_workflow_manual_trigger":{"enabledWorkflows":[]},"_links":{"self":[{"href":"https:\/\/www.oaxaca.gob.mx\/comunicacion\/wp-json\/wp\/v2\/posts\/180458","targetHints":{"allow":["GET"]}}],"collection":[{"href":"https:\/\/www.oaxaca.gob.mx\/comunicacion\/wp-json\/wp\/v2\/posts"}],"about":[{"href":"https:\/\/www.oaxaca.gob.mx\/comunicacion\/wp-json\/wp\/v2\/types\/post"}],"author":[{"embeddable":true,"href":"https:\/\/www.oaxaca.gob.mx\/comunicacion\/wp-json\/wp\/v2\/users\/29"}],"replies":[{"embeddable":true,"href":"https:\/\/www.oaxaca.gob.mx\/comunicacion\/wp-json\/wp\/v2\/comments?post=180458"}],"version-history":[{"count":1,"href":"https:\/\/www.oaxaca.gob.mx\/comunicacion\/wp-json\/wp\/v2\/posts\/180458\/revisions"}],"predecessor-version":[{"id":180467,"href":"https:\/\/www.oaxaca.gob.mx\/comunicacion\/wp-json\/wp\/v2\/posts\/180458\/revisions\/180467"}],"wp:featuredmedia":[{"embeddable":true,"href":"https:\/\/www.oaxaca.gob.mx\/comunicacion\/wp-json\/wp\/v2\/media\/180462"}],"wp:attachment":[{"href":"https:\/\/www.oaxaca.gob.mx\/comunicacion\/wp-json\/wp\/v2\/media?parent=180458"}],"wp:term":[{"taxonomy":"category","embeddable":true,"href":"https:\/\/www.oaxaca.gob.mx\/comunicacion\/wp-json\/wp\/v2\/categories?post=180458"},{"taxonomy":"post_tag","embeddable":true,"href":"https:\/\/www.oaxaca.gob.mx\/comunicacion\/wp-json\/wp\/v2\/tags?post=180458"}],"curies":[{"name":"wp","href":"https:\/\/api.w.org\/{rel}","templated":true}]}}