{"id":180359,"date":"2026-09-03T21:02:50","date_gmt":"2026-09-04T03:02:50","guid":{"rendered":"https:\/\/www.oaxaca.gob.mx\/comunicacion\/?p=180359"},"modified":"2026-09-03T21:02:50","modified_gmt":"2026-09-04T03:02:50","slug":"en-oaxaca-el-pueblo-manda-salomon-jara","status":"publish","type":"post","link":"https:\/\/www.oaxaca.gob.mx\/comunicacion\/en-oaxaca-el-pueblo-manda-salomon-jara\/","title":{"rendered":"En Oaxaca el pueblo manda: Salom\u00f3n Jara"},"content":{"rendered":"<div class=\"su-heading su-heading-style-default su-heading-align-center\" id=\"\" style=\"font-size:13px;margin-bottom:20px\"><div class=\"su-heading-inner\">Entrega Ejecutivo propuesta de Nueva Constituci\u00f3n en Oaxaca<\/div><\/div>\n<div class=\"su-heading su-heading-style-default su-heading-align-center\" id=\"\" style=\"font-size:13px;margin-bottom:20px\"><div class=\"su-heading-inner\">Tambi\u00e9n, se retoman m\u00e1s de 120 iniciativas de legislaturas pasadas<\/div><\/div>\n<p><strong>San Raymundo Jalpan, Oax., 03 de septiembre de 2026.-<\/strong> Por primera vez los pueblos oaxaque\u00f1os podr\u00edan tener una constituci\u00f3n estatal redactada desde su perspectiva y no desde el enfoque de la tradici\u00f3n occidental, con la entrega de la iniciativa de Reforma Integral a la Constituci\u00f3n Pol\u00edtica del Estado Libre y Soberano de Oaxaca que el Poder Ejecutivo realiz\u00f3 ante el Congreso local.<\/p>\n<p>En representaci\u00f3n del Gobernador del Estado, Salom\u00f3n Jara Cruz; el titular de la Consejer\u00eda Jur\u00eddica y Asistencia Legal, Geovany V\u00e1squez Sagrero y el secretario de Gobierno, Jes\u00fas Romero L\u00f3pez, entregaron la propuesta constitucional que tiene como eje la interculturalidad, busca contar con 81 art\u00edculos, de un texto que actualmente tiene 148 y 828 reformas de ley.<\/p>\n<p>El documento entregado a la presidenta de la Junta de Coordinaci\u00f3n Pol\u00edtica (Jucopo) de la LXVI Legislatura, Tania Caballero; a la presidenta de la Mesa Directiva, Eva Diego Cruz y a la legisladora integrante de la Comisi\u00f3n de Estudios Constitucionales, Dennis Garc\u00eda Guti\u00e9rrez, ser\u00e1 analizado, cuestionado y perfectible.<\/p>\n<p>Con visi\u00f3n intercultural<\/p>\n<p>El proyecto propone un texto constitucional ordenado en 81 art\u00edculos y siete t\u00edtulos, cuya columna vertebral es la interculturalidad. Parte del reconocimiento de que Oaxaca es una entidad multi\u00e9tnica, multiling\u00fce y pluricultural, y fortalece la libre determinaci\u00f3n, la autonom\u00eda, los sistemas normativos, la jurisdicci\u00f3n, las lenguas, el patrimonio cultural y biocultural y el derecho a la consulta de los pueblos y comunidades ind\u00edgenas y afromexicanas, dentro de la unidad del Estado, del orden constitucional y del respeto irrestricto a los derechos humanos.<\/p>\n<p>De igual manera, ampl\u00eda y actualiza el cat\u00e1logo de derechos; incorpora mecanismos jurisdiccionales y no jurisdiccionales para hacerlos efectivos; fortalece la buena administraci\u00f3n p\u00fablica, la justicia constitucional, los gobiernos municipales, la fiscalizaci\u00f3n, la transparencia y la rendici\u00f3n de cuentas; y establece principios de honestidad, austeridad, profesionalizaci\u00f3n, m\u00e9rito, eficacia, eficiencia, paridad e interculturalidad para orientar el ejercicio de la funci\u00f3n p\u00fablica.<\/p>\n<p>El consejero Jur\u00eddico, se\u00f1al\u00f3 que la iniciativa comenzar\u00e1 con un debate intercultural, pues cuenta con la visi\u00f3n de los pueblos originarios, incluyendo la comunidad afrodescendiente.<\/p>\n<div class=\"su-quote su-quote-style-default\"><div class=\"su-quote-inner su-u-clearfix su-u-trim\">\u00abEste es el resultado de 25 foros de consulta regionales, con m\u00e1s de 10 mil propuestas donde participaron 8 mil 870 personas, barras de abogados, universidades y 120 iniciativas que ya exist\u00edan de legislaturas pasadas\u00bb, detall\u00f3 V\u00e1squez Sagrero.<\/div><\/div>\n<p>Subray\u00f3 que la iniciativa debe ser sometida a un proceso de consulta previa libre e informada, junto con un debate de altura por todos los sectores, bajo un an\u00e1lisis con principios de legalidad y transparencia, para que el dictamen final sea presentado por las y los legisladores.<\/p>\n<p>Por su parte, el responsable de la pol\u00edtica interna, Jes\u00fas Romero L\u00f3pez indic\u00f3 la necesidad de una Constituci\u00f3n profundamente social y humanista, que reconozca que el desarrollo s\u00f3lo tiene sentido cuando se traduce en bienestar, igualdad y oportunidades.<\/p>\n<p>Entre sus principales planteamientos, fortalece el reconocimiento de Oaxaca como una entidad multi\u00e9tnica, multiling\u00fce y pluricultural, as\u00ed como los derechos de los pueblos y comunidades ind\u00edgenas y afromexicanas, su libre determinaci\u00f3n, autonom\u00eda, sistemas normativos, lenguas, patrimonio cultural y biocultural, y derecho a la consulta. Tambi\u00e9n actualiza el cat\u00e1logo de derechos y contempla mecanismos para hacerlos efectivos, adem\u00e1s de fortalecer la justicia constitucional, los gobiernos municipales, la fiscalizaci\u00f3n, transparencia y rendici\u00f3n de cuentas.<\/p>\n<p>Esta iniciativa representa un punto de partida para un debate amplio, plural e intercultural, y deber\u00e1 ser sometida a los procesos de consulta y an\u00e1lisis correspondientes antes de su dictaminaci\u00f3n por el Poder Legislativo. Para la administraci\u00f3n estatal, Oaxaca requiere una Constituci\u00f3n nueva, actualizada, con una visi\u00f3n social y humanista, que reconozca que el desarrollo debe traducirse en bienestar, igualdad y oportunidades para todas y todos.<\/p>\n<p style=\"text-align: center\"><strong>-0-<\/strong><\/p>\n<div class=\"su-image-carousel  su-image-carousel-has-spacing su-image-carousel-crop su-image-carousel-crop-16-10 su-image-carousel-has-outline su-image-carousel-adaptive su-image-carousel-slides-style-minimal su-image-carousel-controls-style-dark su-image-carousel-align-center\" style=\"\" data-flickity-options='{\"groupCells\":true,\"cellSelector\":\".su-image-carousel-item\",\"adaptiveHeight\":false,\"cellAlign\":\"left\",\"prevNextButtons\":true,\"pageDots\":true,\"autoPlay\":5000,\"imagesLoaded\":true,\"contain\":true,\"selectedAttraction\":0.025,\"friction\":0.28}' id=\"su_image_carousel_6a9a669dd9546\"><div class=\"su-image-carousel-item\"><div class=\"su-image-carousel-item-content\"><img loading=\"lazy\" decoding=\"async\" width=\"1024\" height=\"684\" src=\"https:\/\/www.oaxaca.gob.mx\/comunicacion\/wp-content\/uploads\/sites\/28\/2026\/09\/e9aad55a-bb09-424e-8748-bdeda2249409-1024x684.jpg\" class=\"\" alt=\"\" srcset=\"https:\/\/www.oaxaca.gob.mx\/comunicacion\/wp-content\/uploads\/sites\/28\/2026\/09\/e9aad55a-bb09-424e-8748-bdeda2249409-1024x684.jpg 1024w, https:\/\/www.oaxaca.gob.mx\/comunicacion\/wp-content\/uploads\/sites\/28\/2026\/09\/e9aad55a-bb09-424e-8748-bdeda2249409-300x200.jpg 300w, https:\/\/www.oaxaca.gob.mx\/comunicacion\/wp-content\/uploads\/sites\/28\/2026\/09\/e9aad55a-bb09-424e-8748-bdeda2249409-768x513.jpg 768w, https:\/\/www.oaxaca.gob.mx\/comunicacion\/wp-content\/uploads\/sites\/28\/2026\/09\/e9aad55a-bb09-424e-8748-bdeda2249409-1536x1027.jpg 1536w, https:\/\/www.oaxaca.gob.mx\/comunicacion\/wp-content\/uploads\/sites\/28\/2026\/09\/e9aad55a-bb09-424e-8748-bdeda2249409.jpg 1616w\" sizes=\"auto, (max-width: 1024px) 100vw, 1024px\" \/><\/div><\/div><div class=\"su-image-carousel-item\"><div class=\"su-image-carousel-item-content\"><img loading=\"lazy\" decoding=\"async\" width=\"1024\" height=\"684\" src=\"https:\/\/www.oaxaca.gob.mx\/comunicacion\/wp-content\/uploads\/sites\/28\/2026\/09\/3d47fcf3-d318-4e4b-a1a1-ea1b4b02f9e2-1024x684.jpg\" class=\"\" alt=\"\" srcset=\"https:\/\/www.oaxaca.gob.mx\/comunicacion\/wp-content\/uploads\/sites\/28\/2026\/09\/3d47fcf3-d318-4e4b-a1a1-ea1b4b02f9e2-1024x684.jpg 1024w, https:\/\/www.oaxaca.gob.mx\/comunicacion\/wp-content\/uploads\/sites\/28\/2026\/09\/3d47fcf3-d318-4e4b-a1a1-ea1b4b02f9e2-300x200.jpg 300w, https:\/\/www.oaxaca.gob.mx\/comunicacion\/wp-content\/uploads\/sites\/28\/2026\/09\/3d47fcf3-d318-4e4b-a1a1-ea1b4b02f9e2-768x513.jpg 768w, https:\/\/www.oaxaca.gob.mx\/comunicacion\/wp-content\/uploads\/sites\/28\/2026\/09\/3d47fcf3-d318-4e4b-a1a1-ea1b4b02f9e2-1536x1027.jpg 1536w, https:\/\/www.oaxaca.gob.mx\/comunicacion\/wp-content\/uploads\/sites\/28\/2026\/09\/3d47fcf3-d318-4e4b-a1a1-ea1b4b02f9e2.jpg 1616w\" sizes=\"auto, (max-width: 1024px) 100vw, 1024px\" \/><\/div><\/div><div class=\"su-image-carousel-item\"><div class=\"su-image-carousel-item-content\"><img loading=\"lazy\" decoding=\"async\" width=\"1024\" height=\"684\" src=\"https:\/\/www.oaxaca.gob.mx\/comunicacion\/wp-content\/uploads\/sites\/28\/2026\/09\/2de155f5-3045-452f-b506-98793aa2b381-1024x684.jpg\" class=\"\" alt=\"\" srcset=\"https:\/\/www.oaxaca.gob.mx\/comunicacion\/wp-content\/uploads\/sites\/28\/2026\/09\/2de155f5-3045-452f-b506-98793aa2b381-1024x684.jpg 1024w, https:\/\/www.oaxaca.gob.mx\/comunicacion\/wp-content\/uploads\/sites\/28\/2026\/09\/2de155f5-3045-452f-b506-98793aa2b381-300x200.jpg 300w, https:\/\/www.oaxaca.gob.mx\/comunicacion\/wp-content\/uploads\/sites\/28\/2026\/09\/2de155f5-3045-452f-b506-98793aa2b381-768x513.jpg 768w, https:\/\/www.oaxaca.gob.mx\/comunicacion\/wp-content\/uploads\/sites\/28\/2026\/09\/2de155f5-3045-452f-b506-98793aa2b381-1536x1027.jpg 1536w, https:\/\/www.oaxaca.gob.mx\/comunicacion\/wp-content\/uploads\/sites\/28\/2026\/09\/2de155f5-3045-452f-b506-98793aa2b381.jpg 1616w\" sizes=\"auto, (max-width: 1024px) 100vw, 1024px\" \/><\/div><\/div><div class=\"su-image-carousel-item\"><div class=\"su-image-carousel-item-content\"><img loading=\"lazy\" decoding=\"async\" width=\"1024\" height=\"684\" src=\"https:\/\/www.oaxaca.gob.mx\/comunicacion\/wp-content\/uploads\/sites\/28\/2026\/09\/1f641715-5dab-46bc-a8f7-326ca434780f-1024x684.jpg\" class=\"\" alt=\"\" srcset=\"https:\/\/www.oaxaca.gob.mx\/comunicacion\/wp-content\/uploads\/sites\/28\/2026\/09\/1f641715-5dab-46bc-a8f7-326ca434780f-1024x684.jpg 1024w, https:\/\/www.oaxaca.gob.mx\/comunicacion\/wp-content\/uploads\/sites\/28\/2026\/09\/1f641715-5dab-46bc-a8f7-326ca434780f-300x200.jpg 300w, https:\/\/www.oaxaca.gob.mx\/comunicacion\/wp-content\/uploads\/sites\/28\/2026\/09\/1f641715-5dab-46bc-a8f7-326ca434780f-768x513.jpg 768w, https:\/\/www.oaxaca.gob.mx\/comunicacion\/wp-content\/uploads\/sites\/28\/2026\/09\/1f641715-5dab-46bc-a8f7-326ca434780f-1536x1027.jpg 1536w, https:\/\/www.oaxaca.gob.mx\/comunicacion\/wp-content\/uploads\/sites\/28\/2026\/09\/1f641715-5dab-46bc-a8f7-326ca434780f.jpg 1616w\" sizes=\"auto, (max-width: 1024px) 100vw, 1024px\" \/><\/div><\/div><div class=\"su-image-carousel-item\"><div class=\"su-image-carousel-item-content\"><img loading=\"lazy\" decoding=\"async\" width=\"1024\" height=\"684\" src=\"https:\/\/www.oaxaca.gob.mx\/comunicacion\/wp-content\/uploads\/sites\/28\/2026\/09\/b7bfedcc-daae-4acb-9e8c-68a3cd65527d-1024x684.jpg\" class=\"\" alt=\"\" srcset=\"https:\/\/www.oaxaca.gob.mx\/comunicacion\/wp-content\/uploads\/sites\/28\/2026\/09\/b7bfedcc-daae-4acb-9e8c-68a3cd65527d-1024x684.jpg 1024w, https:\/\/www.oaxaca.gob.mx\/comunicacion\/wp-content\/uploads\/sites\/28\/2026\/09\/b7bfedcc-daae-4acb-9e8c-68a3cd65527d-300x200.jpg 300w, https:\/\/www.oaxaca.gob.mx\/comunicacion\/wp-content\/uploads\/sites\/28\/2026\/09\/b7bfedcc-daae-4acb-9e8c-68a3cd65527d-768x513.jpg 768w, https:\/\/www.oaxaca.gob.mx\/comunicacion\/wp-content\/uploads\/sites\/28\/2026\/09\/b7bfedcc-daae-4acb-9e8c-68a3cd65527d-1536x1027.jpg 1536w, https:\/\/www.oaxaca.gob.mx\/comunicacion\/wp-content\/uploads\/sites\/28\/2026\/09\/b7bfedcc-daae-4acb-9e8c-68a3cd65527d.jpg 1616w\" sizes=\"auto, (max-width: 1024px) 100vw, 1024px\" \/><\/div><\/div><\/div><script id=\"su_image_carousel_6a9a669dd9546_script\">if(window.SUImageCarousel){setTimeout(function() {window.SUImageCarousel.initGallery(document.getElementById(\"su_image_carousel_6a9a669dd9546\"))}, 0);}var su_image_carousel_6a9a669dd9546_script=document.getElementById(\"su_image_carousel_6a9a669dd9546_script\");if(su_image_carousel_6a9a669dd9546_script){su_image_carousel_6a9a669dd9546_script.parentNode.removeChild(su_image_carousel_6a9a669dd9546_script);}<\/script>\n","protected":false},"excerpt":{"rendered":"<p>San Raymundo Jalpan, Oax., 03 de septiembre de 2026.- Por primera vez los pueblos oaxaque\u00f1os podr\u00edan tener una constituci\u00f3n estatal redactada desde su perspectiva y no desde el enfoque de la tradici\u00f3n occidental, con la entrega de la iniciativa de Reforma Integral a la Constituci\u00f3n Pol\u00edtica del Estado Libre y Soberano de Oaxaca que el [&hellip;]<\/p>\n","protected":false},"author":29,"featured_media":180363,"comment_status":"open","ping_status":"open","sticky":false,"template":"","format":"standard","meta":{"episode_type":"","audio_file":"","podmotor_file_id":"","podmotor_episode_id":"","cover_image":"","cover_image_id":"","duration":"","filesize":"","filesize_raw":"","date_recorded":"","explicit":"","block":"","itunes_episode_number":"","itunes_title":"","itunes_season_number":"","itunes_episode_type":"","footnotes":""},"categories":[7],"tags":[1659],"class_list":["post-180359","post","type-post","status-publish","format-standard","has-post-thumbnail","hentry","category-slide","tag-san-raymundo-jalpan"],"acf":[],"publishpress_future_action":{"enabled":false,"date":"2026-09-11 00:35:09","action":"change-status","newStatus":"draft","terms":[],"taxonomy":"category","extraData":[]},"publishpress_future_workflow_manual_trigger":{"enabledWorkflows":[]},"_links":{"self":[{"href":"https:\/\/www.oaxaca.gob.mx\/comunicacion\/wp-json\/wp\/v2\/posts\/180359","targetHints":{"allow":["GET"]}}],"collection":[{"href":"https:\/\/www.oaxaca.gob.mx\/comunicacion\/wp-json\/wp\/v2\/posts"}],"about":[{"href":"https:\/\/www.oaxaca.gob.mx\/comunicacion\/wp-json\/wp\/v2\/types\/post"}],"author":[{"embeddable":true,"href":"https:\/\/www.oaxaca.gob.mx\/comunicacion\/wp-json\/wp\/v2\/users\/29"}],"replies":[{"embeddable":true,"href":"https:\/\/www.oaxaca.gob.mx\/comunicacion\/wp-json\/wp\/v2\/comments?post=180359"}],"version-history":[{"count":1,"href":"https:\/\/www.oaxaca.gob.mx\/comunicacion\/wp-json\/wp\/v2\/posts\/180359\/revisions"}],"predecessor-version":[{"id":180365,"href":"https:\/\/www.oaxaca.gob.mx\/comunicacion\/wp-json\/wp\/v2\/posts\/180359\/revisions\/180365"}],"wp:featuredmedia":[{"embeddable":true,"href":"https:\/\/www.oaxaca.gob.mx\/comunicacion\/wp-json\/wp\/v2\/media\/180363"}],"wp:attachment":[{"href":"https:\/\/www.oaxaca.gob.mx\/comunicacion\/wp-json\/wp\/v2\/media?parent=180359"}],"wp:term":[{"taxonomy":"category","embeddable":true,"href":"https:\/\/www.oaxaca.gob.mx\/comunicacion\/wp-json\/wp\/v2\/categories?post=180359"},{"taxonomy":"post_tag","embeddable":true,"href":"https:\/\/www.oaxaca.gob.mx\/comunicacion\/wp-json\/wp\/v2\/tags?post=180359"}],"curies":[{"name":"wp","href":"https:\/\/api.w.org\/{rel}","templated":true}]}}