{"id":180314,"date":"2026-09-03T12:14:04","date_gmt":"2026-09-03T18:14:04","guid":{"rendered":"https:\/\/www.oaxaca.gob.mx\/comunicacion\/?p=180314"},"modified":"2026-09-03T12:14:04","modified_gmt":"2026-09-03T18:14:04","slug":"encabeza-salomon-jara-encuentro-mensual-para-fomentar-habito-de-la-lectura-entre-las-juventudes","status":"publish","type":"post","link":"https:\/\/www.oaxaca.gob.mx\/comunicacion\/encabeza-salomon-jara-encuentro-mensual-para-fomentar-habito-de-la-lectura-entre-las-juventudes\/","title":{"rendered":"Encabeza Salom\u00f3n Jara encuentro mensual para fomentar h\u00e1bito de la lectura entre las juventudes"},"content":{"rendered":"<div class=\"su-heading su-heading-style-default su-heading-align-center\" id=\"\" style=\"font-size:13px;margin-bottom:20px\"><div class=\"su-heading-inner\">El Gobernador comparte con 100 estudiantes la lectura de \u201cFragmentos hist\u00f3ricos\u201d, de Pedro Salmer\u00f3n Sangin\u00e9s<\/div><\/div>\n<p><strong>Oaxaca de Ju\u00e1rez, Oax., 03 de septiembre de 2026.-<\/strong> El Gobernador Salom\u00f3n Jara Cruz encabez\u00f3 la Lectura Mensual, actividad que reuni\u00f3 a 100 estudiantes de educaci\u00f3n b\u00e1sica y media superior para fomentar el gusto por la lectura.<\/p>\n<p>En el Sal\u00f3n Libertadores Latinoamericanos de Palacio de Gobierno, el estudiantado de la Escuela Secundaria General \u201cGuadalupe Hinojosa de Murat\u201d, IEBO Plantel 112, La Ci\u00e9nega, Zimatl\u00e1n; y de la Escuela Telesecundaria de la colonia Manantial, Zaachila; particip\u00f3 en la lectura de Fragmentos hist\u00f3ricos, de Pedro Salmer\u00f3n Sangin\u00e9s.<\/p>\n<p>Durante su mensaje, el Mandatario estatal destac\u00f3 que la lectura permite conocer otros mundos, ampliar la cultura, estimular la creatividad y fortalecer el pensamiento cr\u00edtico; por ello, invit\u00f3 a las y los j\u00f3venes a convertirla en un h\u00e1bito permanente.<\/p>\n<p>La directora general del Instituto Estatal de Creaci\u00f3n Literaria y Promoci\u00f3n de la Lectura, Carmen S\u00e1nchez Parada, se\u00f1al\u00f3 que Fragmentos hist\u00f3ricos surge como una propuesta para acercar a las nuevas generaciones a la historia de M\u00e9xico mediante textos breves y amenos, con el prop\u00f3sito de contribuir a la recuperaci\u00f3n de la memoria hist\u00f3rica.<\/p>\n<p>La Lectura Mensual con el Gobernador forma parte del Programa Fomento a la Lectura y se realiza como un espacio para acercar a las juventudes a los libros y promover la lectura por gusto y placer.<\/p>\n<p style=\"text-align: center\"><strong>-0-<\/strong><\/p>\n<div class=\"su-image-carousel  su-image-carousel-has-spacing su-image-carousel-crop su-image-carousel-crop-16-10 su-image-carousel-has-outline su-image-carousel-adaptive su-image-carousel-slides-style-minimal su-image-carousel-controls-style-dark su-image-carousel-align-center\" style=\"\" data-flickity-options='{\"groupCells\":true,\"cellSelector\":\".su-image-carousel-item\",\"adaptiveHeight\":false,\"cellAlign\":\"left\",\"prevNextButtons\":true,\"pageDots\":true,\"autoPlay\":5000,\"imagesLoaded\":true,\"contain\":true,\"selectedAttraction\":0.025,\"friction\":0.28}' id=\"su_image_carousel_6a9a669e43fe6\"><div class=\"su-image-carousel-item\"><div class=\"su-image-carousel-item-content\"><img loading=\"lazy\" decoding=\"async\" width=\"1024\" height=\"683\" src=\"https:\/\/www.oaxaca.gob.mx\/comunicacion\/wp-content\/uploads\/sites\/28\/2026\/09\/a8e1737e-80f1-4690-9d8c-a3fad9a9f3b1-1024x683.jpg\" class=\"\" alt=\"\" srcset=\"https:\/\/www.oaxaca.gob.mx\/comunicacion\/wp-content\/uploads\/sites\/28\/2026\/09\/a8e1737e-80f1-4690-9d8c-a3fad9a9f3b1-1024x683.jpg 1024w, https:\/\/www.oaxaca.gob.mx\/comunicacion\/wp-content\/uploads\/sites\/28\/2026\/09\/a8e1737e-80f1-4690-9d8c-a3fad9a9f3b1-300x200.jpg 300w, https:\/\/www.oaxaca.gob.mx\/comunicacion\/wp-content\/uploads\/sites\/28\/2026\/09\/a8e1737e-80f1-4690-9d8c-a3fad9a9f3b1-768x512.jpg 768w, https:\/\/www.oaxaca.gob.mx\/comunicacion\/wp-content\/uploads\/sites\/28\/2026\/09\/a8e1737e-80f1-4690-9d8c-a3fad9a9f3b1.jpg 1280w\" sizes=\"auto, (max-width: 1024px) 100vw, 1024px\" \/><\/div><\/div><div class=\"su-image-carousel-item\"><div class=\"su-image-carousel-item-content\"><img loading=\"lazy\" decoding=\"async\" width=\"1024\" height=\"643\" src=\"https:\/\/www.oaxaca.gob.mx\/comunicacion\/wp-content\/uploads\/sites\/28\/2026\/09\/b8ed07b0-c6f9-43e1-b3b8-982271ebbd56-1024x643.jpg\" class=\"\" alt=\"\" srcset=\"https:\/\/www.oaxaca.gob.mx\/comunicacion\/wp-content\/uploads\/sites\/28\/2026\/09\/b8ed07b0-c6f9-43e1-b3b8-982271ebbd56-1024x643.jpg 1024w, https:\/\/www.oaxaca.gob.mx\/comunicacion\/wp-content\/uploads\/sites\/28\/2026\/09\/b8ed07b0-c6f9-43e1-b3b8-982271ebbd56-300x188.jpg 300w, https:\/\/www.oaxaca.gob.mx\/comunicacion\/wp-content\/uploads\/sites\/28\/2026\/09\/b8ed07b0-c6f9-43e1-b3b8-982271ebbd56-768x482.jpg 768w, https:\/\/www.oaxaca.gob.mx\/comunicacion\/wp-content\/uploads\/sites\/28\/2026\/09\/b8ed07b0-c6f9-43e1-b3b8-982271ebbd56.jpg 1280w\" sizes=\"auto, (max-width: 1024px) 100vw, 1024px\" \/><\/div><\/div><div class=\"su-image-carousel-item\"><div class=\"su-image-carousel-item-content\"><img loading=\"lazy\" decoding=\"async\" width=\"1024\" height=\"683\" src=\"https:\/\/www.oaxaca.gob.mx\/comunicacion\/wp-content\/uploads\/sites\/28\/2026\/09\/3e848283-c398-47fc-a875-70a0d4615163-1024x683.jpg\" class=\"\" alt=\"\" srcset=\"https:\/\/www.oaxaca.gob.mx\/comunicacion\/wp-content\/uploads\/sites\/28\/2026\/09\/3e848283-c398-47fc-a875-70a0d4615163-1024x683.jpg 1024w, https:\/\/www.oaxaca.gob.mx\/comunicacion\/wp-content\/uploads\/sites\/28\/2026\/09\/3e848283-c398-47fc-a875-70a0d4615163-300x200.jpg 300w, https:\/\/www.oaxaca.gob.mx\/comunicacion\/wp-content\/uploads\/sites\/28\/2026\/09\/3e848283-c398-47fc-a875-70a0d4615163-768x512.jpg 768w, https:\/\/www.oaxaca.gob.mx\/comunicacion\/wp-content\/uploads\/sites\/28\/2026\/09\/3e848283-c398-47fc-a875-70a0d4615163.jpg 1280w\" sizes=\"auto, (max-width: 1024px) 100vw, 1024px\" \/><\/div><\/div><div class=\"su-image-carousel-item\"><div class=\"su-image-carousel-item-content\"><img loading=\"lazy\" decoding=\"async\" width=\"1024\" height=\"683\" src=\"https:\/\/www.oaxaca.gob.mx\/comunicacion\/wp-content\/uploads\/sites\/28\/2026\/09\/cd1369e4-bacb-4119-a3df-0996790aa5bd-1024x683.jpg\" class=\"\" alt=\"\" srcset=\"https:\/\/www.oaxaca.gob.mx\/comunicacion\/wp-content\/uploads\/sites\/28\/2026\/09\/cd1369e4-bacb-4119-a3df-0996790aa5bd-1024x683.jpg 1024w, https:\/\/www.oaxaca.gob.mx\/comunicacion\/wp-content\/uploads\/sites\/28\/2026\/09\/cd1369e4-bacb-4119-a3df-0996790aa5bd-300x200.jpg 300w, https:\/\/www.oaxaca.gob.mx\/comunicacion\/wp-content\/uploads\/sites\/28\/2026\/09\/cd1369e4-bacb-4119-a3df-0996790aa5bd-768x512.jpg 768w, https:\/\/www.oaxaca.gob.mx\/comunicacion\/wp-content\/uploads\/sites\/28\/2026\/09\/cd1369e4-bacb-4119-a3df-0996790aa5bd.jpg 1280w\" sizes=\"auto, (max-width: 1024px) 100vw, 1024px\" \/><\/div><\/div><div class=\"su-image-carousel-item\"><div class=\"su-image-carousel-item-content\"><img loading=\"lazy\" decoding=\"async\" width=\"1024\" height=\"683\" src=\"https:\/\/www.oaxaca.gob.mx\/comunicacion\/wp-content\/uploads\/sites\/28\/2026\/09\/143088bc-97d2-4e38-8e8c-d02384dbaf5a-1024x683.jpg\" class=\"\" alt=\"\" srcset=\"https:\/\/www.oaxaca.gob.mx\/comunicacion\/wp-content\/uploads\/sites\/28\/2026\/09\/143088bc-97d2-4e38-8e8c-d02384dbaf5a-1024x683.jpg 1024w, https:\/\/www.oaxaca.gob.mx\/comunicacion\/wp-content\/uploads\/sites\/28\/2026\/09\/143088bc-97d2-4e38-8e8c-d02384dbaf5a-300x200.jpg 300w, https:\/\/www.oaxaca.gob.mx\/comunicacion\/wp-content\/uploads\/sites\/28\/2026\/09\/143088bc-97d2-4e38-8e8c-d02384dbaf5a-768x512.jpg 768w, https:\/\/www.oaxaca.gob.mx\/comunicacion\/wp-content\/uploads\/sites\/28\/2026\/09\/143088bc-97d2-4e38-8e8c-d02384dbaf5a.jpg 1280w\" sizes=\"auto, (max-width: 1024px) 100vw, 1024px\" \/><\/div><\/div><div class=\"su-image-carousel-item\"><div class=\"su-image-carousel-item-content\"><img loading=\"lazy\" decoding=\"async\" width=\"1024\" height=\"655\" src=\"https:\/\/www.oaxaca.gob.mx\/comunicacion\/wp-content\/uploads\/sites\/28\/2026\/09\/804c5b31-51fb-4512-940c-2122d6906855-1024x655.jpg\" class=\"\" alt=\"\" srcset=\"https:\/\/www.oaxaca.gob.mx\/comunicacion\/wp-content\/uploads\/sites\/28\/2026\/09\/804c5b31-51fb-4512-940c-2122d6906855-1024x655.jpg 1024w, https:\/\/www.oaxaca.gob.mx\/comunicacion\/wp-content\/uploads\/sites\/28\/2026\/09\/804c5b31-51fb-4512-940c-2122d6906855-300x192.jpg 300w, https:\/\/www.oaxaca.gob.mx\/comunicacion\/wp-content\/uploads\/sites\/28\/2026\/09\/804c5b31-51fb-4512-940c-2122d6906855-768x491.jpg 768w, https:\/\/www.oaxaca.gob.mx\/comunicacion\/wp-content\/uploads\/sites\/28\/2026\/09\/804c5b31-51fb-4512-940c-2122d6906855.jpg 1051w\" sizes=\"auto, (max-width: 1024px) 100vw, 1024px\" \/><\/div><\/div><div class=\"su-image-carousel-item\"><div class=\"su-image-carousel-item-content\"><img loading=\"lazy\" decoding=\"async\" width=\"1024\" height=\"682\" src=\"https:\/\/www.oaxaca.gob.mx\/comunicacion\/wp-content\/uploads\/sites\/28\/2026\/09\/23bed370-a86c-49d0-aa4b-1a55e8700700-1024x682.jpg\" class=\"\" alt=\"\" srcset=\"https:\/\/www.oaxaca.gob.mx\/comunicacion\/wp-content\/uploads\/sites\/28\/2026\/09\/23bed370-a86c-49d0-aa4b-1a55e8700700-1024x682.jpg 1024w, https:\/\/www.oaxaca.gob.mx\/comunicacion\/wp-content\/uploads\/sites\/28\/2026\/09\/23bed370-a86c-49d0-aa4b-1a55e8700700-300x200.jpg 300w, https:\/\/www.oaxaca.gob.mx\/comunicacion\/wp-content\/uploads\/sites\/28\/2026\/09\/23bed370-a86c-49d0-aa4b-1a55e8700700-768x512.jpg 768w, https:\/\/www.oaxaca.gob.mx\/comunicacion\/wp-content\/uploads\/sites\/28\/2026\/09\/23bed370-a86c-49d0-aa4b-1a55e8700700.jpg 1163w\" sizes=\"auto, (max-width: 1024px) 100vw, 1024px\" \/><\/div><\/div><div class=\"su-image-carousel-item\"><div class=\"su-image-carousel-item-content\"><img loading=\"lazy\" decoding=\"async\" width=\"1024\" height=\"726\" src=\"https:\/\/www.oaxaca.gob.mx\/comunicacion\/wp-content\/uploads\/sites\/28\/2026\/09\/62b87733-dbe8-45a4-a213-565b579ff31a-1024x726.jpg\" class=\"\" alt=\"\" srcset=\"https:\/\/www.oaxaca.gob.mx\/comunicacion\/wp-content\/uploads\/sites\/28\/2026\/09\/62b87733-dbe8-45a4-a213-565b579ff31a-1024x726.jpg 1024w, https:\/\/www.oaxaca.gob.mx\/comunicacion\/wp-content\/uploads\/sites\/28\/2026\/09\/62b87733-dbe8-45a4-a213-565b579ff31a-300x213.jpg 300w, https:\/\/www.oaxaca.gob.mx\/comunicacion\/wp-content\/uploads\/sites\/28\/2026\/09\/62b87733-dbe8-45a4-a213-565b579ff31a-768x544.jpg 768w, https:\/\/www.oaxaca.gob.mx\/comunicacion\/wp-content\/uploads\/sites\/28\/2026\/09\/62b87733-dbe8-45a4-a213-565b579ff31a.jpg 1205w\" sizes=\"auto, (max-width: 1024px) 100vw, 1024px\" \/><\/div><\/div><\/div><script id=\"su_image_carousel_6a9a669e43fe6_script\">if(window.SUImageCarousel){setTimeout(function() {window.SUImageCarousel.initGallery(document.getElementById(\"su_image_carousel_6a9a669e43fe6\"))}, 0);}var su_image_carousel_6a9a669e43fe6_script=document.getElementById(\"su_image_carousel_6a9a669e43fe6_script\");if(su_image_carousel_6a9a669e43fe6_script){su_image_carousel_6a9a669e43fe6_script.parentNode.removeChild(su_image_carousel_6a9a669e43fe6_script);}<\/script>\n","protected":false},"excerpt":{"rendered":"<p>Oaxaca de Ju\u00e1rez, Oax., 03 de septiembre de 2026.- El Gobernador Salom\u00f3n Jara Cruz encabez\u00f3 la Lectura Mensual, actividad que reuni\u00f3 a 100 estudiantes de educaci\u00f3n b\u00e1sica y media superior para fomentar el gusto por la lectura. En el Sal\u00f3n Libertadores Latinoamericanos de Palacio de Gobierno, el estudiantado de la Escuela Secundaria General \u201cGuadalupe Hinojosa [&hellip;]<\/p>\n","protected":false},"author":29,"featured_media":180322,"comment_status":"open","ping_status":"open","sticky":false,"template":"","format":"standard","meta":{"episode_type":"","audio_file":"","podmotor_file_id":"","podmotor_episode_id":"","cover_image":"","cover_image_id":"","duration":"","filesize":"","filesize_raw":"","date_recorded":"","explicit":"","block":"","itunes_episode_number":"","itunes_title":"","itunes_season_number":"","itunes_episode_type":"","footnotes":""},"categories":[7],"tags":[647],"class_list":["post-180314","post","type-post","status-publish","format-standard","has-post-thumbnail","hentry","category-slide","tag-salomon-jara-cruz"],"acf":[],"publishpress_future_action":{"enabled":false,"date":"2026-09-11 00:35:10","action":"change-status","newStatus":"draft","terms":[],"taxonomy":"category","extraData":[]},"publishpress_future_workflow_manual_trigger":{"enabledWorkflows":[]},"_links":{"self":[{"href":"https:\/\/www.oaxaca.gob.mx\/comunicacion\/wp-json\/wp\/v2\/posts\/180314","targetHints":{"allow":["GET"]}}],"collection":[{"href":"https:\/\/www.oaxaca.gob.mx\/comunicacion\/wp-json\/wp\/v2\/posts"}],"about":[{"href":"https:\/\/www.oaxaca.gob.mx\/comunicacion\/wp-json\/wp\/v2\/types\/post"}],"author":[{"embeddable":true,"href":"https:\/\/www.oaxaca.gob.mx\/comunicacion\/wp-json\/wp\/v2\/users\/29"}],"replies":[{"embeddable":true,"href":"https:\/\/www.oaxaca.gob.mx\/comunicacion\/wp-json\/wp\/v2\/comments?post=180314"}],"version-history":[{"count":1,"href":"https:\/\/www.oaxaca.gob.mx\/comunicacion\/wp-json\/wp\/v2\/posts\/180314\/revisions"}],"predecessor-version":[{"id":180323,"href":"https:\/\/www.oaxaca.gob.mx\/comunicacion\/wp-json\/wp\/v2\/posts\/180314\/revisions\/180323"}],"wp:featuredmedia":[{"embeddable":true,"href":"https:\/\/www.oaxaca.gob.mx\/comunicacion\/wp-json\/wp\/v2\/media\/180322"}],"wp:attachment":[{"href":"https:\/\/www.oaxaca.gob.mx\/comunicacion\/wp-json\/wp\/v2\/media?parent=180314"}],"wp:term":[{"taxonomy":"category","embeddable":true,"href":"https:\/\/www.oaxaca.gob.mx\/comunicacion\/wp-json\/wp\/v2\/categories?post=180314"},{"taxonomy":"post_tag","embeddable":true,"href":"https:\/\/www.oaxaca.gob.mx\/comunicacion\/wp-json\/wp\/v2\/tags?post=180314"}],"curies":[{"name":"wp","href":"https:\/\/api.w.org\/{rel}","templated":true}]}}