{"id":180297,"date":"2026-09-02T12:27:21","date_gmt":"2026-09-02T18:27:21","guid":{"rendered":"https:\/\/www.oaxaca.gob.mx\/comunicacion\/?p=180297"},"modified":"2026-09-02T12:27:21","modified_gmt":"2026-09-02T18:27:21","slug":"oaxaca-fortalece-certeza-juridica-de-las-familias-con-campana-septiembre-mes-del-testamento","status":"publish","type":"post","link":"https:\/\/www.oaxaca.gob.mx\/comunicacion\/oaxaca-fortalece-certeza-juridica-de-las-familias-con-campana-septiembre-mes-del-testamento\/","title":{"rendered":"Oaxaca fortalece certeza jur\u00eddica de las familias con campa\u00f1a \u201cSeptiembre, Mes del Testamento\u201d"},"content":{"rendered":"<div class=\"su-heading su-heading-style-default su-heading-align-center\" id=\"\" style=\"font-size:13px;margin-bottom:20px\"><div class=\"su-heading-inner\">Durante septiembre, octubre y noviembre se ofrecer\u00e1n honorarios preferenciales, horarios ampliados y asesor\u00edas gratuitas.<\/div><\/div>\n<div class=\"su-heading su-heading-style-default su-heading-align-center\" id=\"\" style=\"font-size:13px;margin-bottom:20px\"><div class=\"su-heading-inner\">El Testamento Universal tendr\u00e1 un costo de mil pesos durante la campa\u00f1a.<\/div><\/div>\n<p><strong>Oaxaca de Ju\u00e1rez, Oax., 02 de septiembre de 2026.-<\/strong> El Gobernador Salom\u00f3n Jara Cruz dio inicio en Oaxaca a la campa\u00f1a nacional \u201cSeptiembre, Mes del Testamento, \u00a1Hereda Bienestar, no Problemas!\u201d, estrategia que fomenta la cultura de previsi\u00f3n y certeza jur\u00eddica para que las personas puedan decidir libremente el destino de su patrimonio y brindar tranquilidad a sus familias.<\/p>\n<p>Durante el arranque, el Gobernador destac\u00f3 que \u201chacer un testamento representa un acto de responsabilidad y amor hacia la familia, al permitir tomar con anticipaci\u00f3n decisiones que pueden prevenir conflictos, proteger el patrimonio construido a lo largo de una vida y dar certeza a quienes m\u00e1s se quiere\u201d. En este sentido, reconoci\u00f3 la colaboraci\u00f3n del Colegio de Notarios de Oaxaca y de las y los profesionales que participan en esta campa\u00f1a.<\/p>\n<p>El titular de la Consejer\u00eda Jur\u00eddica y Asistencia Legal, Geovany V\u00e1squez Sagrero, se\u00f1al\u00f3 que la realizaci\u00f3n de un testamento contribuye a fortalecer la cultura de la legalidad y a prevenir juicios que pueden prolongarse y generar costos, adem\u00e1s de conflictos entre integrantes de las familias. Por ello, llam\u00f3 a aprovechar las facilidades que ofrece esta campa\u00f1a.<\/p>\n<p>El director general de Notar\u00edas y del Archivo General de Notar\u00edas del Estado de Oaxaca, V\u00edctor Manuel Aguilar, quien inform\u00f3 los beneficios que se ofrecer\u00e1n como parte de la campa\u00f1a, donde las 74 notar\u00edas p\u00fablicas del estado participar\u00e1n para acercar este servicio a las familias de las ocho regiones de Oaxaca.<\/p>\n<p>Durante este periodo se ofrecen: Testamento Universal por mil pesos, asesor\u00edas gratuitas para las personas interesadas y horario ampliado. De igual forma se dio a conocer que, a nivel nacional, Oaxaca es el estado donde el testamento universal tiene el menor costo.<\/p>\n<p>Se inform\u00f3 que la entidad ha registrado un crecimiento en el n\u00famero de testamentos realizados durante los primeros tres a\u00f1os de la administraci\u00f3n estatal, al pasar de 500 en el primer a\u00f1o a 600 en el segundo y 700 en el tercero, por lo que para este a\u00f1o se busca superar esta cifra.<\/p>\n<p>Con esta campa\u00f1a, el Gobierno del Estado facilita el acceso a los tr\u00e1mites notariales y promueve una cultura de previsi\u00f3n para que las personas puedan proteger su patrimonio, establecer legalmente su voluntad y evitar conflictos futuros entre sus familias.<\/p>\n<p style=\"text-align: center\"><strong>-0-<\/strong><\/p>\n<div class=\"su-image-carousel  su-image-carousel-has-spacing su-image-carousel-crop su-image-carousel-crop-16-10 su-image-carousel-has-outline su-image-carousel-adaptive su-image-carousel-slides-style-minimal su-image-carousel-controls-style-dark su-image-carousel-align-center\" style=\"\" data-flickity-options='{\"groupCells\":true,\"cellSelector\":\".su-image-carousel-item\",\"adaptiveHeight\":false,\"cellAlign\":\"left\",\"prevNextButtons\":true,\"pageDots\":true,\"autoPlay\":5000,\"imagesLoaded\":true,\"contain\":true,\"selectedAttraction\":0.025,\"friction\":0.28}' id=\"su_image_carousel_6a98a5a07405f\"><div class=\"su-image-carousel-item\"><div class=\"su-image-carousel-item-content\"><img loading=\"lazy\" decoding=\"async\" width=\"1024\" height=\"683\" src=\"https:\/\/www.oaxaca.gob.mx\/comunicacion\/wp-content\/uploads\/sites\/28\/2026\/09\/5eb3042a-55ba-4001-a461-bb05ef93bf58-1024x683.jpg\" class=\"\" alt=\"\" srcset=\"https:\/\/www.oaxaca.gob.mx\/comunicacion\/wp-content\/uploads\/sites\/28\/2026\/09\/5eb3042a-55ba-4001-a461-bb05ef93bf58-1024x683.jpg 1024w, https:\/\/www.oaxaca.gob.mx\/comunicacion\/wp-content\/uploads\/sites\/28\/2026\/09\/5eb3042a-55ba-4001-a461-bb05ef93bf58-300x200.jpg 300w, https:\/\/www.oaxaca.gob.mx\/comunicacion\/wp-content\/uploads\/sites\/28\/2026\/09\/5eb3042a-55ba-4001-a461-bb05ef93bf58-768x512.jpg 768w, https:\/\/www.oaxaca.gob.mx\/comunicacion\/wp-content\/uploads\/sites\/28\/2026\/09\/5eb3042a-55ba-4001-a461-bb05ef93bf58.jpg 1280w\" sizes=\"auto, (max-width: 1024px) 100vw, 1024px\" \/><\/div><\/div><div class=\"su-image-carousel-item\"><div class=\"su-image-carousel-item-content\"><img loading=\"lazy\" decoding=\"async\" width=\"776\" height=\"570\" src=\"https:\/\/www.oaxaca.gob.mx\/comunicacion\/wp-content\/uploads\/sites\/28\/2026\/09\/365f0a38-62a3-4161-a41d-eae5626a3652.jpg\" class=\"\" alt=\"\" srcset=\"https:\/\/www.oaxaca.gob.mx\/comunicacion\/wp-content\/uploads\/sites\/28\/2026\/09\/365f0a38-62a3-4161-a41d-eae5626a3652.jpg 776w, https:\/\/www.oaxaca.gob.mx\/comunicacion\/wp-content\/uploads\/sites\/28\/2026\/09\/365f0a38-62a3-4161-a41d-eae5626a3652-300x220.jpg 300w, https:\/\/www.oaxaca.gob.mx\/comunicacion\/wp-content\/uploads\/sites\/28\/2026\/09\/365f0a38-62a3-4161-a41d-eae5626a3652-768x564.jpg 768w\" sizes=\"auto, (max-width: 776px) 100vw, 776px\" \/><\/div><\/div><div class=\"su-image-carousel-item\"><div class=\"su-image-carousel-item-content\"><img loading=\"lazy\" decoding=\"async\" width=\"1024\" height=\"683\" src=\"https:\/\/www.oaxaca.gob.mx\/comunicacion\/wp-content\/uploads\/sites\/28\/2026\/09\/e4ebf20b-d2e5-4e81-9832-4dd536230003-1024x683.jpg\" class=\"\" alt=\"\" srcset=\"https:\/\/www.oaxaca.gob.mx\/comunicacion\/wp-content\/uploads\/sites\/28\/2026\/09\/e4ebf20b-d2e5-4e81-9832-4dd536230003-1024x683.jpg 1024w, https:\/\/www.oaxaca.gob.mx\/comunicacion\/wp-content\/uploads\/sites\/28\/2026\/09\/e4ebf20b-d2e5-4e81-9832-4dd536230003-300x200.jpg 300w, https:\/\/www.oaxaca.gob.mx\/comunicacion\/wp-content\/uploads\/sites\/28\/2026\/09\/e4ebf20b-d2e5-4e81-9832-4dd536230003-768x512.jpg 768w, https:\/\/www.oaxaca.gob.mx\/comunicacion\/wp-content\/uploads\/sites\/28\/2026\/09\/e4ebf20b-d2e5-4e81-9832-4dd536230003.jpg 1280w\" sizes=\"auto, (max-width: 1024px) 100vw, 1024px\" \/><\/div><\/div><div class=\"su-image-carousel-item\"><div class=\"su-image-carousel-item-content\"><img loading=\"lazy\" decoding=\"async\" width=\"1024\" height=\"573\" src=\"https:\/\/www.oaxaca.gob.mx\/comunicacion\/wp-content\/uploads\/sites\/28\/2026\/09\/f0909ff5-0bbc-469d-af18-a758631fd7eb-1024x573.jpg\" class=\"\" alt=\"\" srcset=\"https:\/\/www.oaxaca.gob.mx\/comunicacion\/wp-content\/uploads\/sites\/28\/2026\/09\/f0909ff5-0bbc-469d-af18-a758631fd7eb-1024x573.jpg 1024w, https:\/\/www.oaxaca.gob.mx\/comunicacion\/wp-content\/uploads\/sites\/28\/2026\/09\/f0909ff5-0bbc-469d-af18-a758631fd7eb-300x168.jpg 300w, https:\/\/www.oaxaca.gob.mx\/comunicacion\/wp-content\/uploads\/sites\/28\/2026\/09\/f0909ff5-0bbc-469d-af18-a758631fd7eb-768x429.jpg 768w, https:\/\/www.oaxaca.gob.mx\/comunicacion\/wp-content\/uploads\/sites\/28\/2026\/09\/f0909ff5-0bbc-469d-af18-a758631fd7eb.jpg 1209w\" sizes=\"auto, (max-width: 1024px) 100vw, 1024px\" \/><\/div><\/div><\/div><script id=\"su_image_carousel_6a98a5a07405f_script\">if(window.SUImageCarousel){setTimeout(function() {window.SUImageCarousel.initGallery(document.getElementById(\"su_image_carousel_6a98a5a07405f\"))}, 0);}var su_image_carousel_6a98a5a07405f_script=document.getElementById(\"su_image_carousel_6a98a5a07405f_script\");if(su_image_carousel_6a98a5a07405f_script){su_image_carousel_6a98a5a07405f_script.parentNode.removeChild(su_image_carousel_6a98a5a07405f_script);}<\/script>\n","protected":false},"excerpt":{"rendered":"<p>Oaxaca de Ju\u00e1rez, Oax., 02 de septiembre de 2026.- El Gobernador Salom\u00f3n Jara Cruz dio inicio en Oaxaca a la campa\u00f1a nacional \u201cSeptiembre, Mes del Testamento, \u00a1Hereda Bienestar, no Problemas!\u201d, estrategia que fomenta la cultura de previsi\u00f3n y certeza jur\u00eddica para que las personas puedan decidir libremente el destino de su patrimonio y brindar tranquilidad [&hellip;]<\/p>\n","protected":false},"author":29,"featured_media":180298,"comment_status":"open","ping_status":"open","sticky":false,"template":"","format":"standard","meta":{"episode_type":"","audio_file":"","podmotor_file_id":"","podmotor_episode_id":"","cover_image":"","cover_image_id":"","duration":"","filesize":"","filesize_raw":"","date_recorded":"","explicit":"","block":"","itunes_episode_number":"","itunes_title":"","itunes_season_number":"","itunes_episode_type":"","footnotes":""},"categories":[7],"tags":[647],"class_list":["post-180297","post","type-post","status-publish","format-standard","has-post-thumbnail","hentry","category-slide","tag-salomon-jara-cruz"],"acf":[],"publishpress_future_action":{"enabled":false,"date":"2026-09-09 16:39:28","action":"change-status","newStatus":"draft","terms":[],"taxonomy":"category","extraData":[]},"publishpress_future_workflow_manual_trigger":{"enabledWorkflows":[]},"_links":{"self":[{"href":"https:\/\/www.oaxaca.gob.mx\/comunicacion\/wp-json\/wp\/v2\/posts\/180297","targetHints":{"allow":["GET"]}}],"collection":[{"href":"https:\/\/www.oaxaca.gob.mx\/comunicacion\/wp-json\/wp\/v2\/posts"}],"about":[{"href":"https:\/\/www.oaxaca.gob.mx\/comunicacion\/wp-json\/wp\/v2\/types\/post"}],"author":[{"embeddable":true,"href":"https:\/\/www.oaxaca.gob.mx\/comunicacion\/wp-json\/wp\/v2\/users\/29"}],"replies":[{"embeddable":true,"href":"https:\/\/www.oaxaca.gob.mx\/comunicacion\/wp-json\/wp\/v2\/comments?post=180297"}],"version-history":[{"count":1,"href":"https:\/\/www.oaxaca.gob.mx\/comunicacion\/wp-json\/wp\/v2\/posts\/180297\/revisions"}],"predecessor-version":[{"id":180302,"href":"https:\/\/www.oaxaca.gob.mx\/comunicacion\/wp-json\/wp\/v2\/posts\/180297\/revisions\/180302"}],"wp:featuredmedia":[{"embeddable":true,"href":"https:\/\/www.oaxaca.gob.mx\/comunicacion\/wp-json\/wp\/v2\/media\/180298"}],"wp:attachment":[{"href":"https:\/\/www.oaxaca.gob.mx\/comunicacion\/wp-json\/wp\/v2\/media?parent=180297"}],"wp:term":[{"taxonomy":"category","embeddable":true,"href":"https:\/\/www.oaxaca.gob.mx\/comunicacion\/wp-json\/wp\/v2\/categories?post=180297"},{"taxonomy":"post_tag","embeddable":true,"href":"https:\/\/www.oaxaca.gob.mx\/comunicacion\/wp-json\/wp\/v2\/tags?post=180297"}],"curies":[{"name":"wp","href":"https:\/\/api.w.org\/{rel}","templated":true}]}}