{"id":180218,"date":"2026-08-31T12:25:15","date_gmt":"2026-08-31T18:25:15","guid":{"rendered":"https:\/\/www.oaxaca.gob.mx\/comunicacion\/?p=180218"},"modified":"2026-08-31T12:25:15","modified_gmt":"2026-08-31T18:25:15","slug":"acciones-de-seguridad-del-gobierno-del-estado-se-reflejan-en-resultados-obtenidos-durante-primer-semestre-de-2026","status":"publish","type":"post","link":"https:\/\/www.oaxaca.gob.mx\/comunicacion\/acciones-de-seguridad-del-gobierno-del-estado-se-reflejan-en-resultados-obtenidos-durante-primer-semestre-de-2026\/","title":{"rendered":"Acciones de seguridad del Gobierno del Estado se reflejan en resultados obtenidos durante primer semestre de 2026"},"content":{"rendered":"<div class=\"su-heading su-heading-style-default su-heading-align-center\" id=\"\" style=\"font-size:13px;margin-bottom:20px\"><div class=\"su-heading-inner\">El Gobernador Salom\u00f3n Jara afirm\u00f3 que no permitir\u00e1 que ning\u00fan grupo o inter\u00e9s particular se coloque por encima de la tranquilidad del pueblo ni del estado de derecho<\/div><\/div>\n<div class=\"su-heading su-heading-style-default su-heading-align-center\" id=\"\" style=\"font-size:13px;margin-bottom:20px\"><div class=\"su-heading-inner\">El \u00cdndice de Paz en M\u00e9xico 2026 coloca a Oaxaca entre los estados con las mejores condiciones y 13 de los 15 delitos de impacto registraron disminuciones<\/div><\/div>\n<p><strong>Oaxaca de Ju\u00e1rez, Oax. 31 de agosto de 2026.-<\/strong> El Gobernador Salom\u00f3n Jara Cruz afirm\u00f3 que en Oaxaca las instituciones estatales en coordinaci\u00f3n con fuerzas federales, realizan acciones estrat\u00e9gicas y contundentes para consolidar la justicia y garantizar seguridad a la ciudadan\u00eda.<\/p>\n<p>Durante la conferencia de prensa que encabeza, el Mandatario estatal resalt\u00f3 que en la entidad se refuerza el combate a la delincuencia, el cual se refleja en los resultados obtenidos de enero a agosto del presente a\u00f1o: la detenci\u00f3n de m\u00e1s de mil 400 personas, recuperaci\u00f3n y aseguramiento de m\u00e1s de 6 mil veh\u00edculos, y se han sacado de circulaci\u00f3n cerca de 200 armas y m\u00e1s de 7 mil 100 dosis de droga.<\/p>\n<div class=\"su-heading su-heading-style-default su-heading-align-center\" id=\"\" style=\"font-size:13px;margin-bottom:20px\"><div class=\"su-heading-inner\">\u201cQuien se aparte de la legalidad enfrentar\u00e1 las consecuencias. No vamos a permitir que ning\u00fan grupo o inter\u00e9s particular pretenda colocarse por encima de la tranquilidad de nuestro pueblo ni del estado de derecho\u201d, mencion\u00f3.<\/div><\/div>\n<p>Los esfuerzos realizados por el Gobierno del Estado se evidencian en datos rotundos: el \u00cdndice de Paz en M\u00e9xico 2026 coloca a Oaxaca entre los estados con las mejores condiciones; durante el primer semestre del a\u00f1o, 13 de los 15 delitos de impacto registraron disminuciones, y siete de ellos tuvieron reducciones superiores al 40 por ciento.<\/p>\n<p>Adem\u00e1s de la disminuci\u00f3n de 14.89 puntos en percepci\u00f3n de inseguridad, de acuerdo con la Encuesta Nacional de Seguridad P\u00fablica Urbana del Instituto Nacional de Estad\u00edstica y Geograf\u00eda.<\/p>\n<p>Entre los principales logros en coordinaci\u00f3n con la Fiscal\u00eda General del Estado de Oaxaca, se encuentran la desarticulaci\u00f3n de c\u00e9lulas delictivas en la Costa e Istmo de Tehuantepec, detenci\u00f3n de objetivos prioritarios, cateos coordinados con autoridades federales y trabajos de inteligencia y ubicaci\u00f3n de objetivos prioritarios.<\/p>\n<p>Cabe destacar que, para contribuir a que las armas salgan de los hogares, se respalda la campa\u00f1a federal \u201cS\u00ed al Desarme, S\u00ed a la Paz\u201d, en la cual se destinan m\u00e1s de 3 millones 400 mil pesos a nivel estatal.<\/p>\n<p>Con el objetivo de seguir abonando al bienestar de las y los oaxaque\u00f1os, la administraci\u00f3n p\u00fablica estatal redobla esfuerzos, mantiene presencia en territorio, mejora la coordinaci\u00f3n con instituciones y act\u00faa con inteligencia, firmeza y pleno apego a la ley frente a quienes pretendan vulnerar la tranquilidad de las comunidades.<\/p>\n<p style=\"text-align: center\"><strong>-0-<\/strong><\/p>\n<div class=\"su-image-carousel  su-image-carousel-has-spacing su-image-carousel-crop su-image-carousel-crop-16-10 su-image-carousel-has-outline su-image-carousel-adaptive su-image-carousel-slides-style-minimal su-image-carousel-controls-style-dark su-image-carousel-align-center\" style=\"\" data-flickity-options='{\"groupCells\":true,\"cellSelector\":\".su-image-carousel-item\",\"adaptiveHeight\":false,\"cellAlign\":\"left\",\"prevNextButtons\":true,\"pageDots\":true,\"autoPlay\":5000,\"imagesLoaded\":true,\"contain\":true,\"selectedAttraction\":0.025,\"friction\":0.28}' id=\"su_image_carousel_6a964a78d70f2\"><div class=\"su-image-carousel-item\"><div class=\"su-image-carousel-item-content\"><img loading=\"lazy\" decoding=\"async\" width=\"1024\" height=\"683\" src=\"https:\/\/www.oaxaca.gob.mx\/comunicacion\/wp-content\/uploads\/sites\/28\/2026\/08\/25f74b39-5441-418c-8459-b1215427b185-1024x683.jpg\" class=\"\" alt=\"\" srcset=\"https:\/\/www.oaxaca.gob.mx\/comunicacion\/wp-content\/uploads\/sites\/28\/2026\/08\/25f74b39-5441-418c-8459-b1215427b185-1024x683.jpg 1024w, https:\/\/www.oaxaca.gob.mx\/comunicacion\/wp-content\/uploads\/sites\/28\/2026\/08\/25f74b39-5441-418c-8459-b1215427b185-300x200.jpg 300w, https:\/\/www.oaxaca.gob.mx\/comunicacion\/wp-content\/uploads\/sites\/28\/2026\/08\/25f74b39-5441-418c-8459-b1215427b185-768x512.jpg 768w, https:\/\/www.oaxaca.gob.mx\/comunicacion\/wp-content\/uploads\/sites\/28\/2026\/08\/25f74b39-5441-418c-8459-b1215427b185.jpg 1280w\" sizes=\"auto, (max-width: 1024px) 100vw, 1024px\" \/><\/div><\/div><div class=\"su-image-carousel-item\"><div class=\"su-image-carousel-item-content\"><img loading=\"lazy\" decoding=\"async\" width=\"1024\" height=\"683\" src=\"https:\/\/www.oaxaca.gob.mx\/comunicacion\/wp-content\/uploads\/sites\/28\/2026\/08\/2f6e639f-129e-40c2-8c72-432776a9e3ed-1024x683.jpg\" class=\"\" alt=\"\" srcset=\"https:\/\/www.oaxaca.gob.mx\/comunicacion\/wp-content\/uploads\/sites\/28\/2026\/08\/2f6e639f-129e-40c2-8c72-432776a9e3ed-1024x683.jpg 1024w, https:\/\/www.oaxaca.gob.mx\/comunicacion\/wp-content\/uploads\/sites\/28\/2026\/08\/2f6e639f-129e-40c2-8c72-432776a9e3ed-300x200.jpg 300w, https:\/\/www.oaxaca.gob.mx\/comunicacion\/wp-content\/uploads\/sites\/28\/2026\/08\/2f6e639f-129e-40c2-8c72-432776a9e3ed-768x512.jpg 768w, https:\/\/www.oaxaca.gob.mx\/comunicacion\/wp-content\/uploads\/sites\/28\/2026\/08\/2f6e639f-129e-40c2-8c72-432776a9e3ed.jpg 1280w\" sizes=\"auto, (max-width: 1024px) 100vw, 1024px\" \/><\/div><\/div><div class=\"su-image-carousel-item\"><div class=\"su-image-carousel-item-content\"><img loading=\"lazy\" decoding=\"async\" width=\"1024\" height=\"683\" src=\"https:\/\/www.oaxaca.gob.mx\/comunicacion\/wp-content\/uploads\/sites\/28\/2026\/08\/ffea6cf5-cdaf-46ac-befe-2f9904380b97-1024x683.jpg\" class=\"\" alt=\"\" srcset=\"https:\/\/www.oaxaca.gob.mx\/comunicacion\/wp-content\/uploads\/sites\/28\/2026\/08\/ffea6cf5-cdaf-46ac-befe-2f9904380b97-1024x683.jpg 1024w, https:\/\/www.oaxaca.gob.mx\/comunicacion\/wp-content\/uploads\/sites\/28\/2026\/08\/ffea6cf5-cdaf-46ac-befe-2f9904380b97-300x200.jpg 300w, https:\/\/www.oaxaca.gob.mx\/comunicacion\/wp-content\/uploads\/sites\/28\/2026\/08\/ffea6cf5-cdaf-46ac-befe-2f9904380b97-768x512.jpg 768w, https:\/\/www.oaxaca.gob.mx\/comunicacion\/wp-content\/uploads\/sites\/28\/2026\/08\/ffea6cf5-cdaf-46ac-befe-2f9904380b97.jpg 1280w\" sizes=\"auto, (max-width: 1024px) 100vw, 1024px\" \/><\/div><\/div><\/div><script id=\"su_image_carousel_6a964a78d70f2_script\">if(window.SUImageCarousel){setTimeout(function() {window.SUImageCarousel.initGallery(document.getElementById(\"su_image_carousel_6a964a78d70f2\"))}, 0);}var su_image_carousel_6a964a78d70f2_script=document.getElementById(\"su_image_carousel_6a964a78d70f2_script\");if(su_image_carousel_6a964a78d70f2_script){su_image_carousel_6a964a78d70f2_script.parentNode.removeChild(su_image_carousel_6a964a78d70f2_script);}<\/script>\n","protected":false},"excerpt":{"rendered":"<p>Oaxaca de Ju\u00e1rez, Oax. 31 de agosto de 2026.- El Gobernador Salom\u00f3n Jara Cruz afirm\u00f3 que en Oaxaca las instituciones estatales en coordinaci\u00f3n con fuerzas federales, realizan acciones estrat\u00e9gicas y contundentes para consolidar la justicia y garantizar seguridad a la ciudadan\u00eda. Durante la conferencia de prensa que encabeza, el Mandatario estatal resalt\u00f3 que en la [&hellip;]<\/p>\n","protected":false},"author":29,"featured_media":180219,"comment_status":"open","ping_status":"open","sticky":false,"template":"","format":"standard","meta":{"episode_type":"","audio_file":"","podmotor_file_id":"","podmotor_episode_id":"","cover_image":"","cover_image_id":"","duration":"","filesize":"","filesize_raw":"","date_recorded":"","explicit":"","block":"","itunes_episode_number":"","itunes_title":"","itunes_season_number":"","itunes_episode_type":"","footnotes":""},"categories":[7],"tags":[647],"class_list":["post-180218","post","type-post","status-publish","format-standard","has-post-thumbnail","hentry","category-slide","tag-salomon-jara-cruz"],"acf":[],"publishpress_future_action":{"enabled":false,"date":"2026-09-07 21:46:00","action":"change-status","newStatus":"draft","terms":[],"taxonomy":"category","extraData":[]},"publishpress_future_workflow_manual_trigger":{"enabledWorkflows":[]},"_links":{"self":[{"href":"https:\/\/www.oaxaca.gob.mx\/comunicacion\/wp-json\/wp\/v2\/posts\/180218","targetHints":{"allow":["GET"]}}],"collection":[{"href":"https:\/\/www.oaxaca.gob.mx\/comunicacion\/wp-json\/wp\/v2\/posts"}],"about":[{"href":"https:\/\/www.oaxaca.gob.mx\/comunicacion\/wp-json\/wp\/v2\/types\/post"}],"author":[{"embeddable":true,"href":"https:\/\/www.oaxaca.gob.mx\/comunicacion\/wp-json\/wp\/v2\/users\/29"}],"replies":[{"embeddable":true,"href":"https:\/\/www.oaxaca.gob.mx\/comunicacion\/wp-json\/wp\/v2\/comments?post=180218"}],"version-history":[{"count":1,"href":"https:\/\/www.oaxaca.gob.mx\/comunicacion\/wp-json\/wp\/v2\/posts\/180218\/revisions"}],"predecessor-version":[{"id":180222,"href":"https:\/\/www.oaxaca.gob.mx\/comunicacion\/wp-json\/wp\/v2\/posts\/180218\/revisions\/180222"}],"wp:featuredmedia":[{"embeddable":true,"href":"https:\/\/www.oaxaca.gob.mx\/comunicacion\/wp-json\/wp\/v2\/media\/180219"}],"wp:attachment":[{"href":"https:\/\/www.oaxaca.gob.mx\/comunicacion\/wp-json\/wp\/v2\/media?parent=180218"}],"wp:term":[{"taxonomy":"category","embeddable":true,"href":"https:\/\/www.oaxaca.gob.mx\/comunicacion\/wp-json\/wp\/v2\/categories?post=180218"},{"taxonomy":"post_tag","embeddable":true,"href":"https:\/\/www.oaxaca.gob.mx\/comunicacion\/wp-json\/wp\/v2\/tags?post=180218"}],"curies":[{"name":"wp","href":"https:\/\/api.w.org\/{rel}","templated":true}]}}