{"id":180216,"date":"2026-08-30T12:21:30","date_gmt":"2026-08-30T18:21:30","guid":{"rendered":"https:\/\/www.oaxaca.gob.mx\/comunicacion\/?p=180216"},"modified":"2026-08-31T12:22:20","modified_gmt":"2026-08-31T18:22:20","slug":"gobernador-salomon-jara-cruz-inaugura-obras-de-infraestructura-en-la-sierra-juarez","status":"publish","type":"post","link":"https:\/\/www.oaxaca.gob.mx\/comunicacion\/gobernador-salomon-jara-cruz-inaugura-obras-de-infraestructura-en-la-sierra-juarez\/","title":{"rendered":"Gobernador Salom\u00f3n Jara Cruz inaugura obras de infraestructura en la Sierra Ju\u00e1rez"},"content":{"rendered":"<p><strong>Sierra de Ju\u00e1rez, Oax., 30 de agosto de 2026.-<\/strong> El Gobernador Salom\u00f3n Jara Cruz inaugur\u00f3 diversas obras de infraestructura en la regi\u00f3n de la Sierra de Ju\u00e1rez, en cumplimiento a los compromisos de infraestructura social asumidos con las comunidades de la zona.<\/p>\n<p>El Mandatario estatal afirm\u00f3 que la estrategia de su Gobierno es estar cerca de las comunidades, escucharlas y atender sus demandas, \u00aba las comunidades les quiero decir que no est\u00e1n solas, este Gobierno siempre las acompa\u00f1ar\u00e1 para realizar las obras que necesiten\u00bb, indic\u00f3.<\/p>\n<div class=\"su-quote su-quote-style-default\"><div class=\"su-quote-inner su-u-clearfix su-u-trim\">\u00abVamos a trabajar en todos los pueblos, estamos haciendo lo que nunca antes se hab\u00eda hecho, queremos que siempre tengan paz seguridad, conformidad y que los pueblos salgan adelante\u00bb, se\u00f1al\u00f3.<\/div><\/div>\n<p>En Santa Catarina Yahu\u00edo, la primera obra inaugurada fue una calle con una inversi\u00f3n de 1.3 millones de pesos, que consisti\u00f3 en trabajos de trazo, nivelaci\u00f3n y corte de material, as\u00ed como construcci\u00f3n de base hidr\u00e1ulica, pozos de visita, adem\u00e1s de se\u00f1alamientos.<\/p>\n<p>Tambi\u00e9n, se entrega el techado de la cancha deportiva del lugar con una inversi\u00f3n de 2 millones 100 mil pesos. La obra beneficia a la comunidad y consta de zapatas y columnas de concreto armado, cubierta de l\u00e1mina galvateja sobre estructura de acero, canal\u00f3n de l\u00e1mina galvanizada y bajada pluvial con tuber\u00eda de PVC sanitario.<\/p>\n<p>En el municipio de San Melchor Betaza se inauguraron dos obras en el barrio de San Sebasti\u00e1n. La primera fue la instalaci\u00f3n de alumbrado p\u00fablico, con una inversi\u00f3n de 3.2 millones de pesos, que beneficia de manera directa a m\u00e1s de 700 habitantes y consta de la colocaci\u00f3n de postes met\u00e1licos c\u00f3nicos circulares de siete metros de altura y 82 luminarias LED de 60 y 50 watts.<\/p>\n<p>La segunda fue la entrega del techado del barrio de San Sebasti\u00e1n, que beneficia a las mismas personas y consta de 1,573.20 metros cuadrados de construcci\u00f3n, con una inversi\u00f3n de 9.9 millones de pesos, incluyendo cancha con piso de concreto hidr\u00e1ulico pulido, rampa de acceso y 10 luminarias.<\/p>\n<p>Con estas acciones, el Gobierno de Oaxaca refrenda su compromiso de continuar invirtiendo en infraestructura social que mejore las condiciones de vida de las comunidades de la Sierra de Ju\u00e1rez.<\/p>\n<p style=\"text-align: center\"><strong>-0-<\/strong><\/p>\n","protected":false},"excerpt":{"rendered":"<p>Sierra de Ju\u00e1rez, Oax., 30 de agosto de 2026.- El Gobernador Salom\u00f3n Jara Cruz inaugur\u00f3 diversas obras de infraestructura en la regi\u00f3n de la Sierra de Ju\u00e1rez, en cumplimiento a los compromisos de infraestructura social asumidos con las comunidades de la zona. El Mandatario estatal afirm\u00f3 que la estrategia de su Gobierno es estar cerca [&hellip;]<\/p>\n","protected":false},"author":29,"featured_media":180147,"comment_status":"open","ping_status":"open","sticky":false,"template":"","format":"standard","meta":{"episode_type":"","audio_file":"","podmotor_file_id":"","podmotor_episode_id":"","cover_image":"","cover_image_id":"","duration":"","filesize":"","filesize_raw":"","date_recorded":"","explicit":"","block":"","itunes_episode_number":"","itunes_title":"","itunes_season_number":"","itunes_episode_type":"","footnotes":""},"categories":[7],"tags":[1067],"class_list":["post-180216","post","type-post","status-publish","format-standard","has-post-thumbnail","hentry","category-slide","tag-sierra-de-juarez"],"acf":[],"publishpress_future_action":{"enabled":false,"date":"2026-09-07 21:46:01","action":"change-status","newStatus":"draft","terms":[],"taxonomy":"category","extraData":[]},"publishpress_future_workflow_manual_trigger":{"enabledWorkflows":[]},"_links":{"self":[{"href":"https:\/\/www.oaxaca.gob.mx\/comunicacion\/wp-json\/wp\/v2\/posts\/180216","targetHints":{"allow":["GET"]}}],"collection":[{"href":"https:\/\/www.oaxaca.gob.mx\/comunicacion\/wp-json\/wp\/v2\/posts"}],"about":[{"href":"https:\/\/www.oaxaca.gob.mx\/comunicacion\/wp-json\/wp\/v2\/types\/post"}],"author":[{"embeddable":true,"href":"https:\/\/www.oaxaca.gob.mx\/comunicacion\/wp-json\/wp\/v2\/users\/29"}],"replies":[{"embeddable":true,"href":"https:\/\/www.oaxaca.gob.mx\/comunicacion\/wp-json\/wp\/v2\/comments?post=180216"}],"version-history":[{"count":1,"href":"https:\/\/www.oaxaca.gob.mx\/comunicacion\/wp-json\/wp\/v2\/posts\/180216\/revisions"}],"predecessor-version":[{"id":180217,"href":"https:\/\/www.oaxaca.gob.mx\/comunicacion\/wp-json\/wp\/v2\/posts\/180216\/revisions\/180217"}],"wp:featuredmedia":[{"embeddable":true,"href":"https:\/\/www.oaxaca.gob.mx\/comunicacion\/wp-json\/wp\/v2\/media\/180147"}],"wp:attachment":[{"href":"https:\/\/www.oaxaca.gob.mx\/comunicacion\/wp-json\/wp\/v2\/media?parent=180216"}],"wp:term":[{"taxonomy":"category","embeddable":true,"href":"https:\/\/www.oaxaca.gob.mx\/comunicacion\/wp-json\/wp\/v2\/categories?post=180216"},{"taxonomy":"post_tag","embeddable":true,"href":"https:\/\/www.oaxaca.gob.mx\/comunicacion\/wp-json\/wp\/v2\/tags?post=180216"}],"curies":[{"name":"wp","href":"https:\/\/api.w.org\/{rel}","templated":true}]}}