{"id":180198,"date":"2026-08-29T12:17:03","date_gmt":"2026-08-29T18:17:03","guid":{"rendered":"https:\/\/www.oaxaca.gob.mx\/comunicacion\/?p=180198"},"modified":"2026-08-31T12:18:32","modified_gmt":"2026-08-31T18:18:32","slug":"con-programa-de-sensibilizacion-hacia-ejercicio-periodistico-gobierno-de-oaxaca-atiende-compromisos-generados-con-el-gremio","status":"publish","type":"post","link":"https:\/\/www.oaxaca.gob.mx\/comunicacion\/con-programa-de-sensibilizacion-hacia-ejercicio-periodistico-gobierno-de-oaxaca-atiende-compromisos-generados-con-el-gremio\/","title":{"rendered":"Con programa de sensibilizaci\u00f3n hacia ejercicio period\u00edstico, Gobierno de Oaxaca atiende compromisos generados con el gremio"},"content":{"rendered":"<div class=\"su-heading su-heading-style-default su-heading-align-center\" id=\"\" style=\"font-size:13px;margin-bottom:20px\"><div class=\"su-heading-inner\">Se abordaron diversos temas sobre las garant\u00edas que debe brindar el Estado para el ejercicio pleno y respetuoso de la libertad de expresi\u00f3n en un sistema democr\u00e1tico<\/div><\/div>\n<p><strong>Oaxaca de Ju\u00e1rez, Oax. 29 de agosto de 2026.-<\/strong> Por instrucci\u00f3n del Gobernador Salom\u00f3n Jara Cruz y en cumplimiento a los compromisos realizados con el gremio period\u00edstico en la entidad, se puso en marcha el Programa Permanente de Capacitaci\u00f3n y Sensibilizaci\u00f3n sobre la Importancia de la Labor Period\u00edstica y el Deber de Garant\u00eda del Estado dirigido a servidores y servidoras de las instituciones p\u00fablicas.<\/p>\n<p>En un esfuerzo conjunto, a trav\u00e9s de la Secretar\u00eda General de Gobierno (Sego), la Coordinaci\u00f3n de Atenci\u00f3n a los Derechos Humanos (CADH) y la Coordinaci\u00f3n de Comunicaci\u00f3n Social (CCS) impartieron una serie de talleres en los que se abordaron diversos temas sobre las garant\u00edas que debe brindar el Estado para el ejercicio de la libertad de expresi\u00f3n en un sistema democr\u00e1tico.<\/p>\n<p>Este esfuerzo, que reafirma el compromiso de la administraci\u00f3n estatal para transversalizar la perspectiva de derechos humanos en la funci\u00f3n p\u00fablica, busca garantizar un entorno seguro y respetuoso para el ejercicio de la libertad de expresi\u00f3n en la labor informativa en el estado.<\/p>\n<p>Para la Coordinaci\u00f3n de Comunicaci\u00f3n Social del Ejecutivo estatal, es de suma importancia las relaciones respetuosas que deben tener funcionarias y funcionarios con quienes ejercen la labor de informar, por lo que es transcendental fortalecer el contacto con quienes ejercen esta profesi\u00f3n y facilitar el ejercicio pleno que realizan.<\/p>\n<p>Mediante el taller Mejorar Relaci\u00f3n Gobierno del Estado\u2013Prensa por la directora de Cultura de Paz de la Sego, Mar\u00eda Leticia Cruz L\u00f3pez y el especialista Javier M\u00e9ndez Santa Cruz, se analizaron perspectivas, circunstancias, propuestas y mejoras que se deben considerar para lograr esta correlaci\u00f3n.<\/p>\n<p>Tambi\u00e9n, se imparti\u00f3 el taller Libertad de Expresi\u00f3n como Derecho Humano por la directora del Centro de Investigaci\u00f3n y Capacitaci\u00f3n Propuesta C\u00edvica (CIC Propuesta C\u00edvica) Sara Mendiola Landeros, quien expuso que la libertad de expresi\u00f3n es la columna de la democracia de un pa\u00eds, de la cual se derivan otros derechos humanos importantes, por lo que el funcionariado debe garantizar y respetar este derecho.<\/p>\n<p>En representaci\u00f3n de la Coordinadora para la Atenci\u00f3n de los Derechos Humanos, Carolina Valent\u00edn Contreras dijo que, es una iniciativa estrat\u00e9gica para fortalecer de manera permanente las capacitaciones entre el funcionariado en materia de derechos humanos sobre el ejercicio de la libertad de expresi\u00f3n, el cual es pilar para la vida democr\u00e1tica, transparente y de acceso a la informaci\u00f3n de la sociedad.<\/p>\n<p>Dijo que los mandatos constitucionales y est\u00e1ndares internacionales establecen a las autoridades prevenir, proteger y respetar estas garant\u00edas para que la ciudadan\u00eda pueda tener acceso a la informaci\u00f3n que requiere y a la que tiene derecho.<\/p>\n<p style=\"text-align: center\">\n<strong>-0-<\/strong><\/p>\n<div class=\"su-image-carousel  su-image-carousel-has-spacing su-image-carousel-crop su-image-carousel-crop-16-10 su-image-carousel-has-outline su-image-carousel-adaptive su-image-carousel-slides-style-minimal su-image-carousel-controls-style-dark su-image-carousel-align-center\" style=\"\" data-flickity-options='{\"groupCells\":true,\"cellSelector\":\".su-image-carousel-item\",\"adaptiveHeight\":false,\"cellAlign\":\"left\",\"prevNextButtons\":true,\"pageDots\":true,\"autoPlay\":5000,\"imagesLoaded\":true,\"contain\":true,\"selectedAttraction\":0.025,\"friction\":0.28}' id=\"su_image_carousel_6a96359c54170\"><div class=\"su-image-carousel-item\"><div class=\"su-image-carousel-item-content\"><img loading=\"lazy\" decoding=\"async\" width=\"1024\" height=\"511\" src=\"https:\/\/www.oaxaca.gob.mx\/comunicacion\/wp-content\/uploads\/sites\/28\/2026\/08\/bb9d640b-e78a-4867-89f8-245ca4e2d351-1024x511.jpg\" class=\"\" alt=\"\" srcset=\"https:\/\/www.oaxaca.gob.mx\/comunicacion\/wp-content\/uploads\/sites\/28\/2026\/08\/bb9d640b-e78a-4867-89f8-245ca4e2d351-1024x511.jpg 1024w, https:\/\/www.oaxaca.gob.mx\/comunicacion\/wp-content\/uploads\/sites\/28\/2026\/08\/bb9d640b-e78a-4867-89f8-245ca4e2d351-300x150.jpg 300w, https:\/\/www.oaxaca.gob.mx\/comunicacion\/wp-content\/uploads\/sites\/28\/2026\/08\/bb9d640b-e78a-4867-89f8-245ca4e2d351-768x383.jpg 768w, https:\/\/www.oaxaca.gob.mx\/comunicacion\/wp-content\/uploads\/sites\/28\/2026\/08\/bb9d640b-e78a-4867-89f8-245ca4e2d351.jpg 1219w\" sizes=\"auto, (max-width: 1024px) 100vw, 1024px\" \/><\/div><\/div><div class=\"su-image-carousel-item\"><div class=\"su-image-carousel-item-content\"><img loading=\"lazy\" decoding=\"async\" width=\"1024\" height=\"641\" src=\"https:\/\/www.oaxaca.gob.mx\/comunicacion\/wp-content\/uploads\/sites\/28\/2026\/08\/7901f2c8-17f6-483b-a2ed-7032650978b2-1024x641.jpg\" class=\"\" alt=\"\" srcset=\"https:\/\/www.oaxaca.gob.mx\/comunicacion\/wp-content\/uploads\/sites\/28\/2026\/08\/7901f2c8-17f6-483b-a2ed-7032650978b2-1024x641.jpg 1024w, https:\/\/www.oaxaca.gob.mx\/comunicacion\/wp-content\/uploads\/sites\/28\/2026\/08\/7901f2c8-17f6-483b-a2ed-7032650978b2-300x188.jpg 300w, https:\/\/www.oaxaca.gob.mx\/comunicacion\/wp-content\/uploads\/sites\/28\/2026\/08\/7901f2c8-17f6-483b-a2ed-7032650978b2-768x481.jpg 768w, https:\/\/www.oaxaca.gob.mx\/comunicacion\/wp-content\/uploads\/sites\/28\/2026\/08\/7901f2c8-17f6-483b-a2ed-7032650978b2.jpg 1496w\" sizes=\"auto, (max-width: 1024px) 100vw, 1024px\" \/><\/div><\/div><div class=\"su-image-carousel-item\"><div class=\"su-image-carousel-item-content\"><img loading=\"lazy\" decoding=\"async\" width=\"1024\" height=\"682\" src=\"https:\/\/www.oaxaca.gob.mx\/comunicacion\/wp-content\/uploads\/sites\/28\/2026\/08\/c427664e-c47a-41a5-96cf-b8ef5db93494-1024x682.jpg\" class=\"\" alt=\"\" srcset=\"https:\/\/www.oaxaca.gob.mx\/comunicacion\/wp-content\/uploads\/sites\/28\/2026\/08\/c427664e-c47a-41a5-96cf-b8ef5db93494-1024x682.jpg 1024w, https:\/\/www.oaxaca.gob.mx\/comunicacion\/wp-content\/uploads\/sites\/28\/2026\/08\/c427664e-c47a-41a5-96cf-b8ef5db93494-300x200.jpg 300w, https:\/\/www.oaxaca.gob.mx\/comunicacion\/wp-content\/uploads\/sites\/28\/2026\/08\/c427664e-c47a-41a5-96cf-b8ef5db93494-768x512.jpg 768w, https:\/\/www.oaxaca.gob.mx\/comunicacion\/wp-content\/uploads\/sites\/28\/2026\/08\/c427664e-c47a-41a5-96cf-b8ef5db93494.jpg 1280w\" sizes=\"auto, (max-width: 1024px) 100vw, 1024px\" \/><\/div><\/div><div class=\"su-image-carousel-item\"><div class=\"su-image-carousel-item-content\"><img loading=\"lazy\" decoding=\"async\" width=\"1024\" height=\"683\" src=\"https:\/\/www.oaxaca.gob.mx\/comunicacion\/wp-content\/uploads\/sites\/28\/2026\/08\/4502678a-219b-4acc-8e67-cec4d37b10b1-1024x683.jpg\" class=\"\" alt=\"\" srcset=\"https:\/\/www.oaxaca.gob.mx\/comunicacion\/wp-content\/uploads\/sites\/28\/2026\/08\/4502678a-219b-4acc-8e67-cec4d37b10b1-1024x683.jpg 1024w, https:\/\/www.oaxaca.gob.mx\/comunicacion\/wp-content\/uploads\/sites\/28\/2026\/08\/4502678a-219b-4acc-8e67-cec4d37b10b1-300x200.jpg 300w, https:\/\/www.oaxaca.gob.mx\/comunicacion\/wp-content\/uploads\/sites\/28\/2026\/08\/4502678a-219b-4acc-8e67-cec4d37b10b1-768x512.jpg 768w, https:\/\/www.oaxaca.gob.mx\/comunicacion\/wp-content\/uploads\/sites\/28\/2026\/08\/4502678a-219b-4acc-8e67-cec4d37b10b1.jpg 1280w\" sizes=\"auto, (max-width: 1024px) 100vw, 1024px\" \/><\/div><\/div><div class=\"su-image-carousel-item\"><div class=\"su-image-carousel-item-content\"><img loading=\"lazy\" decoding=\"async\" width=\"1024\" height=\"683\" src=\"https:\/\/www.oaxaca.gob.mx\/comunicacion\/wp-content\/uploads\/sites\/28\/2026\/08\/eaf24a46-1773-4e59-9479-3b5e53d03052-1024x683.jpg\" class=\"\" alt=\"\" srcset=\"https:\/\/www.oaxaca.gob.mx\/comunicacion\/wp-content\/uploads\/sites\/28\/2026\/08\/eaf24a46-1773-4e59-9479-3b5e53d03052-1024x683.jpg 1024w, https:\/\/www.oaxaca.gob.mx\/comunicacion\/wp-content\/uploads\/sites\/28\/2026\/08\/eaf24a46-1773-4e59-9479-3b5e53d03052-300x200.jpg 300w, https:\/\/www.oaxaca.gob.mx\/comunicacion\/wp-content\/uploads\/sites\/28\/2026\/08\/eaf24a46-1773-4e59-9479-3b5e53d03052-768x512.jpg 768w, https:\/\/www.oaxaca.gob.mx\/comunicacion\/wp-content\/uploads\/sites\/28\/2026\/08\/eaf24a46-1773-4e59-9479-3b5e53d03052.jpg 1280w\" sizes=\"auto, (max-width: 1024px) 100vw, 1024px\" \/><\/div><\/div><div class=\"su-image-carousel-item\"><div class=\"su-image-carousel-item-content\"><img loading=\"lazy\" decoding=\"async\" width=\"1024\" height=\"730\" src=\"https:\/\/www.oaxaca.gob.mx\/comunicacion\/wp-content\/uploads\/sites\/28\/2026\/08\/ceb02ba7-a97a-4b7b-9263-bbdde526e6eb-1024x730.jpg\" class=\"\" alt=\"\" srcset=\"https:\/\/www.oaxaca.gob.mx\/comunicacion\/wp-content\/uploads\/sites\/28\/2026\/08\/ceb02ba7-a97a-4b7b-9263-bbdde526e6eb-1024x730.jpg 1024w, https:\/\/www.oaxaca.gob.mx\/comunicacion\/wp-content\/uploads\/sites\/28\/2026\/08\/ceb02ba7-a97a-4b7b-9263-bbdde526e6eb-300x214.jpg 300w, https:\/\/www.oaxaca.gob.mx\/comunicacion\/wp-content\/uploads\/sites\/28\/2026\/08\/ceb02ba7-a97a-4b7b-9263-bbdde526e6eb-768x548.jpg 768w, https:\/\/www.oaxaca.gob.mx\/comunicacion\/wp-content\/uploads\/sites\/28\/2026\/08\/ceb02ba7-a97a-4b7b-9263-bbdde526e6eb.jpg 1067w\" sizes=\"auto, (max-width: 1024px) 100vw, 1024px\" \/><\/div><\/div><div class=\"su-image-carousel-item\"><div class=\"su-image-carousel-item-content\"><img loading=\"lazy\" decoding=\"async\" width=\"1024\" height=\"781\" src=\"https:\/\/www.oaxaca.gob.mx\/comunicacion\/wp-content\/uploads\/sites\/28\/2026\/08\/92d26c95-f6ff-4451-a02c-a7a13095e9ab-1024x781.jpg\" class=\"\" alt=\"\" srcset=\"https:\/\/www.oaxaca.gob.mx\/comunicacion\/wp-content\/uploads\/sites\/28\/2026\/08\/92d26c95-f6ff-4451-a02c-a7a13095e9ab-1024x781.jpg 1024w, https:\/\/www.oaxaca.gob.mx\/comunicacion\/wp-content\/uploads\/sites\/28\/2026\/08\/92d26c95-f6ff-4451-a02c-a7a13095e9ab-300x229.jpg 300w, https:\/\/www.oaxaca.gob.mx\/comunicacion\/wp-content\/uploads\/sites\/28\/2026\/08\/92d26c95-f6ff-4451-a02c-a7a13095e9ab-768x586.jpg 768w, https:\/\/www.oaxaca.gob.mx\/comunicacion\/wp-content\/uploads\/sites\/28\/2026\/08\/92d26c95-f6ff-4451-a02c-a7a13095e9ab.jpg 1511w\" sizes=\"auto, (max-width: 1024px) 100vw, 1024px\" \/><\/div><\/div><div class=\"su-image-carousel-item\"><div class=\"su-image-carousel-item-content\"><img loading=\"lazy\" decoding=\"async\" width=\"856\" height=\"471\" src=\"https:\/\/www.oaxaca.gob.mx\/comunicacion\/wp-content\/uploads\/sites\/28\/2026\/08\/c58a73d1-c37e-44d6-855e-f27c70405d50.jpg\" class=\"\" alt=\"\" srcset=\"https:\/\/www.oaxaca.gob.mx\/comunicacion\/wp-content\/uploads\/sites\/28\/2026\/08\/c58a73d1-c37e-44d6-855e-f27c70405d50.jpg 856w, https:\/\/www.oaxaca.gob.mx\/comunicacion\/wp-content\/uploads\/sites\/28\/2026\/08\/c58a73d1-c37e-44d6-855e-f27c70405d50-300x165.jpg 300w, https:\/\/www.oaxaca.gob.mx\/comunicacion\/wp-content\/uploads\/sites\/28\/2026\/08\/c58a73d1-c37e-44d6-855e-f27c70405d50-768x423.jpg 768w\" sizes=\"auto, (max-width: 856px) 100vw, 856px\" \/><\/div><\/div><div class=\"su-image-carousel-item\"><div class=\"su-image-carousel-item-content\"><img loading=\"lazy\" decoding=\"async\" width=\"908\" height=\"854\" src=\"https:\/\/www.oaxaca.gob.mx\/comunicacion\/wp-content\/uploads\/sites\/28\/2026\/08\/1258e67f-a4be-4611-b187-96b463b0c418.jpg\" class=\"\" alt=\"\" srcset=\"https:\/\/www.oaxaca.gob.mx\/comunicacion\/wp-content\/uploads\/sites\/28\/2026\/08\/1258e67f-a4be-4611-b187-96b463b0c418.jpg 908w, https:\/\/www.oaxaca.gob.mx\/comunicacion\/wp-content\/uploads\/sites\/28\/2026\/08\/1258e67f-a4be-4611-b187-96b463b0c418-300x282.jpg 300w, https:\/\/www.oaxaca.gob.mx\/comunicacion\/wp-content\/uploads\/sites\/28\/2026\/08\/1258e67f-a4be-4611-b187-96b463b0c418-768x722.jpg 768w\" sizes=\"auto, (max-width: 908px) 100vw, 908px\" \/><\/div><\/div><\/div><script id=\"su_image_carousel_6a96359c54170_script\">if(window.SUImageCarousel){setTimeout(function() {window.SUImageCarousel.initGallery(document.getElementById(\"su_image_carousel_6a96359c54170\"))}, 0);}var su_image_carousel_6a96359c54170_script=document.getElementById(\"su_image_carousel_6a96359c54170_script\");if(su_image_carousel_6a96359c54170_script){su_image_carousel_6a96359c54170_script.parentNode.removeChild(su_image_carousel_6a96359c54170_script);}<\/script>\n","protected":false},"excerpt":{"rendered":"<p>Oaxaca de Ju\u00e1rez, Oax. 29 de agosto de 2026.- Por instrucci\u00f3n del Gobernador Salom\u00f3n Jara Cruz y en cumplimiento a los compromisos realizados con el gremio period\u00edstico en la entidad, se puso en marcha el Programa Permanente de Capacitaci\u00f3n y Sensibilizaci\u00f3n sobre la Importancia de la Labor Period\u00edstica y el Deber de Garant\u00eda del Estado [&hellip;]<\/p>\n","protected":false},"author":29,"featured_media":180204,"comment_status":"open","ping_status":"open","sticky":false,"template":"","format":"standard","meta":{"episode_type":"","audio_file":"","podmotor_file_id":"","podmotor_episode_id":"","cover_image":"","cover_image_id":"","duration":"","filesize":"","filesize_raw":"","date_recorded":"","explicit":"","block":"","itunes_episode_number":"","itunes_title":"","itunes_season_number":"","itunes_episode_type":"","footnotes":""},"categories":[7],"tags":[2890],"class_list":["post-180198","post","type-post","status-publish","format-standard","has-post-thumbnail","hentry","category-slide","tag-alomon-jara-cruz"],"acf":[],"publishpress_future_action":{"enabled":false,"date":"2026-09-07 20:17:00","action":"change-status","newStatus":"draft","terms":[],"taxonomy":"category","extraData":[]},"publishpress_future_workflow_manual_trigger":{"enabledWorkflows":[]},"_links":{"self":[{"href":"https:\/\/www.oaxaca.gob.mx\/comunicacion\/wp-json\/wp\/v2\/posts\/180198","targetHints":{"allow":["GET"]}}],"collection":[{"href":"https:\/\/www.oaxaca.gob.mx\/comunicacion\/wp-json\/wp\/v2\/posts"}],"about":[{"href":"https:\/\/www.oaxaca.gob.mx\/comunicacion\/wp-json\/wp\/v2\/types\/post"}],"author":[{"embeddable":true,"href":"https:\/\/www.oaxaca.gob.mx\/comunicacion\/wp-json\/wp\/v2\/users\/29"}],"replies":[{"embeddable":true,"href":"https:\/\/www.oaxaca.gob.mx\/comunicacion\/wp-json\/wp\/v2\/comments?post=180198"}],"version-history":[{"count":1,"href":"https:\/\/www.oaxaca.gob.mx\/comunicacion\/wp-json\/wp\/v2\/posts\/180198\/revisions"}],"predecessor-version":[{"id":180208,"href":"https:\/\/www.oaxaca.gob.mx\/comunicacion\/wp-json\/wp\/v2\/posts\/180198\/revisions\/180208"}],"wp:featuredmedia":[{"embeddable":true,"href":"https:\/\/www.oaxaca.gob.mx\/comunicacion\/wp-json\/wp\/v2\/media\/180204"}],"wp:attachment":[{"href":"https:\/\/www.oaxaca.gob.mx\/comunicacion\/wp-json\/wp\/v2\/media?parent=180198"}],"wp:term":[{"taxonomy":"category","embeddable":true,"href":"https:\/\/www.oaxaca.gob.mx\/comunicacion\/wp-json\/wp\/v2\/categories?post=180198"},{"taxonomy":"post_tag","embeddable":true,"href":"https:\/\/www.oaxaca.gob.mx\/comunicacion\/wp-json\/wp\/v2\/tags?post=180198"}],"curies":[{"name":"wp","href":"https:\/\/api.w.org\/{rel}","templated":true}]}}