{"id":176192,"date":"2026-05-01T19:48:00","date_gmt":"2026-05-02T01:48:00","guid":{"rendered":"https:\/\/www.oaxaca.gob.mx\/comunicacion\/?p=176192"},"modified":"2026-05-01T19:48:00","modified_gmt":"2026-05-02T01:48:00","slug":"fortalece-gobierno-del-estado-habito-de-la-lectura-en-estudiantes-de-educacion-media-y-superior-de-valles-centrales","status":"publish","type":"post","link":"https:\/\/www.oaxaca.gob.mx\/comunicacion\/fortalece-gobierno-del-estado-habito-de-la-lectura-en-estudiantes-de-educacion-media-y-superior-de-valles-centrales\/","title":{"rendered":"Fortalece Gobierno del Estado h\u00e1bito de la lectura en estudiantes de educaci\u00f3n media y superior de Valles Centrales"},"content":{"rendered":"<div class=\"su-heading su-heading-style-default su-heading-align-center\" id=\"\" style=\"font-size:13px;margin-bottom:20px\"><div class=\"su-heading-inner\">El Gobernador Salom\u00f3n Jara en compa\u00f1\u00eda del alumnado leyeron la novela \u201cLos Ninguneados\u201d de Fabrizio Mej\u00eda Madrid<\/div><\/div>\n<p>Oaxaca de Ju\u00e1rez, Oax. 1 de mayo de 2026.- Ante estudiantes de las universidades Intercultural del Pueblo y Aut\u00f3noma Benito Ju\u00e1rez de Oaxaca (UABJO) y el Centro de Bachillerato Tecnol\u00f3gico Industrial y de Servicios (CBTis) plantel 123, el Gobernador Salom\u00f3n Jara Cruz encabez\u00f3 el programa \u201cFomento a la Lectura, Un pueblo leyendo para transformar su historia\u201d.<\/p>\n<p>En el sal\u00f3n Libertadores Latinoamericanos de Palacio de Gobierno, el Mandatario estatal resalt\u00f3 que este h\u00e1bito es muy importante, ya que ampl\u00eda la visi\u00f3n y el panorama independiente de la carrera, licenciatura, ingenier\u00eda o especialidad que las y los alumnos cursen.<\/p>\n<p>\u201cDesde que llegamos nos propusimos no solo realizar obras de infraestructura o programas de bienestar, sino tambi\u00e9n fomentar la lectura, ya que para nuestra administraci\u00f3n es de lo m\u00e1s importante\u201d, subray\u00f3.<\/p>\n<p>En este espacio, Jara Cruz y el alumnado leyeron la novela \u201cLos Ninguneados\u201d de Fabrizio Mej\u00eda Madrid, que relata c\u00f3mo de pronto Manuel se entera del fallecimiento de su hermano, por lo que se embarca en un viaje lleno de recuerdos y reflexiones desde la Ciudad de M\u00e9xico al puerto de Veracruz.<\/p>\n<p>Cabe mencionar que, durante este encuentro, la alumna Miriam Elizabeth Ciprian Pacheco de la Escuela Primaria Jacobo Herrera Salazar, declam\u00f3 la poes\u00eda \u201cRecib\u00ed Flores\u201d.<\/p>\n<p style=\"text-align: center\">-0-<\/p>\n<div class=\"su-image-carousel  su-image-carousel-has-spacing su-image-carousel-crop su-image-carousel-crop-16-10 su-image-carousel-has-outline su-image-carousel-adaptive su-image-carousel-slides-style-minimal su-image-carousel-controls-style-dark su-image-carousel-align-center\" style=\"\" data-flickity-options='{\"groupCells\":true,\"cellSelector\":\".su-image-carousel-item\",\"adaptiveHeight\":false,\"cellAlign\":\"left\",\"prevNextButtons\":true,\"pageDots\":true,\"autoPlay\":5000,\"imagesLoaded\":true,\"contain\":true,\"selectedAttraction\":0.025,\"friction\":0.28}' id=\"su_image_carousel_69f5a181d7fed\"><div class=\"su-image-carousel-item\"><div class=\"su-image-carousel-item-content\"><img loading=\"lazy\" decoding=\"async\" width=\"1024\" height=\"683\" src=\"https:\/\/www.oaxaca.gob.mx\/comunicacion\/wp-content\/uploads\/sites\/28\/2026\/05\/Fortalece-Gobierno-del-Estado-habito-de-la-lectura-en-estudiantes-de-educacion-media-y-superior-de-Valles-Centrales-3-1024x683.jpeg\" class=\"\" alt=\"\" srcset=\"https:\/\/www.oaxaca.gob.mx\/comunicacion\/wp-content\/uploads\/sites\/28\/2026\/05\/Fortalece-Gobierno-del-Estado-habito-de-la-lectura-en-estudiantes-de-educacion-media-y-superior-de-Valles-Centrales-3-1024x683.jpeg 1024w, https:\/\/www.oaxaca.gob.mx\/comunicacion\/wp-content\/uploads\/sites\/28\/2026\/05\/Fortalece-Gobierno-del-Estado-habito-de-la-lectura-en-estudiantes-de-educacion-media-y-superior-de-Valles-Centrales-3-300x200.jpeg 300w, https:\/\/www.oaxaca.gob.mx\/comunicacion\/wp-content\/uploads\/sites\/28\/2026\/05\/Fortalece-Gobierno-del-Estado-habito-de-la-lectura-en-estudiantes-de-educacion-media-y-superior-de-Valles-Centrales-3-768x512.jpeg 768w, https:\/\/www.oaxaca.gob.mx\/comunicacion\/wp-content\/uploads\/sites\/28\/2026\/05\/Fortalece-Gobierno-del-Estado-habito-de-la-lectura-en-estudiantes-de-educacion-media-y-superior-de-Valles-Centrales-3.jpeg 1280w\" sizes=\"auto, (max-width: 1024px) 100vw, 1024px\" \/><\/div><\/div><div class=\"su-image-carousel-item\"><div class=\"su-image-carousel-item-content\"><img loading=\"lazy\" decoding=\"async\" width=\"1024\" height=\"683\" src=\"https:\/\/www.oaxaca.gob.mx\/comunicacion\/wp-content\/uploads\/sites\/28\/2026\/05\/Fortalece-Gobierno-del-Estado-habito-de-la-lectura-en-estudiantes-de-educacion-media-y-superior-de-Valles-Centrales-1-1024x683.jpeg\" class=\"\" alt=\"\" srcset=\"https:\/\/www.oaxaca.gob.mx\/comunicacion\/wp-content\/uploads\/sites\/28\/2026\/05\/Fortalece-Gobierno-del-Estado-habito-de-la-lectura-en-estudiantes-de-educacion-media-y-superior-de-Valles-Centrales-1-1024x683.jpeg 1024w, https:\/\/www.oaxaca.gob.mx\/comunicacion\/wp-content\/uploads\/sites\/28\/2026\/05\/Fortalece-Gobierno-del-Estado-habito-de-la-lectura-en-estudiantes-de-educacion-media-y-superior-de-Valles-Centrales-1-300x200.jpeg 300w, https:\/\/www.oaxaca.gob.mx\/comunicacion\/wp-content\/uploads\/sites\/28\/2026\/05\/Fortalece-Gobierno-del-Estado-habito-de-la-lectura-en-estudiantes-de-educacion-media-y-superior-de-Valles-Centrales-1-768x512.jpeg 768w, https:\/\/www.oaxaca.gob.mx\/comunicacion\/wp-content\/uploads\/sites\/28\/2026\/05\/Fortalece-Gobierno-del-Estado-habito-de-la-lectura-en-estudiantes-de-educacion-media-y-superior-de-Valles-Centrales-1.jpeg 1280w\" sizes=\"auto, (max-width: 1024px) 100vw, 1024px\" \/><\/div><\/div><div class=\"su-image-carousel-item\"><div class=\"su-image-carousel-item-content\"><img loading=\"lazy\" decoding=\"async\" width=\"1024\" height=\"683\" src=\"https:\/\/www.oaxaca.gob.mx\/comunicacion\/wp-content\/uploads\/sites\/28\/2026\/05\/Fortalece-Gobierno-del-Estado-habito-de-la-lectura-en-estudiantes-de-educacion-media-y-superior-de-Valles-Centrales-8-1024x683.jpeg\" class=\"\" alt=\"\" srcset=\"https:\/\/www.oaxaca.gob.mx\/comunicacion\/wp-content\/uploads\/sites\/28\/2026\/05\/Fortalece-Gobierno-del-Estado-habito-de-la-lectura-en-estudiantes-de-educacion-media-y-superior-de-Valles-Centrales-8-1024x683.jpeg 1024w, https:\/\/www.oaxaca.gob.mx\/comunicacion\/wp-content\/uploads\/sites\/28\/2026\/05\/Fortalece-Gobierno-del-Estado-habito-de-la-lectura-en-estudiantes-de-educacion-media-y-superior-de-Valles-Centrales-8-300x200.jpeg 300w, https:\/\/www.oaxaca.gob.mx\/comunicacion\/wp-content\/uploads\/sites\/28\/2026\/05\/Fortalece-Gobierno-del-Estado-habito-de-la-lectura-en-estudiantes-de-educacion-media-y-superior-de-Valles-Centrales-8-768x512.jpeg 768w, https:\/\/www.oaxaca.gob.mx\/comunicacion\/wp-content\/uploads\/sites\/28\/2026\/05\/Fortalece-Gobierno-del-Estado-habito-de-la-lectura-en-estudiantes-de-educacion-media-y-superior-de-Valles-Centrales-8.jpeg 1280w\" sizes=\"auto, (max-width: 1024px) 100vw, 1024px\" \/><\/div><\/div><div class=\"su-image-carousel-item\"><div class=\"su-image-carousel-item-content\"><img loading=\"lazy\" decoding=\"async\" width=\"1024\" height=\"683\" src=\"https:\/\/www.oaxaca.gob.mx\/comunicacion\/wp-content\/uploads\/sites\/28\/2026\/05\/Fortalece-Gobierno-del-Estado-habito-de-la-lectura-en-estudiantes-de-educacion-media-y-superior-de-Valles-Centrales-2-1024x683.jpeg\" class=\"\" alt=\"\" srcset=\"https:\/\/www.oaxaca.gob.mx\/comunicacion\/wp-content\/uploads\/sites\/28\/2026\/05\/Fortalece-Gobierno-del-Estado-habito-de-la-lectura-en-estudiantes-de-educacion-media-y-superior-de-Valles-Centrales-2-1024x683.jpeg 1024w, https:\/\/www.oaxaca.gob.mx\/comunicacion\/wp-content\/uploads\/sites\/28\/2026\/05\/Fortalece-Gobierno-del-Estado-habito-de-la-lectura-en-estudiantes-de-educacion-media-y-superior-de-Valles-Centrales-2-300x200.jpeg 300w, https:\/\/www.oaxaca.gob.mx\/comunicacion\/wp-content\/uploads\/sites\/28\/2026\/05\/Fortalece-Gobierno-del-Estado-habito-de-la-lectura-en-estudiantes-de-educacion-media-y-superior-de-Valles-Centrales-2-768x512.jpeg 768w, https:\/\/www.oaxaca.gob.mx\/comunicacion\/wp-content\/uploads\/sites\/28\/2026\/05\/Fortalece-Gobierno-del-Estado-habito-de-la-lectura-en-estudiantes-de-educacion-media-y-superior-de-Valles-Centrales-2.jpeg 1280w\" sizes=\"auto, (max-width: 1024px) 100vw, 1024px\" \/><\/div><\/div><div class=\"su-image-carousel-item\"><div class=\"su-image-carousel-item-content\"><img loading=\"lazy\" decoding=\"async\" width=\"1024\" height=\"683\" src=\"https:\/\/www.oaxaca.gob.mx\/comunicacion\/wp-content\/uploads\/sites\/28\/2026\/05\/Fortalece-Gobierno-del-Estado-habito-de-la-lectura-en-estudiantes-de-educacion-media-y-superior-de-Valles-Centrales-5-1024x683.jpeg\" class=\"\" alt=\"\" srcset=\"https:\/\/www.oaxaca.gob.mx\/comunicacion\/wp-content\/uploads\/sites\/28\/2026\/05\/Fortalece-Gobierno-del-Estado-habito-de-la-lectura-en-estudiantes-de-educacion-media-y-superior-de-Valles-Centrales-5-1024x683.jpeg 1024w, https:\/\/www.oaxaca.gob.mx\/comunicacion\/wp-content\/uploads\/sites\/28\/2026\/05\/Fortalece-Gobierno-del-Estado-habito-de-la-lectura-en-estudiantes-de-educacion-media-y-superior-de-Valles-Centrales-5-300x200.jpeg 300w, https:\/\/www.oaxaca.gob.mx\/comunicacion\/wp-content\/uploads\/sites\/28\/2026\/05\/Fortalece-Gobierno-del-Estado-habito-de-la-lectura-en-estudiantes-de-educacion-media-y-superior-de-Valles-Centrales-5-768x512.jpeg 768w, https:\/\/www.oaxaca.gob.mx\/comunicacion\/wp-content\/uploads\/sites\/28\/2026\/05\/Fortalece-Gobierno-del-Estado-habito-de-la-lectura-en-estudiantes-de-educacion-media-y-superior-de-Valles-Centrales-5.jpeg 1280w\" sizes=\"auto, (max-width: 1024px) 100vw, 1024px\" \/><\/div><\/div><div class=\"su-image-carousel-item\"><div class=\"su-image-carousel-item-content\"><img loading=\"lazy\" decoding=\"async\" width=\"1024\" height=\"683\" src=\"https:\/\/www.oaxaca.gob.mx\/comunicacion\/wp-content\/uploads\/sites\/28\/2026\/05\/Fortalece-Gobierno-del-Estado-habito-de-la-lectura-en-estudiantes-de-educacion-media-y-superior-de-Valles-Centrales-6-1024x683.jpeg\" class=\"\" alt=\"\" srcset=\"https:\/\/www.oaxaca.gob.mx\/comunicacion\/wp-content\/uploads\/sites\/28\/2026\/05\/Fortalece-Gobierno-del-Estado-habito-de-la-lectura-en-estudiantes-de-educacion-media-y-superior-de-Valles-Centrales-6-1024x683.jpeg 1024w, https:\/\/www.oaxaca.gob.mx\/comunicacion\/wp-content\/uploads\/sites\/28\/2026\/05\/Fortalece-Gobierno-del-Estado-habito-de-la-lectura-en-estudiantes-de-educacion-media-y-superior-de-Valles-Centrales-6-300x200.jpeg 300w, https:\/\/www.oaxaca.gob.mx\/comunicacion\/wp-content\/uploads\/sites\/28\/2026\/05\/Fortalece-Gobierno-del-Estado-habito-de-la-lectura-en-estudiantes-de-educacion-media-y-superior-de-Valles-Centrales-6-768x512.jpeg 768w, https:\/\/www.oaxaca.gob.mx\/comunicacion\/wp-content\/uploads\/sites\/28\/2026\/05\/Fortalece-Gobierno-del-Estado-habito-de-la-lectura-en-estudiantes-de-educacion-media-y-superior-de-Valles-Centrales-6.jpeg 1280w\" sizes=\"auto, (max-width: 1024px) 100vw, 1024px\" \/><\/div><\/div><div class=\"su-image-carousel-item\"><div class=\"su-image-carousel-item-content\"><img loading=\"lazy\" decoding=\"async\" width=\"1024\" height=\"683\" src=\"https:\/\/www.oaxaca.gob.mx\/comunicacion\/wp-content\/uploads\/sites\/28\/2026\/05\/Fortalece-Gobierno-del-Estado-habito-de-la-lectura-en-estudiantes-de-educacion-media-y-superior-de-Valles-Centrales-7-1024x683.jpeg\" class=\"\" alt=\"\" srcset=\"https:\/\/www.oaxaca.gob.mx\/comunicacion\/wp-content\/uploads\/sites\/28\/2026\/05\/Fortalece-Gobierno-del-Estado-habito-de-la-lectura-en-estudiantes-de-educacion-media-y-superior-de-Valles-Centrales-7-1024x683.jpeg 1024w, https:\/\/www.oaxaca.gob.mx\/comunicacion\/wp-content\/uploads\/sites\/28\/2026\/05\/Fortalece-Gobierno-del-Estado-habito-de-la-lectura-en-estudiantes-de-educacion-media-y-superior-de-Valles-Centrales-7-300x200.jpeg 300w, https:\/\/www.oaxaca.gob.mx\/comunicacion\/wp-content\/uploads\/sites\/28\/2026\/05\/Fortalece-Gobierno-del-Estado-habito-de-la-lectura-en-estudiantes-de-educacion-media-y-superior-de-Valles-Centrales-7-768x512.jpeg 768w, https:\/\/www.oaxaca.gob.mx\/comunicacion\/wp-content\/uploads\/sites\/28\/2026\/05\/Fortalece-Gobierno-del-Estado-habito-de-la-lectura-en-estudiantes-de-educacion-media-y-superior-de-Valles-Centrales-7.jpeg 1280w\" sizes=\"auto, (max-width: 1024px) 100vw, 1024px\" \/><\/div><\/div><div class=\"su-image-carousel-item\"><div class=\"su-image-carousel-item-content\"><img loading=\"lazy\" decoding=\"async\" width=\"1024\" height=\"683\" src=\"https:\/\/www.oaxaca.gob.mx\/comunicacion\/wp-content\/uploads\/sites\/28\/2026\/05\/Fortalece-Gobierno-del-Estado-habito-de-la-lectura-en-estudiantes-de-educacion-media-y-superior-de-Valles-Centrales-4-1024x683.jpeg\" class=\"\" alt=\"\" srcset=\"https:\/\/www.oaxaca.gob.mx\/comunicacion\/wp-content\/uploads\/sites\/28\/2026\/05\/Fortalece-Gobierno-del-Estado-habito-de-la-lectura-en-estudiantes-de-educacion-media-y-superior-de-Valles-Centrales-4-1024x683.jpeg 1024w, https:\/\/www.oaxaca.gob.mx\/comunicacion\/wp-content\/uploads\/sites\/28\/2026\/05\/Fortalece-Gobierno-del-Estado-habito-de-la-lectura-en-estudiantes-de-educacion-media-y-superior-de-Valles-Centrales-4-300x200.jpeg 300w, https:\/\/www.oaxaca.gob.mx\/comunicacion\/wp-content\/uploads\/sites\/28\/2026\/05\/Fortalece-Gobierno-del-Estado-habito-de-la-lectura-en-estudiantes-de-educacion-media-y-superior-de-Valles-Centrales-4-768x512.jpeg 768w, https:\/\/www.oaxaca.gob.mx\/comunicacion\/wp-content\/uploads\/sites\/28\/2026\/05\/Fortalece-Gobierno-del-Estado-habito-de-la-lectura-en-estudiantes-de-educacion-media-y-superior-de-Valles-Centrales-4.jpeg 1280w\" sizes=\"auto, (max-width: 1024px) 100vw, 1024px\" \/><\/div><\/div><\/div><script id=\"su_image_carousel_69f5a181d7fed_script\">if(window.SUImageCarousel){setTimeout(function() {window.SUImageCarousel.initGallery(document.getElementById(\"su_image_carousel_69f5a181d7fed\"))}, 0);}var su_image_carousel_69f5a181d7fed_script=document.getElementById(\"su_image_carousel_69f5a181d7fed_script\");if(su_image_carousel_69f5a181d7fed_script){su_image_carousel_69f5a181d7fed_script.parentNode.removeChild(su_image_carousel_69f5a181d7fed_script);}<\/script>\n","protected":false},"excerpt":{"rendered":"<p>Oaxaca de Ju\u00e1rez, Oax. 1 de mayo de 2026.- Ante estudiantes de las universidades Intercultural del Pueblo y Aut\u00f3noma Benito Ju\u00e1rez de Oaxaca (UABJO) y el Centro de Bachillerato Tecnol\u00f3gico Industrial y de Servicios (CBTis) plantel 123, el Gobernador Salom\u00f3n Jara Cruz encabez\u00f3 el programa \u201cFomento a la Lectura, Un pueblo leyendo para transformar su [&hellip;]<\/p>\n","protected":false},"author":29,"featured_media":176193,"comment_status":"open","ping_status":"open","sticky":false,"template":"","format":"standard","meta":{"episode_type":"","audio_file":"","podmotor_file_id":"","podmotor_episode_id":"","cover_image":"","cover_image_id":"","duration":"","filesize":"","filesize_raw":"","date_recorded":"","explicit":"","block":"","itunes_episode_number":"","itunes_title":"","itunes_season_number":"","itunes_episode_type":"","footnotes":""},"categories":[7],"tags":[2240],"class_list":["post-176192","post","type-post","status-publish","format-standard","has-post-thumbnail","hentry","category-slide","tag-el-gobernador-de-oaxaca"],"acf":[],"publishpress_future_action":{"enabled":false,"date":"2026-05-09 01:02:25","action":"change-status","newStatus":"draft","terms":[],"taxonomy":"category","extraData":[]},"publishpress_future_workflow_manual_trigger":{"enabledWorkflows":[]},"_links":{"self":[{"href":"https:\/\/www.oaxaca.gob.mx\/comunicacion\/wp-json\/wp\/v2\/posts\/176192","targetHints":{"allow":["GET"]}}],"collection":[{"href":"https:\/\/www.oaxaca.gob.mx\/comunicacion\/wp-json\/wp\/v2\/posts"}],"about":[{"href":"https:\/\/www.oaxaca.gob.mx\/comunicacion\/wp-json\/wp\/v2\/types\/post"}],"author":[{"embeddable":true,"href":"https:\/\/www.oaxaca.gob.mx\/comunicacion\/wp-json\/wp\/v2\/users\/29"}],"replies":[{"embeddable":true,"href":"https:\/\/www.oaxaca.gob.mx\/comunicacion\/wp-json\/wp\/v2\/comments?post=176192"}],"version-history":[{"count":1,"href":"https:\/\/www.oaxaca.gob.mx\/comunicacion\/wp-json\/wp\/v2\/posts\/176192\/revisions"}],"predecessor-version":[{"id":176201,"href":"https:\/\/www.oaxaca.gob.mx\/comunicacion\/wp-json\/wp\/v2\/posts\/176192\/revisions\/176201"}],"wp:featuredmedia":[{"embeddable":true,"href":"https:\/\/www.oaxaca.gob.mx\/comunicacion\/wp-json\/wp\/v2\/media\/176193"}],"wp:attachment":[{"href":"https:\/\/www.oaxaca.gob.mx\/comunicacion\/wp-json\/wp\/v2\/media?parent=176192"}],"wp:term":[{"taxonomy":"category","embeddable":true,"href":"https:\/\/www.oaxaca.gob.mx\/comunicacion\/wp-json\/wp\/v2\/categories?post=176192"},{"taxonomy":"post_tag","embeddable":true,"href":"https:\/\/www.oaxaca.gob.mx\/comunicacion\/wp-json\/wp\/v2\/tags?post=176192"}],"curies":[{"name":"wp","href":"https:\/\/api.w.org\/{rel}","templated":true}]}}