{"id":176164,"date":"2026-04-30T21:35:23","date_gmt":"2026-05-01T03:35:23","guid":{"rendered":"https:\/\/www.oaxaca.gob.mx\/comunicacion\/?p=176164"},"modified":"2026-04-30T21:35:23","modified_gmt":"2026-05-01T03:35:23","slug":"mas-de-10-mil-ninas-y-ninos-celebran-su-dia-en-la-fiesta-de-la-ninez-oaxaquena","status":"publish","type":"post","link":"https:\/\/www.oaxaca.gob.mx\/comunicacion\/mas-de-10-mil-ninas-y-ninos-celebran-su-dia-en-la-fiesta-de-la-ninez-oaxaquena\/","title":{"rendered":"\u00a1M\u00e1s de 10 mil ni\u00f1as y ni\u00f1os celebran su d\u00eda en la Fiesta de la Ni\u00f1ez Oaxaque\u00f1a!"},"content":{"rendered":"<p>&nbsp;<\/p>\n<div class=\"su-heading su-heading-style-default su-heading-align-center\" id=\"\" style=\"font-size:13px;margin-bottom:20px\"><div class=\"su-heading-inner\">El Gobernador Salom\u00f3n Jara y la Presidenta del DIF Oaxaca Irma Bola\u00f1os Quijano encabezaron este evento desarrollado en el Parque Primavera Oaxaque\u00f1a Cho Ndob\u00e1<\/div><\/div>\n<div class=\"su-heading su-heading-style-default su-heading-align-center\" id=\"\" style=\"font-size:13px;margin-bottom:20px\"><div class=\"su-heading-inner\">En este marco, se entregaron 10 mil juguetes a igual n\u00famero de asistentes, quienes tambi\u00e9n disfrutaron de actividades recreativas y did\u00e1cticas as\u00ed como de alimentos y bebidas<\/div><\/div>\n<p><strong>Oaxaca de Ju\u00e1rez, Oax. 30 de abril de 2026.-<\/strong> Con mucha alegr\u00eda y efusividad, y ante m\u00e1s de 10 mil ni\u00f1as y ni\u00f1os, acompa\u00f1ados de sus seres queridos, el Gobernador Salom\u00f3n Jara Cruz y la Presidenta Honoraria del Sistema DIF Oaxaca, Irma Bola\u00f1os Quijano encabezaron la Fiesta de la Ni\u00f1ez Oaxaque\u00f1a realizada en el Parque Primavera Oaxaque\u00f1a Cho Ndob\u00e1.<\/p>\n<p>En este espacio impulsado por el organismo estatal y dedicado a celebrar a las infancias, el titular del Poder Ejecutivo destac\u00f3 que este evento se convierte en un encuentro de fiesta, donde las y los asistentes pueden ejercer plenamente su derecho al juego con actividades recreativas y did\u00e1cticas que fortalezcan su sano esparcimiento y desarrollo.<\/p>\n<p>\u201cUstedes son el futuro de Oaxaca y de nuestras familias, por eso nos inspira celebrar hoy su d\u00eda. Quiero decirles que nuestro gobierno siempre va a acompa\u00f1arlas y acompa\u00f1arlos en todo momento, porque queremos cuidarlos y que el d\u00eda de ma\u00f1ana la entidad sea un estado de paz y justicia\u201d, resalt\u00f3.<\/p>\n<p>En tanto, la Presidenta Honoraria del Sistema Estatal DIF, Irma Bola\u00f1os Quijano enfatiz\u00f3 que se trabaja para que la ni\u00f1ez tenga un espacio digno y amplio donde pueda jugar y disfrutar en familia.<\/p>\n<p>Como parte de las actividades, las ni\u00f1as y ni\u00f1os pudieron disfrutar de juegos mec\u00e1nicos, actividades de destreza, talleres de manualidades, espect\u00e1culo de payasos, presentaciones musicales, pintacaritas, muestra de lucha libre, as\u00ed como alimentos y bebidas.<\/p>\n<p>Adem\u00e1s, Jara Cruz y Bola\u00f1os Quijano entregaron de manera directa 10 mil juguetes, con la finalidad de que este sector pase horas de diversi\u00f3n junto a sus familiares.<\/p>\n<p>En este marco, el Mandatario estatal y la Presidenta Honoraria del Sistema DIF Oaxaca inauguraron la reja \u201cLos Peces\u201d en memoria del artista pl\u00e1stico Francisco Benjam\u00edn L\u00f3pez Toledo, la cual tiene una extensi\u00f3n de m\u00e1s de 1 kil\u00f3metro y rodea al Parque Primavera Oaxaque\u00f1a Cho Ndob\u00e1; adem\u00e1s de la exposici\u00f3n de las esculturas \u201c2 mil 501 migrantes\u201d de Alejandro Santiago Ram\u00edrez; y los nuevos juegos y espacios instalados dentro de este recinto.<\/p>\n<p style=\"text-align: center\"><strong>-0-<\/strong><\/p>\n<div class=\"su-image-carousel  su-image-carousel-has-spacing su-image-carousel-crop su-image-carousel-crop-16-10 su-image-carousel-has-outline su-image-carousel-adaptive su-image-carousel-slides-style-minimal su-image-carousel-controls-style-dark su-image-carousel-align-center\" style=\"\" data-flickity-options='{\"groupCells\":true,\"cellSelector\":\".su-image-carousel-item\",\"adaptiveHeight\":false,\"cellAlign\":\"left\",\"prevNextButtons\":true,\"pageDots\":true,\"autoPlay\":5000,\"imagesLoaded\":true,\"contain\":true,\"selectedAttraction\":0.025,\"friction\":0.28}' id=\"su_image_carousel_69f759531d0a1\"><div class=\"su-image-carousel-item\"><div class=\"su-image-carousel-item-content\"><img loading=\"lazy\" decoding=\"async\" width=\"1024\" height=\"683\" src=\"https:\/\/www.oaxaca.gob.mx\/comunicacion\/wp-content\/uploads\/sites\/28\/2026\/04\/\u00a1Mas-de-10-mil-ninas-y-ninos-celebran-su-dia-en-la-Fiesta-de-la-Ninez-Oaxaquena-2-1024x683.jpg\" class=\"\" alt=\"\" srcset=\"https:\/\/www.oaxaca.gob.mx\/comunicacion\/wp-content\/uploads\/sites\/28\/2026\/04\/\u00a1Mas-de-10-mil-ninas-y-ninos-celebran-su-dia-en-la-Fiesta-de-la-Ninez-Oaxaquena-2-1024x683.jpg 1024w, https:\/\/www.oaxaca.gob.mx\/comunicacion\/wp-content\/uploads\/sites\/28\/2026\/04\/\u00a1Mas-de-10-mil-ninas-y-ninos-celebran-su-dia-en-la-Fiesta-de-la-Ninez-Oaxaquena-2-300x200.jpg 300w, https:\/\/www.oaxaca.gob.mx\/comunicacion\/wp-content\/uploads\/sites\/28\/2026\/04\/\u00a1Mas-de-10-mil-ninas-y-ninos-celebran-su-dia-en-la-Fiesta-de-la-Ninez-Oaxaquena-2-768x512.jpg 768w, https:\/\/www.oaxaca.gob.mx\/comunicacion\/wp-content\/uploads\/sites\/28\/2026\/04\/\u00a1Mas-de-10-mil-ninas-y-ninos-celebran-su-dia-en-la-Fiesta-de-la-Ninez-Oaxaquena-2.jpg 1280w\" sizes=\"auto, (max-width: 1024px) 100vw, 1024px\" \/><\/div><\/div><div class=\"su-image-carousel-item\"><div class=\"su-image-carousel-item-content\"><img loading=\"lazy\" decoding=\"async\" width=\"1024\" height=\"683\" src=\"https:\/\/www.oaxaca.gob.mx\/comunicacion\/wp-content\/uploads\/sites\/28\/2026\/04\/\u00a1Mas-de-10-mil-ninas-y-ninos-celebran-su-dia-en-la-Fiesta-de-la-Ninez-Oaxaquena10-1024x683.jpeg\" class=\"\" alt=\"\" srcset=\"https:\/\/www.oaxaca.gob.mx\/comunicacion\/wp-content\/uploads\/sites\/28\/2026\/04\/\u00a1Mas-de-10-mil-ninas-y-ninos-celebran-su-dia-en-la-Fiesta-de-la-Ninez-Oaxaquena10-1024x683.jpeg 1024w, https:\/\/www.oaxaca.gob.mx\/comunicacion\/wp-content\/uploads\/sites\/28\/2026\/04\/\u00a1Mas-de-10-mil-ninas-y-ninos-celebran-su-dia-en-la-Fiesta-de-la-Ninez-Oaxaquena10-300x200.jpeg 300w, https:\/\/www.oaxaca.gob.mx\/comunicacion\/wp-content\/uploads\/sites\/28\/2026\/04\/\u00a1Mas-de-10-mil-ninas-y-ninos-celebran-su-dia-en-la-Fiesta-de-la-Ninez-Oaxaquena10-768x512.jpeg 768w, https:\/\/www.oaxaca.gob.mx\/comunicacion\/wp-content\/uploads\/sites\/28\/2026\/04\/\u00a1Mas-de-10-mil-ninas-y-ninos-celebran-su-dia-en-la-Fiesta-de-la-Ninez-Oaxaquena10.jpeg 1280w\" sizes=\"auto, (max-width: 1024px) 100vw, 1024px\" \/><\/div><\/div><div class=\"su-image-carousel-item\"><div class=\"su-image-carousel-item-content\"><img loading=\"lazy\" decoding=\"async\" width=\"1024\" height=\"683\" src=\"https:\/\/www.oaxaca.gob.mx\/comunicacion\/wp-content\/uploads\/sites\/28\/2026\/04\/\u00a1Mas-de-10-mil-ninas-y-ninos-celebran-su-dia-en-la-Fiesta-de-la-Ninez-Oaxaquena7-1024x683.jpeg\" class=\"\" alt=\"\" srcset=\"https:\/\/www.oaxaca.gob.mx\/comunicacion\/wp-content\/uploads\/sites\/28\/2026\/04\/\u00a1Mas-de-10-mil-ninas-y-ninos-celebran-su-dia-en-la-Fiesta-de-la-Ninez-Oaxaquena7-1024x683.jpeg 1024w, https:\/\/www.oaxaca.gob.mx\/comunicacion\/wp-content\/uploads\/sites\/28\/2026\/04\/\u00a1Mas-de-10-mil-ninas-y-ninos-celebran-su-dia-en-la-Fiesta-de-la-Ninez-Oaxaquena7-300x200.jpeg 300w, https:\/\/www.oaxaca.gob.mx\/comunicacion\/wp-content\/uploads\/sites\/28\/2026\/04\/\u00a1Mas-de-10-mil-ninas-y-ninos-celebran-su-dia-en-la-Fiesta-de-la-Ninez-Oaxaquena7-768x512.jpeg 768w, https:\/\/www.oaxaca.gob.mx\/comunicacion\/wp-content\/uploads\/sites\/28\/2026\/04\/\u00a1Mas-de-10-mil-ninas-y-ninos-celebran-su-dia-en-la-Fiesta-de-la-Ninez-Oaxaquena7.jpeg 1280w\" sizes=\"auto, (max-width: 1024px) 100vw, 1024px\" \/><\/div><\/div><div class=\"su-image-carousel-item\"><div class=\"su-image-carousel-item-content\"><img loading=\"lazy\" decoding=\"async\" width=\"1024\" height=\"683\" src=\"https:\/\/www.oaxaca.gob.mx\/comunicacion\/wp-content\/uploads\/sites\/28\/2026\/04\/\u00a1Mas-de-10-mil-ninas-y-ninos-celebran-su-dia-en-la-Fiesta-de-la-Ninez-Oaxaquena-5-1024x683.jpg\" class=\"\" alt=\"\" srcset=\"https:\/\/www.oaxaca.gob.mx\/comunicacion\/wp-content\/uploads\/sites\/28\/2026\/04\/\u00a1Mas-de-10-mil-ninas-y-ninos-celebran-su-dia-en-la-Fiesta-de-la-Ninez-Oaxaquena-5-1024x683.jpg 1024w, https:\/\/www.oaxaca.gob.mx\/comunicacion\/wp-content\/uploads\/sites\/28\/2026\/04\/\u00a1Mas-de-10-mil-ninas-y-ninos-celebran-su-dia-en-la-Fiesta-de-la-Ninez-Oaxaquena-5-300x200.jpg 300w, https:\/\/www.oaxaca.gob.mx\/comunicacion\/wp-content\/uploads\/sites\/28\/2026\/04\/\u00a1Mas-de-10-mil-ninas-y-ninos-celebran-su-dia-en-la-Fiesta-de-la-Ninez-Oaxaquena-5-768x512.jpg 768w, https:\/\/www.oaxaca.gob.mx\/comunicacion\/wp-content\/uploads\/sites\/28\/2026\/04\/\u00a1Mas-de-10-mil-ninas-y-ninos-celebran-su-dia-en-la-Fiesta-de-la-Ninez-Oaxaquena-5.jpg 1280w\" sizes=\"auto, (max-width: 1024px) 100vw, 1024px\" \/><\/div><\/div><div class=\"su-image-carousel-item\"><div class=\"su-image-carousel-item-content\"><img loading=\"lazy\" decoding=\"async\" width=\"1024\" height=\"683\" src=\"https:\/\/www.oaxaca.gob.mx\/comunicacion\/wp-content\/uploads\/sites\/28\/2026\/04\/\u00a1Mas-de-10-mil-ninas-y-ninos-celebran-su-dia-en-la-Fiesta-de-la-Ninez-Oaxaquena9-1024x683.jpeg\" class=\"\" alt=\"\" srcset=\"https:\/\/www.oaxaca.gob.mx\/comunicacion\/wp-content\/uploads\/sites\/28\/2026\/04\/\u00a1Mas-de-10-mil-ninas-y-ninos-celebran-su-dia-en-la-Fiesta-de-la-Ninez-Oaxaquena9-1024x683.jpeg 1024w, https:\/\/www.oaxaca.gob.mx\/comunicacion\/wp-content\/uploads\/sites\/28\/2026\/04\/\u00a1Mas-de-10-mil-ninas-y-ninos-celebran-su-dia-en-la-Fiesta-de-la-Ninez-Oaxaquena9-300x200.jpeg 300w, https:\/\/www.oaxaca.gob.mx\/comunicacion\/wp-content\/uploads\/sites\/28\/2026\/04\/\u00a1Mas-de-10-mil-ninas-y-ninos-celebran-su-dia-en-la-Fiesta-de-la-Ninez-Oaxaquena9-768x512.jpeg 768w, https:\/\/www.oaxaca.gob.mx\/comunicacion\/wp-content\/uploads\/sites\/28\/2026\/04\/\u00a1Mas-de-10-mil-ninas-y-ninos-celebran-su-dia-en-la-Fiesta-de-la-Ninez-Oaxaquena9.jpeg 1280w\" sizes=\"auto, (max-width: 1024px) 100vw, 1024px\" \/><\/div><\/div><div class=\"su-image-carousel-item\"><div class=\"su-image-carousel-item-content\"><img loading=\"lazy\" decoding=\"async\" width=\"1024\" height=\"683\" src=\"https:\/\/www.oaxaca.gob.mx\/comunicacion\/wp-content\/uploads\/sites\/28\/2026\/04\/\u00a1Mas-de-10-mil-ninas-y-ninos-celebran-su-dia-en-la-Fiesta-de-la-Ninez-Oaxaquena-4-1024x683.jpg\" class=\"\" alt=\"\" srcset=\"https:\/\/www.oaxaca.gob.mx\/comunicacion\/wp-content\/uploads\/sites\/28\/2026\/04\/\u00a1Mas-de-10-mil-ninas-y-ninos-celebran-su-dia-en-la-Fiesta-de-la-Ninez-Oaxaquena-4-1024x683.jpg 1024w, https:\/\/www.oaxaca.gob.mx\/comunicacion\/wp-content\/uploads\/sites\/28\/2026\/04\/\u00a1Mas-de-10-mil-ninas-y-ninos-celebran-su-dia-en-la-Fiesta-de-la-Ninez-Oaxaquena-4-300x200.jpg 300w, https:\/\/www.oaxaca.gob.mx\/comunicacion\/wp-content\/uploads\/sites\/28\/2026\/04\/\u00a1Mas-de-10-mil-ninas-y-ninos-celebran-su-dia-en-la-Fiesta-de-la-Ninez-Oaxaquena-4-768x512.jpg 768w, https:\/\/www.oaxaca.gob.mx\/comunicacion\/wp-content\/uploads\/sites\/28\/2026\/04\/\u00a1Mas-de-10-mil-ninas-y-ninos-celebran-su-dia-en-la-Fiesta-de-la-Ninez-Oaxaquena-4.jpg 1280w\" sizes=\"auto, (max-width: 1024px) 100vw, 1024px\" \/><\/div><\/div><div class=\"su-image-carousel-item\"><div class=\"su-image-carousel-item-content\"><img loading=\"lazy\" decoding=\"async\" width=\"1024\" height=\"683\" src=\"https:\/\/www.oaxaca.gob.mx\/comunicacion\/wp-content\/uploads\/sites\/28\/2026\/04\/\u00a1Mas-de-10-mil-ninas-y-ninos-celebran-su-dia-en-la-Fiesta-de-la-Ninez-Oaxaquena-1024x683.jpg\" class=\"\" alt=\"\" srcset=\"https:\/\/www.oaxaca.gob.mx\/comunicacion\/wp-content\/uploads\/sites\/28\/2026\/04\/\u00a1Mas-de-10-mil-ninas-y-ninos-celebran-su-dia-en-la-Fiesta-de-la-Ninez-Oaxaquena-1024x683.jpg 1024w, https:\/\/www.oaxaca.gob.mx\/comunicacion\/wp-content\/uploads\/sites\/28\/2026\/04\/\u00a1Mas-de-10-mil-ninas-y-ninos-celebran-su-dia-en-la-Fiesta-de-la-Ninez-Oaxaquena-300x200.jpg 300w, https:\/\/www.oaxaca.gob.mx\/comunicacion\/wp-content\/uploads\/sites\/28\/2026\/04\/\u00a1Mas-de-10-mil-ninas-y-ninos-celebran-su-dia-en-la-Fiesta-de-la-Ninez-Oaxaquena-768x512.jpg 768w, https:\/\/www.oaxaca.gob.mx\/comunicacion\/wp-content\/uploads\/sites\/28\/2026\/04\/\u00a1Mas-de-10-mil-ninas-y-ninos-celebran-su-dia-en-la-Fiesta-de-la-Ninez-Oaxaquena-1536x1025.jpg 1536w, https:\/\/www.oaxaca.gob.mx\/comunicacion\/wp-content\/uploads\/sites\/28\/2026\/04\/\u00a1Mas-de-10-mil-ninas-y-ninos-celebran-su-dia-en-la-Fiesta-de-la-Ninez-Oaxaquena.jpg 2048w\" sizes=\"auto, (max-width: 1024px) 100vw, 1024px\" \/><\/div><\/div><div class=\"su-image-carousel-item\"><div class=\"su-image-carousel-item-content\"><img loading=\"lazy\" decoding=\"async\" width=\"1024\" height=\"683\" src=\"https:\/\/www.oaxaca.gob.mx\/comunicacion\/wp-content\/uploads\/sites\/28\/2026\/04\/\u00a1Mas-de-10-mil-ninas-y-ninos-celebran-su-dia-en-la-Fiesta-de-la-Ninez-Oaxaquena8-1024x683.jpeg\" class=\"\" alt=\"\" srcset=\"https:\/\/www.oaxaca.gob.mx\/comunicacion\/wp-content\/uploads\/sites\/28\/2026\/04\/\u00a1Mas-de-10-mil-ninas-y-ninos-celebran-su-dia-en-la-Fiesta-de-la-Ninez-Oaxaquena8-1024x683.jpeg 1024w, https:\/\/www.oaxaca.gob.mx\/comunicacion\/wp-content\/uploads\/sites\/28\/2026\/04\/\u00a1Mas-de-10-mil-ninas-y-ninos-celebran-su-dia-en-la-Fiesta-de-la-Ninez-Oaxaquena8-300x200.jpeg 300w, https:\/\/www.oaxaca.gob.mx\/comunicacion\/wp-content\/uploads\/sites\/28\/2026\/04\/\u00a1Mas-de-10-mil-ninas-y-ninos-celebran-su-dia-en-la-Fiesta-de-la-Ninez-Oaxaquena8-768x512.jpeg 768w, https:\/\/www.oaxaca.gob.mx\/comunicacion\/wp-content\/uploads\/sites\/28\/2026\/04\/\u00a1Mas-de-10-mil-ninas-y-ninos-celebran-su-dia-en-la-Fiesta-de-la-Ninez-Oaxaquena8.jpeg 1280w\" sizes=\"auto, (max-width: 1024px) 100vw, 1024px\" \/><\/div><\/div><div class=\"su-image-carousel-item\"><div class=\"su-image-carousel-item-content\"><img loading=\"lazy\" decoding=\"async\" width=\"1024\" height=\"683\" src=\"https:\/\/www.oaxaca.gob.mx\/comunicacion\/wp-content\/uploads\/sites\/28\/2026\/04\/\u00a1Mas-de-10-mil-ninas-y-ninos-celebran-su-dia-en-la-Fiesta-de-la-Ninez-Oaxaquena-6-1024x683.jpg\" class=\"\" alt=\"\" srcset=\"https:\/\/www.oaxaca.gob.mx\/comunicacion\/wp-content\/uploads\/sites\/28\/2026\/04\/\u00a1Mas-de-10-mil-ninas-y-ninos-celebran-su-dia-en-la-Fiesta-de-la-Ninez-Oaxaquena-6-1024x683.jpg 1024w, https:\/\/www.oaxaca.gob.mx\/comunicacion\/wp-content\/uploads\/sites\/28\/2026\/04\/\u00a1Mas-de-10-mil-ninas-y-ninos-celebran-su-dia-en-la-Fiesta-de-la-Ninez-Oaxaquena-6-300x200.jpg 300w, https:\/\/www.oaxaca.gob.mx\/comunicacion\/wp-content\/uploads\/sites\/28\/2026\/04\/\u00a1Mas-de-10-mil-ninas-y-ninos-celebran-su-dia-en-la-Fiesta-de-la-Ninez-Oaxaquena-6-768x512.jpg 768w, https:\/\/www.oaxaca.gob.mx\/comunicacion\/wp-content\/uploads\/sites\/28\/2026\/04\/\u00a1Mas-de-10-mil-ninas-y-ninos-celebran-su-dia-en-la-Fiesta-de-la-Ninez-Oaxaquena-6.jpg 1280w\" sizes=\"auto, (max-width: 1024px) 100vw, 1024px\" \/><\/div><\/div><div class=\"su-image-carousel-item\"><div class=\"su-image-carousel-item-content\"><img loading=\"lazy\" decoding=\"async\" width=\"1024\" height=\"683\" src=\"https:\/\/www.oaxaca.gob.mx\/comunicacion\/wp-content\/uploads\/sites\/28\/2026\/04\/\u00a1Mas-de-10-mil-ninas-y-ninos-celebran-su-dia-en-la-Fiesta-de-la-Ninez-Oaxaquena-3-1024x683.jpg\" class=\"\" alt=\"\" srcset=\"https:\/\/www.oaxaca.gob.mx\/comunicacion\/wp-content\/uploads\/sites\/28\/2026\/04\/\u00a1Mas-de-10-mil-ninas-y-ninos-celebran-su-dia-en-la-Fiesta-de-la-Ninez-Oaxaquena-3-1024x683.jpg 1024w, https:\/\/www.oaxaca.gob.mx\/comunicacion\/wp-content\/uploads\/sites\/28\/2026\/04\/\u00a1Mas-de-10-mil-ninas-y-ninos-celebran-su-dia-en-la-Fiesta-de-la-Ninez-Oaxaquena-3-300x200.jpg 300w, https:\/\/www.oaxaca.gob.mx\/comunicacion\/wp-content\/uploads\/sites\/28\/2026\/04\/\u00a1Mas-de-10-mil-ninas-y-ninos-celebran-su-dia-en-la-Fiesta-de-la-Ninez-Oaxaquena-3-768x512.jpg 768w, https:\/\/www.oaxaca.gob.mx\/comunicacion\/wp-content\/uploads\/sites\/28\/2026\/04\/\u00a1Mas-de-10-mil-ninas-y-ninos-celebran-su-dia-en-la-Fiesta-de-la-Ninez-Oaxaquena-3.jpg 1280w\" sizes=\"auto, (max-width: 1024px) 100vw, 1024px\" \/><\/div><\/div><div class=\"su-image-carousel-item\"><div class=\"su-image-carousel-item-content\"><img loading=\"lazy\" decoding=\"async\" width=\"1024\" height=\"683\" src=\"https:\/\/www.oaxaca.gob.mx\/comunicacion\/wp-content\/uploads\/sites\/28\/2026\/04\/\u00a1Mas-de-10-mil-ninas-y-ninos-celebran-su-dia-en-la-Fiesta-de-la-Ninez-Oaxaquena11-1024x683.jpeg\" class=\"\" alt=\"\" srcset=\"https:\/\/www.oaxaca.gob.mx\/comunicacion\/wp-content\/uploads\/sites\/28\/2026\/04\/\u00a1Mas-de-10-mil-ninas-y-ninos-celebran-su-dia-en-la-Fiesta-de-la-Ninez-Oaxaquena11-1024x683.jpeg 1024w, https:\/\/www.oaxaca.gob.mx\/comunicacion\/wp-content\/uploads\/sites\/28\/2026\/04\/\u00a1Mas-de-10-mil-ninas-y-ninos-celebran-su-dia-en-la-Fiesta-de-la-Ninez-Oaxaquena11-300x200.jpeg 300w, https:\/\/www.oaxaca.gob.mx\/comunicacion\/wp-content\/uploads\/sites\/28\/2026\/04\/\u00a1Mas-de-10-mil-ninas-y-ninos-celebran-su-dia-en-la-Fiesta-de-la-Ninez-Oaxaquena11-768x512.jpeg 768w, https:\/\/www.oaxaca.gob.mx\/comunicacion\/wp-content\/uploads\/sites\/28\/2026\/04\/\u00a1Mas-de-10-mil-ninas-y-ninos-celebran-su-dia-en-la-Fiesta-de-la-Ninez-Oaxaquena11.jpeg 1280w\" sizes=\"auto, (max-width: 1024px) 100vw, 1024px\" \/><\/div><\/div><\/div><script id=\"su_image_carousel_69f759531d0a1_script\">if(window.SUImageCarousel){setTimeout(function() {window.SUImageCarousel.initGallery(document.getElementById(\"su_image_carousel_69f759531d0a1\"))}, 0);}var su_image_carousel_69f759531d0a1_script=document.getElementById(\"su_image_carousel_69f759531d0a1_script\");if(su_image_carousel_69f759531d0a1_script){su_image_carousel_69f759531d0a1_script.parentNode.removeChild(su_image_carousel_69f759531d0a1_script);}<\/script>\n","protected":false},"excerpt":{"rendered":"<p>&nbsp; Oaxaca de Ju\u00e1rez, Oax. 30 de abril de 2026.- Con mucha alegr\u00eda y efusividad, y ante m\u00e1s de 10 mil ni\u00f1as y ni\u00f1os, acompa\u00f1ados de sus seres queridos, el Gobernador Salom\u00f3n Jara Cruz y la Presidenta Honoraria del Sistema DIF Oaxaca, Irma Bola\u00f1os Quijano encabezaron la Fiesta de la Ni\u00f1ez Oaxaque\u00f1a realizada en el [&hellip;]<\/p>\n","protected":false},"author":29,"featured_media":176175,"comment_status":"open","ping_status":"open","sticky":false,"template":"","format":"standard","meta":{"episode_type":"","audio_file":"","podmotor_file_id":"","podmotor_episode_id":"","cover_image":"","cover_image_id":"","duration":"","filesize":"","filesize_raw":"","date_recorded":"","explicit":"","block":"","itunes_episode_number":"","itunes_title":"","itunes_season_number":"","itunes_episode_type":"","footnotes":""},"categories":[7],"tags":[2240],"class_list":["post-176164","post","type-post","status-publish","format-standard","has-post-thumbnail","hentry","category-slide","tag-el-gobernador-de-oaxaca"],"acf":[],"publishpress_future_action":{"enabled":false,"date":"2026-05-10 08:18:59","action":"change-status","newStatus":"draft","terms":[],"taxonomy":"category","extraData":[]},"publishpress_future_workflow_manual_trigger":{"enabledWorkflows":[]},"_links":{"self":[{"href":"https:\/\/www.oaxaca.gob.mx\/comunicacion\/wp-json\/wp\/v2\/posts\/176164","targetHints":{"allow":["GET"]}}],"collection":[{"href":"https:\/\/www.oaxaca.gob.mx\/comunicacion\/wp-json\/wp\/v2\/posts"}],"about":[{"href":"https:\/\/www.oaxaca.gob.mx\/comunicacion\/wp-json\/wp\/v2\/types\/post"}],"author":[{"embeddable":true,"href":"https:\/\/www.oaxaca.gob.mx\/comunicacion\/wp-json\/wp\/v2\/users\/29"}],"replies":[{"embeddable":true,"href":"https:\/\/www.oaxaca.gob.mx\/comunicacion\/wp-json\/wp\/v2\/comments?post=176164"}],"version-history":[{"count":1,"href":"https:\/\/www.oaxaca.gob.mx\/comunicacion\/wp-json\/wp\/v2\/posts\/176164\/revisions"}],"predecessor-version":[{"id":176176,"href":"https:\/\/www.oaxaca.gob.mx\/comunicacion\/wp-json\/wp\/v2\/posts\/176164\/revisions\/176176"}],"wp:featuredmedia":[{"embeddable":true,"href":"https:\/\/www.oaxaca.gob.mx\/comunicacion\/wp-json\/wp\/v2\/media\/176175"}],"wp:attachment":[{"href":"https:\/\/www.oaxaca.gob.mx\/comunicacion\/wp-json\/wp\/v2\/media?parent=176164"}],"wp:term":[{"taxonomy":"category","embeddable":true,"href":"https:\/\/www.oaxaca.gob.mx\/comunicacion\/wp-json\/wp\/v2\/categories?post=176164"},{"taxonomy":"post_tag","embeddable":true,"href":"https:\/\/www.oaxaca.gob.mx\/comunicacion\/wp-json\/wp\/v2\/tags?post=176164"}],"curies":[{"name":"wp","href":"https:\/\/api.w.org\/{rel}","templated":true}]}}