{"id":176158,"date":"2026-04-30T18:13:14","date_gmt":"2026-05-01T00:13:14","guid":{"rendered":"https:\/\/www.oaxaca.gob.mx\/comunicacion\/?p=176158"},"modified":"2026-04-30T18:13:14","modified_gmt":"2026-05-01T00:13:14","slug":"celebra-consejeria-juridica-dia-de-la-nina-y-el-nino-en-natividad","status":"publish","type":"post","link":"https:\/\/www.oaxaca.gob.mx\/comunicacion\/celebra-consejeria-juridica-dia-de-la-nina-y-el-nino-en-natividad\/","title":{"rendered":"Celebra Consejer\u00eda Jur\u00eddica D\u00eda de la Ni\u00f1a y el Ni\u00f1o en Natividad"},"content":{"rendered":"<div class=\"su-heading su-heading-style-default su-heading-align-center\" id=\"\" style=\"font-size:13px;margin-bottom:20px\"><div class=\"su-heading-inner\">En el marco del programa Fomento a la lectura, se ley\u00f3 el cuento \u00bfSoy Tuyo?, de Alex Latimer<\/div><\/div>\n<p><strong>Natividad, Oax. 30 de abril de 2026.-<\/strong> Con motivo del D\u00eda de la Ni\u00f1a y el Ni\u00f1o, la Consejer\u00eda Jur\u00eddica y Asistencia Legal del Gobierno de Oaxaca realiz\u00f3 la lectura del cuento \u00bfSoy tuyo? de Alex Latimer, el cual narra la historia del huevo de un dinosaurio que se extrav\u00eda de su madre.<\/p>\n<p>Ante estudiantes de la Escuela Primaria 11 de julio y otras instituciones educativas del municipio Natividad, y en el marco del programa Fomento a la Lectura, el consejero jur\u00eddico, Geovany V\u00e1squez Sagrero mencion\u00f3 la importancia de inculcar este h\u00e1bito desde edades tempranas.<\/p>\n<p>\u00abA nombre del Gobernador Salom\u00f3n Jara Cruz estamos cumpliendo la encomienda de trabajar de la mano con la ni\u00f1ez, a fin de mejorar su comprensi\u00f3n lectora, acceso a la cultura y una sana recreaci\u00f3n\u00bb, destac\u00f3 desde esta demarcaci\u00f3n de la Sierra de Ju\u00e1rez.<\/p>\n<p>En este evento, las y los asistentes demostraron su creatividad al hacer figuras de plastilina, adem\u00e1s recibieron juguetes y realizaron otras actividades recreativas.<\/p>\n<p style=\"text-align: center\"><strong>-0-<\/strong><\/p>\n<div class=\"su-image-carousel  su-image-carousel-has-spacing su-image-carousel-crop su-image-carousel-crop-16-10 su-image-carousel-has-outline su-image-carousel-adaptive su-image-carousel-slides-style-minimal su-image-carousel-controls-style-dark su-image-carousel-align-center\" style=\"\" data-flickity-options='{\"groupCells\":true,\"cellSelector\":\".su-image-carousel-item\",\"adaptiveHeight\":false,\"cellAlign\":\"left\",\"prevNextButtons\":true,\"pageDots\":true,\"autoPlay\":5000,\"imagesLoaded\":true,\"contain\":true,\"selectedAttraction\":0.025,\"friction\":0.28}' id=\"su_image_carousel_69f7768b42253\"><div class=\"su-image-carousel-item\"><div class=\"su-image-carousel-item-content\"><img loading=\"lazy\" decoding=\"async\" width=\"1024\" height=\"685\" src=\"https:\/\/www.oaxaca.gob.mx\/comunicacion\/wp-content\/uploads\/sites\/28\/2026\/04\/Celebra-Consejeria-Juridica-Dia-de-la-Nina-y-el-Nino-en-La-Natividad-2-1024x685.jpeg\" class=\"\" alt=\"\" srcset=\"https:\/\/www.oaxaca.gob.mx\/comunicacion\/wp-content\/uploads\/sites\/28\/2026\/04\/Celebra-Consejeria-Juridica-Dia-de-la-Nina-y-el-Nino-en-La-Natividad-2-1024x685.jpeg 1024w, https:\/\/www.oaxaca.gob.mx\/comunicacion\/wp-content\/uploads\/sites\/28\/2026\/04\/Celebra-Consejeria-Juridica-Dia-de-la-Nina-y-el-Nino-en-La-Natividad-2-300x201.jpeg 300w, https:\/\/www.oaxaca.gob.mx\/comunicacion\/wp-content\/uploads\/sites\/28\/2026\/04\/Celebra-Consejeria-Juridica-Dia-de-la-Nina-y-el-Nino-en-La-Natividad-2-768x514.jpeg 768w, https:\/\/www.oaxaca.gob.mx\/comunicacion\/wp-content\/uploads\/sites\/28\/2026\/04\/Celebra-Consejeria-Juridica-Dia-de-la-Nina-y-el-Nino-en-La-Natividad-2-1536x1027.jpeg 1536w, https:\/\/www.oaxaca.gob.mx\/comunicacion\/wp-content\/uploads\/sites\/28\/2026\/04\/Celebra-Consejeria-Juridica-Dia-de-la-Nina-y-el-Nino-en-La-Natividad-2.jpeg 1600w\" sizes=\"auto, (max-width: 1024px) 100vw, 1024px\" \/><\/div><\/div><div class=\"su-image-carousel-item\"><div class=\"su-image-carousel-item-content\"><img loading=\"lazy\" decoding=\"async\" width=\"1024\" height=\"685\" src=\"https:\/\/www.oaxaca.gob.mx\/comunicacion\/wp-content\/uploads\/sites\/28\/2026\/04\/Celebra-Consejeria-Juridica-Dia-de-la-Nina-y-el-Nino-en-La-Natividad-4-1024x685.jpeg\" class=\"\" alt=\"\" srcset=\"https:\/\/www.oaxaca.gob.mx\/comunicacion\/wp-content\/uploads\/sites\/28\/2026\/04\/Celebra-Consejeria-Juridica-Dia-de-la-Nina-y-el-Nino-en-La-Natividad-4-1024x685.jpeg 1024w, https:\/\/www.oaxaca.gob.mx\/comunicacion\/wp-content\/uploads\/sites\/28\/2026\/04\/Celebra-Consejeria-Juridica-Dia-de-la-Nina-y-el-Nino-en-La-Natividad-4-300x201.jpeg 300w, https:\/\/www.oaxaca.gob.mx\/comunicacion\/wp-content\/uploads\/sites\/28\/2026\/04\/Celebra-Consejeria-Juridica-Dia-de-la-Nina-y-el-Nino-en-La-Natividad-4-768x514.jpeg 768w, https:\/\/www.oaxaca.gob.mx\/comunicacion\/wp-content\/uploads\/sites\/28\/2026\/04\/Celebra-Consejeria-Juridica-Dia-de-la-Nina-y-el-Nino-en-La-Natividad-4-1536x1027.jpeg 1536w, https:\/\/www.oaxaca.gob.mx\/comunicacion\/wp-content\/uploads\/sites\/28\/2026\/04\/Celebra-Consejeria-Juridica-Dia-de-la-Nina-y-el-Nino-en-La-Natividad-4.jpeg 1600w\" sizes=\"auto, (max-width: 1024px) 100vw, 1024px\" \/><\/div><\/div><div class=\"su-image-carousel-item\"><div class=\"su-image-carousel-item-content\"><img loading=\"lazy\" decoding=\"async\" width=\"1024\" height=\"685\" src=\"https:\/\/www.oaxaca.gob.mx\/comunicacion\/wp-content\/uploads\/sites\/28\/2026\/04\/Celebra-Consejeria-Juridica-Dia-de-la-Nina-y-el-Nino-en-La-Natividad-1024x685.jpeg\" class=\"\" alt=\"\" srcset=\"https:\/\/www.oaxaca.gob.mx\/comunicacion\/wp-content\/uploads\/sites\/28\/2026\/04\/Celebra-Consejeria-Juridica-Dia-de-la-Nina-y-el-Nino-en-La-Natividad-1024x685.jpeg 1024w, https:\/\/www.oaxaca.gob.mx\/comunicacion\/wp-content\/uploads\/sites\/28\/2026\/04\/Celebra-Consejeria-Juridica-Dia-de-la-Nina-y-el-Nino-en-La-Natividad-300x201.jpeg 300w, https:\/\/www.oaxaca.gob.mx\/comunicacion\/wp-content\/uploads\/sites\/28\/2026\/04\/Celebra-Consejeria-Juridica-Dia-de-la-Nina-y-el-Nino-en-La-Natividad-768x514.jpeg 768w, https:\/\/www.oaxaca.gob.mx\/comunicacion\/wp-content\/uploads\/sites\/28\/2026\/04\/Celebra-Consejeria-Juridica-Dia-de-la-Nina-y-el-Nino-en-La-Natividad-1536x1027.jpeg 1536w, https:\/\/www.oaxaca.gob.mx\/comunicacion\/wp-content\/uploads\/sites\/28\/2026\/04\/Celebra-Consejeria-Juridica-Dia-de-la-Nina-y-el-Nino-en-La-Natividad.jpeg 1600w\" sizes=\"auto, (max-width: 1024px) 100vw, 1024px\" \/><\/div><\/div><div class=\"su-image-carousel-item\"><div class=\"su-image-carousel-item-content\"><img loading=\"lazy\" decoding=\"async\" width=\"1024\" height=\"685\" src=\"https:\/\/www.oaxaca.gob.mx\/comunicacion\/wp-content\/uploads\/sites\/28\/2026\/04\/Celebra-Consejeria-Juridica-Dia-de-la-Nina-y-el-Nino-en-La-Natividad-3-1024x685.jpeg\" class=\"\" alt=\"\" srcset=\"https:\/\/www.oaxaca.gob.mx\/comunicacion\/wp-content\/uploads\/sites\/28\/2026\/04\/Celebra-Consejeria-Juridica-Dia-de-la-Nina-y-el-Nino-en-La-Natividad-3-1024x685.jpeg 1024w, https:\/\/www.oaxaca.gob.mx\/comunicacion\/wp-content\/uploads\/sites\/28\/2026\/04\/Celebra-Consejeria-Juridica-Dia-de-la-Nina-y-el-Nino-en-La-Natividad-3-300x201.jpeg 300w, https:\/\/www.oaxaca.gob.mx\/comunicacion\/wp-content\/uploads\/sites\/28\/2026\/04\/Celebra-Consejeria-Juridica-Dia-de-la-Nina-y-el-Nino-en-La-Natividad-3-768x514.jpeg 768w, https:\/\/www.oaxaca.gob.mx\/comunicacion\/wp-content\/uploads\/sites\/28\/2026\/04\/Celebra-Consejeria-Juridica-Dia-de-la-Nina-y-el-Nino-en-La-Natividad-3-1536x1027.jpeg 1536w, https:\/\/www.oaxaca.gob.mx\/comunicacion\/wp-content\/uploads\/sites\/28\/2026\/04\/Celebra-Consejeria-Juridica-Dia-de-la-Nina-y-el-Nino-en-La-Natividad-3.jpeg 1600w\" sizes=\"auto, (max-width: 1024px) 100vw, 1024px\" \/><\/div><\/div><\/div><script id=\"su_image_carousel_69f7768b42253_script\">if(window.SUImageCarousel){setTimeout(function() {window.SUImageCarousel.initGallery(document.getElementById(\"su_image_carousel_69f7768b42253\"))}, 0);}var su_image_carousel_69f7768b42253_script=document.getElementById(\"su_image_carousel_69f7768b42253_script\");if(su_image_carousel_69f7768b42253_script){su_image_carousel_69f7768b42253_script.parentNode.removeChild(su_image_carousel_69f7768b42253_script);}<\/script>\n","protected":false},"excerpt":{"rendered":"<p>Natividad, Oax. 30 de abril de 2026.- Con motivo del D\u00eda de la Ni\u00f1a y el Ni\u00f1o, la Consejer\u00eda Jur\u00eddica y Asistencia Legal del Gobierno de Oaxaca realiz\u00f3 la lectura del cuento \u00bfSoy tuyo? de Alex Latimer, el cual narra la historia del huevo de un dinosaurio que se extrav\u00eda de su madre. Ante estudiantes [&hellip;]<\/p>\n","protected":false},"author":29,"featured_media":176161,"comment_status":"open","ping_status":"open","sticky":false,"template":"","format":"standard","meta":{"episode_type":"","audio_file":"","podmotor_file_id":"","podmotor_episode_id":"","cover_image":"","cover_image_id":"","duration":"","filesize":"","filesize_raw":"","date_recorded":"","explicit":"","block":"","itunes_episode_number":"","itunes_title":"","itunes_season_number":"","itunes_episode_type":"","footnotes":""},"categories":[8],"tags":[],"class_list":["post-176158","post","type-post","status-publish","format-standard","has-post-thumbnail","hentry","category-noticias"],"acf":[],"publishpress_future_action":{"enabled":false,"date":"2026-05-10 10:23:39","action":"change-status","newStatus":"draft","terms":[],"taxonomy":"category","extraData":[]},"publishpress_future_workflow_manual_trigger":{"enabledWorkflows":[]},"_links":{"self":[{"href":"https:\/\/www.oaxaca.gob.mx\/comunicacion\/wp-json\/wp\/v2\/posts\/176158","targetHints":{"allow":["GET"]}}],"collection":[{"href":"https:\/\/www.oaxaca.gob.mx\/comunicacion\/wp-json\/wp\/v2\/posts"}],"about":[{"href":"https:\/\/www.oaxaca.gob.mx\/comunicacion\/wp-json\/wp\/v2\/types\/post"}],"author":[{"embeddable":true,"href":"https:\/\/www.oaxaca.gob.mx\/comunicacion\/wp-json\/wp\/v2\/users\/29"}],"replies":[{"embeddable":true,"href":"https:\/\/www.oaxaca.gob.mx\/comunicacion\/wp-json\/wp\/v2\/comments?post=176158"}],"version-history":[{"count":1,"href":"https:\/\/www.oaxaca.gob.mx\/comunicacion\/wp-json\/wp\/v2\/posts\/176158\/revisions"}],"predecessor-version":[{"id":176163,"href":"https:\/\/www.oaxaca.gob.mx\/comunicacion\/wp-json\/wp\/v2\/posts\/176158\/revisions\/176163"}],"wp:featuredmedia":[{"embeddable":true,"href":"https:\/\/www.oaxaca.gob.mx\/comunicacion\/wp-json\/wp\/v2\/media\/176161"}],"wp:attachment":[{"href":"https:\/\/www.oaxaca.gob.mx\/comunicacion\/wp-json\/wp\/v2\/media?parent=176158"}],"wp:term":[{"taxonomy":"category","embeddable":true,"href":"https:\/\/www.oaxaca.gob.mx\/comunicacion\/wp-json\/wp\/v2\/categories?post=176158"},{"taxonomy":"post_tag","embeddable":true,"href":"https:\/\/www.oaxaca.gob.mx\/comunicacion\/wp-json\/wp\/v2\/tags?post=176158"}],"curies":[{"name":"wp","href":"https:\/\/api.w.org\/{rel}","templated":true}]}}