{"id":176150,"date":"2026-04-30T17:32:18","date_gmt":"2026-04-30T23:32:18","guid":{"rendered":"https:\/\/www.oaxaca.gob.mx\/comunicacion\/?p=176150"},"modified":"2026-04-30T17:32:18","modified_gmt":"2026-04-30T23:32:18","slug":"mujeres-de-juchitan-cuentan-con-un-centro-libre-para-su-atencion-y-bienestar","status":"publish","type":"post","link":"https:\/\/www.oaxaca.gob.mx\/comunicacion\/mujeres-de-juchitan-cuentan-con-un-centro-libre-para-su-atencion-y-bienestar\/","title":{"rendered":"Mujeres de Juchit\u00e1n cuentan con un Centro LIBRE para su atenci\u00f3n y bienestar"},"content":{"rendered":"<div class=\"su-heading su-heading-style-default su-heading-align-center\" id=\"\" style=\"font-size:13px;margin-bottom:20px\"><div class=\"su-heading-inner\">El Gobernador Salom\u00f3n Jara Cruz inaugur\u00f3 este espacio que brindar\u00e1 servicios jur\u00eddicos, psicol\u00f3gicos, de trabajo social y talleres de capacitaci\u00f3n para la autonom\u00eda econ\u00f3mica y comunitaria de este sector<\/div><\/div>\n<p><strong>Heroica Ciudad de Juchit\u00e1n de Zaragoza, Oax. 30 de abril de 2026.-<\/strong> El Gobernador Salom\u00f3n Jara Cruz inaugur\u00f3 en este municipio del Istmo de Tehuantepec el Centro LIBRE -Libertad, Igualdad, Bienestar, Redes y Emancipaci\u00f3n-, espacio comunitario de atenci\u00f3n integral para que las mujeres ejerzan todos y cada uno de sus derechos a trav\u00e9s de servicios p\u00fablicos gratuitos.<\/p>\n<p>Ante representantes de los Poderes del Estado y autoridades municipales, el Mandatario estatal destac\u00f3 que en su administraci\u00f3n, las mujeres est\u00e1n en el centro de las pol\u00edticas p\u00fablicas; ya que una transformaci\u00f3n verdadera debe colocar en el foco la dignidad, seguridad y los derechos de este sector, se\u00f1al\u00f3.<\/p>\n<p>\u201cEste espacio surge como respuesta de la Primavera Oaxaque\u00f1a a una deuda hist\u00f3rica con las mujeres. Aqu\u00ed se materializa el compromiso de garantizar a ellas una vida libre de violencia con el acompa\u00f1amiento profesional debido, servicios integrales y redes comunitarias que fortalezcan su autonom\u00eda\u201d, destac\u00f3.<\/p>\n<p>Sostuvo que la violencia contra las mujeres se combate con prevenci\u00f3n, educaci\u00f3n, cambios culturales y espacios como este, en que se construyen nuevas formas de convivencia basadas en el respeto y la igualdad; esfuerzo congruente con la reparaci\u00f3n hist\u00f3rica que se realiza en todo el estado.<\/p>\n<p>En tanto, la titular de la Secretar\u00eda de las Mujeres, Rogelia Gonz\u00e1lez Luis expuso que este Centro LIBRE es un sitio comunitario de atenci\u00f3n integral, impulsado desde el Gobierno de M\u00e9xico y gestionado por el Gobierno del Estado para brindar a las mujeres servicios jur\u00eddicos, psicol\u00f3gicos, de trabajo social y talleres de capacitaci\u00f3n para promover su autonom\u00eda econ\u00f3mica y social.<\/p>\n<p>En 2025, se establecieron 41 centros en el estado y para 2026, se proyecta el funcionamiento de 69, distribuidos en las ocho regiones.<\/p>\n<p style=\"text-align: center\">\n<strong>-0-<\/strong><\/p>\n<div class=\"su-image-carousel  su-image-carousel-has-spacing su-image-carousel-crop su-image-carousel-crop-16-10 su-image-carousel-has-outline su-image-carousel-adaptive su-image-carousel-slides-style-minimal su-image-carousel-controls-style-dark su-image-carousel-align-center\" style=\"\" data-flickity-options='{\"groupCells\":true,\"cellSelector\":\".su-image-carousel-item\",\"adaptiveHeight\":false,\"cellAlign\":\"left\",\"prevNextButtons\":true,\"pageDots\":true,\"autoPlay\":5000,\"imagesLoaded\":true,\"contain\":true,\"selectedAttraction\":0.025,\"friction\":0.28}' id=\"su_image_carousel_69f443761ea1c\"><div class=\"su-image-carousel-item\"><div class=\"su-image-carousel-item-content\"><img loading=\"lazy\" decoding=\"async\" width=\"926\" height=\"669\" src=\"https:\/\/www.oaxaca.gob.mx\/comunicacion\/wp-content\/uploads\/sites\/28\/2026\/04\/Mujeres-de-Juchitan-cuentan-con-un-Centro-LIBRE-para-su-atencion-y-bienestar-4.jpeg\" class=\"\" alt=\"\" srcset=\"https:\/\/www.oaxaca.gob.mx\/comunicacion\/wp-content\/uploads\/sites\/28\/2026\/04\/Mujeres-de-Juchitan-cuentan-con-un-Centro-LIBRE-para-su-atencion-y-bienestar-4.jpeg 926w, https:\/\/www.oaxaca.gob.mx\/comunicacion\/wp-content\/uploads\/sites\/28\/2026\/04\/Mujeres-de-Juchitan-cuentan-con-un-Centro-LIBRE-para-su-atencion-y-bienestar-4-300x217.jpeg 300w, https:\/\/www.oaxaca.gob.mx\/comunicacion\/wp-content\/uploads\/sites\/28\/2026\/04\/Mujeres-de-Juchitan-cuentan-con-un-Centro-LIBRE-para-su-atencion-y-bienestar-4-768x555.jpeg 768w\" sizes=\"auto, (max-width: 926px) 100vw, 926px\" \/><\/div><\/div><div class=\"su-image-carousel-item\"><div class=\"su-image-carousel-item-content\"><img loading=\"lazy\" decoding=\"async\" width=\"1024\" height=\"668\" src=\"https:\/\/www.oaxaca.gob.mx\/comunicacion\/wp-content\/uploads\/sites\/28\/2026\/04\/Mujeres-de-Juchitan-cuentan-con-un-Centro-LIBRE-para-su-atencion-y-bienestar-3-1024x668.jpeg\" class=\"\" alt=\"\" srcset=\"https:\/\/www.oaxaca.gob.mx\/comunicacion\/wp-content\/uploads\/sites\/28\/2026\/04\/Mujeres-de-Juchitan-cuentan-con-un-Centro-LIBRE-para-su-atencion-y-bienestar-3-1024x668.jpeg 1024w, https:\/\/www.oaxaca.gob.mx\/comunicacion\/wp-content\/uploads\/sites\/28\/2026\/04\/Mujeres-de-Juchitan-cuentan-con-un-Centro-LIBRE-para-su-atencion-y-bienestar-3-300x196.jpeg 300w, https:\/\/www.oaxaca.gob.mx\/comunicacion\/wp-content\/uploads\/sites\/28\/2026\/04\/Mujeres-de-Juchitan-cuentan-con-un-Centro-LIBRE-para-su-atencion-y-bienestar-3-768x501.jpeg 768w, https:\/\/www.oaxaca.gob.mx\/comunicacion\/wp-content\/uploads\/sites\/28\/2026\/04\/Mujeres-de-Juchitan-cuentan-con-un-Centro-LIBRE-para-su-atencion-y-bienestar-3.jpeg 1142w\" sizes=\"auto, (max-width: 1024px) 100vw, 1024px\" \/><\/div><\/div><div class=\"su-image-carousel-item\"><div class=\"su-image-carousel-item-content\"><img loading=\"lazy\" decoding=\"async\" width=\"1024\" height=\"683\" src=\"https:\/\/www.oaxaca.gob.mx\/comunicacion\/wp-content\/uploads\/sites\/28\/2026\/04\/Mujeres-de-Juchitan-cuentan-con-un-Centro-LIBRE-para-su-atencion-y-bienestar-1024x683.jpeg\" class=\"\" alt=\"\" srcset=\"https:\/\/www.oaxaca.gob.mx\/comunicacion\/wp-content\/uploads\/sites\/28\/2026\/04\/Mujeres-de-Juchitan-cuentan-con-un-Centro-LIBRE-para-su-atencion-y-bienestar-1024x683.jpeg 1024w, https:\/\/www.oaxaca.gob.mx\/comunicacion\/wp-content\/uploads\/sites\/28\/2026\/04\/Mujeres-de-Juchitan-cuentan-con-un-Centro-LIBRE-para-su-atencion-y-bienestar-300x200.jpeg 300w, https:\/\/www.oaxaca.gob.mx\/comunicacion\/wp-content\/uploads\/sites\/28\/2026\/04\/Mujeres-de-Juchitan-cuentan-con-un-Centro-LIBRE-para-su-atencion-y-bienestar-768x512.jpeg 768w, https:\/\/www.oaxaca.gob.mx\/comunicacion\/wp-content\/uploads\/sites\/28\/2026\/04\/Mujeres-de-Juchitan-cuentan-con-un-Centro-LIBRE-para-su-atencion-y-bienestar.jpeg 1280w\" sizes=\"auto, (max-width: 1024px) 100vw, 1024px\" \/><\/div><\/div><div class=\"su-image-carousel-item\"><div class=\"su-image-carousel-item-content\"><img loading=\"lazy\" decoding=\"async\" width=\"946\" height=\"622\" src=\"https:\/\/www.oaxaca.gob.mx\/comunicacion\/wp-content\/uploads\/sites\/28\/2026\/04\/Mujeres-de-Juchitan-cuentan-con-un-Centro-LIBRE-para-su-atencion-y-bienestar-5.jpeg\" class=\"\" alt=\"\" srcset=\"https:\/\/www.oaxaca.gob.mx\/comunicacion\/wp-content\/uploads\/sites\/28\/2026\/04\/Mujeres-de-Juchitan-cuentan-con-un-Centro-LIBRE-para-su-atencion-y-bienestar-5.jpeg 946w, https:\/\/www.oaxaca.gob.mx\/comunicacion\/wp-content\/uploads\/sites\/28\/2026\/04\/Mujeres-de-Juchitan-cuentan-con-un-Centro-LIBRE-para-su-atencion-y-bienestar-5-300x197.jpeg 300w, https:\/\/www.oaxaca.gob.mx\/comunicacion\/wp-content\/uploads\/sites\/28\/2026\/04\/Mujeres-de-Juchitan-cuentan-con-un-Centro-LIBRE-para-su-atencion-y-bienestar-5-768x505.jpeg 768w\" sizes=\"auto, (max-width: 946px) 100vw, 946px\" \/><\/div><\/div><div class=\"su-image-carousel-item\"><div class=\"su-image-carousel-item-content\"><img loading=\"lazy\" decoding=\"async\" width=\"1024\" height=\"683\" src=\"https:\/\/www.oaxaca.gob.mx\/comunicacion\/wp-content\/uploads\/sites\/28\/2026\/04\/Mujeres-de-Juchitan-cuentan-con-un-Centro-LIBRE-para-su-atencion-y-bienestar-6-1024x683.jpeg\" class=\"\" alt=\"\" srcset=\"https:\/\/www.oaxaca.gob.mx\/comunicacion\/wp-content\/uploads\/sites\/28\/2026\/04\/Mujeres-de-Juchitan-cuentan-con-un-Centro-LIBRE-para-su-atencion-y-bienestar-6-1024x683.jpeg 1024w, https:\/\/www.oaxaca.gob.mx\/comunicacion\/wp-content\/uploads\/sites\/28\/2026\/04\/Mujeres-de-Juchitan-cuentan-con-un-Centro-LIBRE-para-su-atencion-y-bienestar-6-300x200.jpeg 300w, https:\/\/www.oaxaca.gob.mx\/comunicacion\/wp-content\/uploads\/sites\/28\/2026\/04\/Mujeres-de-Juchitan-cuentan-con-un-Centro-LIBRE-para-su-atencion-y-bienestar-6-768x512.jpeg 768w, https:\/\/www.oaxaca.gob.mx\/comunicacion\/wp-content\/uploads\/sites\/28\/2026\/04\/Mujeres-de-Juchitan-cuentan-con-un-Centro-LIBRE-para-su-atencion-y-bienestar-6.jpeg 1280w\" sizes=\"auto, (max-width: 1024px) 100vw, 1024px\" \/><\/div><\/div><div class=\"su-image-carousel-item\"><div class=\"su-image-carousel-item-content\"><img loading=\"lazy\" decoding=\"async\" width=\"861\" height=\"848\" src=\"https:\/\/www.oaxaca.gob.mx\/comunicacion\/wp-content\/uploads\/sites\/28\/2026\/04\/Mujeres-de-Juchitan-cuentan-con-un-Centro-LIBRE-para-su-atencion-y-bienestar-2.jpeg\" class=\"\" alt=\"\" srcset=\"https:\/\/www.oaxaca.gob.mx\/comunicacion\/wp-content\/uploads\/sites\/28\/2026\/04\/Mujeres-de-Juchitan-cuentan-con-un-Centro-LIBRE-para-su-atencion-y-bienestar-2.jpeg 861w, https:\/\/www.oaxaca.gob.mx\/comunicacion\/wp-content\/uploads\/sites\/28\/2026\/04\/Mujeres-de-Juchitan-cuentan-con-un-Centro-LIBRE-para-su-atencion-y-bienestar-2-300x295.jpeg 300w, https:\/\/www.oaxaca.gob.mx\/comunicacion\/wp-content\/uploads\/sites\/28\/2026\/04\/Mujeres-de-Juchitan-cuentan-con-un-Centro-LIBRE-para-su-atencion-y-bienestar-2-768x756.jpeg 768w\" sizes=\"auto, (max-width: 861px) 100vw, 861px\" \/><\/div><\/div><\/div><script id=\"su_image_carousel_69f443761ea1c_script\">if(window.SUImageCarousel){setTimeout(function() {window.SUImageCarousel.initGallery(document.getElementById(\"su_image_carousel_69f443761ea1c\"))}, 0);}var su_image_carousel_69f443761ea1c_script=document.getElementById(\"su_image_carousel_69f443761ea1c_script\");if(su_image_carousel_69f443761ea1c_script){su_image_carousel_69f443761ea1c_script.parentNode.removeChild(su_image_carousel_69f443761ea1c_script);}<\/script>\n","protected":false},"excerpt":{"rendered":"<p>Heroica Ciudad de Juchit\u00e1n de Zaragoza, Oax. 30 de abril de 2026.- El Gobernador Salom\u00f3n Jara Cruz inaugur\u00f3 en este municipio del Istmo de Tehuantepec el Centro LIBRE -Libertad, Igualdad, Bienestar, Redes y Emancipaci\u00f3n-, espacio comunitario de atenci\u00f3n integral para que las mujeres ejerzan todos y cada uno de sus derechos a trav\u00e9s de servicios [&hellip;]<\/p>\n","protected":false},"author":29,"featured_media":176156,"comment_status":"open","ping_status":"open","sticky":false,"template":"","format":"standard","meta":{"episode_type":"","audio_file":"","podmotor_file_id":"","podmotor_episode_id":"","cover_image":"","cover_image_id":"","duration":"","filesize":"","filesize_raw":"","date_recorded":"","explicit":"","block":"","itunes_episode_number":"","itunes_title":"","itunes_season_number":"","itunes_episode_type":"","footnotes":""},"categories":[7],"tags":[2240],"class_list":["post-176150","post","type-post","status-publish","format-standard","has-post-thumbnail","hentry","category-slide","tag-el-gobernador-de-oaxaca"],"acf":[],"publishpress_future_action":{"enabled":false,"date":"2026-05-08 00:08:54","action":"change-status","newStatus":"draft","terms":[],"taxonomy":"category","extraData":[]},"publishpress_future_workflow_manual_trigger":{"enabledWorkflows":[]},"_links":{"self":[{"href":"https:\/\/www.oaxaca.gob.mx\/comunicacion\/wp-json\/wp\/v2\/posts\/176150","targetHints":{"allow":["GET"]}}],"collection":[{"href":"https:\/\/www.oaxaca.gob.mx\/comunicacion\/wp-json\/wp\/v2\/posts"}],"about":[{"href":"https:\/\/www.oaxaca.gob.mx\/comunicacion\/wp-json\/wp\/v2\/types\/post"}],"author":[{"embeddable":true,"href":"https:\/\/www.oaxaca.gob.mx\/comunicacion\/wp-json\/wp\/v2\/users\/29"}],"replies":[{"embeddable":true,"href":"https:\/\/www.oaxaca.gob.mx\/comunicacion\/wp-json\/wp\/v2\/comments?post=176150"}],"version-history":[{"count":1,"href":"https:\/\/www.oaxaca.gob.mx\/comunicacion\/wp-json\/wp\/v2\/posts\/176150\/revisions"}],"predecessor-version":[{"id":176157,"href":"https:\/\/www.oaxaca.gob.mx\/comunicacion\/wp-json\/wp\/v2\/posts\/176150\/revisions\/176157"}],"wp:featuredmedia":[{"embeddable":true,"href":"https:\/\/www.oaxaca.gob.mx\/comunicacion\/wp-json\/wp\/v2\/media\/176156"}],"wp:attachment":[{"href":"https:\/\/www.oaxaca.gob.mx\/comunicacion\/wp-json\/wp\/v2\/media?parent=176150"}],"wp:term":[{"taxonomy":"category","embeddable":true,"href":"https:\/\/www.oaxaca.gob.mx\/comunicacion\/wp-json\/wp\/v2\/categories?post=176150"},{"taxonomy":"post_tag","embeddable":true,"href":"https:\/\/www.oaxaca.gob.mx\/comunicacion\/wp-json\/wp\/v2\/tags?post=176150"}],"curies":[{"name":"wp","href":"https:\/\/api.w.org\/{rel}","templated":true}]}}