{"id":176144,"date":"2026-04-30T13:25:41","date_gmt":"2026-04-30T19:25:41","guid":{"rendered":"https:\/\/www.oaxaca.gob.mx\/comunicacion\/?p=176144"},"modified":"2026-04-30T13:25:41","modified_gmt":"2026-04-30T19:25:41","slug":"avanza-el-plan-juchitan-por-la-paz-la-justicia-y-el-bienestar-con-nuevas-unidades-de-seguridad","status":"publish","type":"post","link":"https:\/\/www.oaxaca.gob.mx\/comunicacion\/avanza-el-plan-juchitan-por-la-paz-la-justicia-y-el-bienestar-con-nuevas-unidades-de-seguridad\/","title":{"rendered":"Avanza el \u201cPlan Juchit\u00e1n por la paz, la justicia y el bienestar\u201d con nuevas unidades de seguridad"},"content":{"rendered":"<div class=\"su-heading su-heading-style-default su-heading-align-center\" id=\"\" style=\"font-size:13px;margin-bottom:20px\"><div class=\"su-heading-inner\">Estas acciones se desarrollan en el marco del programa \u201cOaxaca Segura\u201d, con el objetivo de continuar atendiendo las causas que generan la violencia en la regi\u00f3n. <\/div><\/div>\n<p><strong>Heroica Ciudad de Juchit\u00e1n de Zaragoza, Oax., 30 de abril de 2026.-<\/strong> El Gobernador Salom\u00f3n Jara Cruz realiz\u00f3 la entrega de 11 patrullas y 20 motopatrullas que se integran al \u201cPlan Juchit\u00e1n por la paz, la justicia y el bienestar\u201d, con una inversi\u00f3n de 20 millones de pesos, como parte del fortalecimiento de las acciones de seguridad en el Istmo de Tehuantepec.<\/p>\n<p>Desde esta regi\u00f3n, el Mandatario estatal se\u00f1al\u00f3 que Juchit\u00e1n de Zaragoza se convertir\u00e1 en uno de los municipios prioritarios del estado y del pa\u00eds; para la atenci\u00f3n integral de la seguridad, mediante estrategias enfocadas en la prevenci\u00f3n y el fortalecimiento institucional.<\/p>\n<p>Asimismo, inform\u00f3 que estas acciones se desarrollan en el marco del programa \u201cOaxaca Segura\u201d, con el objetivo de continuar atendiendo las causas que generan la violencia en la regi\u00f3n, reforzando la presencia operativa y la capacidad de respuesta de las corporaciones de seguridad.<\/p>\n<p>La entrega de estas unidades tiene como finalidad contribuir al fortalecimiento operativo de la Secretar\u00eda de Seguridad y Protecci\u00f3n Ciudadana (SSPC), permitiendo que las y los elementos policiales realicen sus funciones de manera eficiente y eficaz, en beneficio de la poblaci\u00f3n.<\/p>\n<p>El Gobierno del Estado reiter\u00f3 que la paz se construye con bienestar, oportunidades y justicia social, como ejes fundamentales para el desarrollo de las comunidades.<\/p>\n<p style=\"text-align: center\"><strong>-0-<\/strong><\/p>\n<div class=\"su-image-carousel  su-image-carousel-has-spacing su-image-carousel-crop su-image-carousel-crop-16-10 su-image-carousel-has-outline su-image-carousel-adaptive su-image-carousel-slides-style-minimal su-image-carousel-controls-style-dark su-image-carousel-align-center\" style=\"\" data-flickity-options='{\"groupCells\":true,\"cellSelector\":\".su-image-carousel-item\",\"adaptiveHeight\":false,\"cellAlign\":\"left\",\"prevNextButtons\":true,\"pageDots\":true,\"autoPlay\":5000,\"imagesLoaded\":true,\"contain\":true,\"selectedAttraction\":0.025,\"friction\":0.28}' id=\"su_image_carousel_69f3e72f3a174\"><div class=\"su-image-carousel-item\"><div class=\"su-image-carousel-item-content\"><img loading=\"lazy\" decoding=\"async\" width=\"922\" height=\"602\" src=\"https:\/\/www.oaxaca.gob.mx\/comunicacion\/wp-content\/uploads\/sites\/28\/2026\/04\/dc34f73f-8a69-4e0e-b83f-05f3a58cec5a.jpeg\" class=\"\" alt=\"\" srcset=\"https:\/\/www.oaxaca.gob.mx\/comunicacion\/wp-content\/uploads\/sites\/28\/2026\/04\/dc34f73f-8a69-4e0e-b83f-05f3a58cec5a.jpeg 922w, https:\/\/www.oaxaca.gob.mx\/comunicacion\/wp-content\/uploads\/sites\/28\/2026\/04\/dc34f73f-8a69-4e0e-b83f-05f3a58cec5a-300x196.jpeg 300w, https:\/\/www.oaxaca.gob.mx\/comunicacion\/wp-content\/uploads\/sites\/28\/2026\/04\/dc34f73f-8a69-4e0e-b83f-05f3a58cec5a-768x501.jpeg 768w\" sizes=\"auto, (max-width: 922px) 100vw, 922px\" \/><\/div><\/div><div class=\"su-image-carousel-item\"><div class=\"su-image-carousel-item-content\"><img loading=\"lazy\" decoding=\"async\" width=\"1024\" height=\"683\" src=\"https:\/\/www.oaxaca.gob.mx\/comunicacion\/wp-content\/uploads\/sites\/28\/2026\/04\/23551fa8-3b39-47db-a24c-ce5ea8a1de16-1024x683.jpeg\" class=\"\" alt=\"\" srcset=\"https:\/\/www.oaxaca.gob.mx\/comunicacion\/wp-content\/uploads\/sites\/28\/2026\/04\/23551fa8-3b39-47db-a24c-ce5ea8a1de16-1024x683.jpeg 1024w, https:\/\/www.oaxaca.gob.mx\/comunicacion\/wp-content\/uploads\/sites\/28\/2026\/04\/23551fa8-3b39-47db-a24c-ce5ea8a1de16-300x200.jpeg 300w, https:\/\/www.oaxaca.gob.mx\/comunicacion\/wp-content\/uploads\/sites\/28\/2026\/04\/23551fa8-3b39-47db-a24c-ce5ea8a1de16-768x512.jpeg 768w, https:\/\/www.oaxaca.gob.mx\/comunicacion\/wp-content\/uploads\/sites\/28\/2026\/04\/23551fa8-3b39-47db-a24c-ce5ea8a1de16.jpeg 1280w\" sizes=\"auto, (max-width: 1024px) 100vw, 1024px\" \/><\/div><\/div><div class=\"su-image-carousel-item\"><div class=\"su-image-carousel-item-content\"><img loading=\"lazy\" decoding=\"async\" width=\"940\" height=\"605\" src=\"https:\/\/www.oaxaca.gob.mx\/comunicacion\/wp-content\/uploads\/sites\/28\/2026\/04\/53a78dfc-6f05-409d-9fad-176c1e21701c.jpeg\" class=\"\" alt=\"\" srcset=\"https:\/\/www.oaxaca.gob.mx\/comunicacion\/wp-content\/uploads\/sites\/28\/2026\/04\/53a78dfc-6f05-409d-9fad-176c1e21701c.jpeg 940w, https:\/\/www.oaxaca.gob.mx\/comunicacion\/wp-content\/uploads\/sites\/28\/2026\/04\/53a78dfc-6f05-409d-9fad-176c1e21701c-300x193.jpeg 300w, https:\/\/www.oaxaca.gob.mx\/comunicacion\/wp-content\/uploads\/sites\/28\/2026\/04\/53a78dfc-6f05-409d-9fad-176c1e21701c-768x494.jpeg 768w\" sizes=\"auto, (max-width: 940px) 100vw, 940px\" \/><\/div><\/div><div class=\"su-image-carousel-item\"><div class=\"su-image-carousel-item-content\"><img loading=\"lazy\" decoding=\"async\" width=\"1024\" height=\"642\" src=\"https:\/\/www.oaxaca.gob.mx\/comunicacion\/wp-content\/uploads\/sites\/28\/2026\/04\/f7ef6818-a95d-4b7a-b595-99bceafe7759-1024x642.jpeg\" class=\"\" alt=\"\" srcset=\"https:\/\/www.oaxaca.gob.mx\/comunicacion\/wp-content\/uploads\/sites\/28\/2026\/04\/f7ef6818-a95d-4b7a-b595-99bceafe7759-1024x642.jpeg 1024w, https:\/\/www.oaxaca.gob.mx\/comunicacion\/wp-content\/uploads\/sites\/28\/2026\/04\/f7ef6818-a95d-4b7a-b595-99bceafe7759-300x188.jpeg 300w, https:\/\/www.oaxaca.gob.mx\/comunicacion\/wp-content\/uploads\/sites\/28\/2026\/04\/f7ef6818-a95d-4b7a-b595-99bceafe7759-768x481.jpeg 768w, https:\/\/www.oaxaca.gob.mx\/comunicacion\/wp-content\/uploads\/sites\/28\/2026\/04\/f7ef6818-a95d-4b7a-b595-99bceafe7759.jpeg 1280w\" sizes=\"auto, (max-width: 1024px) 100vw, 1024px\" \/><\/div><\/div><\/div><script id=\"su_image_carousel_69f3e72f3a174_script\">if(window.SUImageCarousel){setTimeout(function() {window.SUImageCarousel.initGallery(document.getElementById(\"su_image_carousel_69f3e72f3a174\"))}, 0);}var su_image_carousel_69f3e72f3a174_script=document.getElementById(\"su_image_carousel_69f3e72f3a174_script\");if(su_image_carousel_69f3e72f3a174_script){su_image_carousel_69f3e72f3a174_script.parentNode.removeChild(su_image_carousel_69f3e72f3a174_script);}<\/script>\n","protected":false},"excerpt":{"rendered":"<p>Heroica Ciudad de Juchit\u00e1n de Zaragoza, Oax., 30 de abril de 2026.- El Gobernador Salom\u00f3n Jara Cruz realiz\u00f3 la entrega de 11 patrullas y 20 motopatrullas que se integran al \u201cPlan Juchit\u00e1n por la paz, la justicia y el bienestar\u201d, con una inversi\u00f3n de 20 millones de pesos, como parte del fortalecimiento de las acciones [&hellip;]<\/p>\n","protected":false},"author":29,"featured_media":176148,"comment_status":"open","ping_status":"open","sticky":false,"template":"","format":"standard","meta":{"episode_type":"","audio_file":"","podmotor_file_id":"","podmotor_episode_id":"","cover_image":"","cover_image_id":"","duration":"","filesize":"","filesize_raw":"","date_recorded":"","explicit":"","block":"","itunes_episode_number":"","itunes_title":"","itunes_season_number":"","itunes_episode_type":"","footnotes":""},"categories":[7],"tags":[691],"class_list":["post-176144","post","type-post","status-publish","format-standard","has-post-thumbnail","hentry","category-slide","tag-heroica-ciudad-de-juchitan-de-zaragoza"],"acf":[],"publishpress_future_action":{"enabled":false,"date":"2026-05-07 17:35:11","action":"change-status","newStatus":"draft","terms":[],"taxonomy":"category","extraData":[]},"publishpress_future_workflow_manual_trigger":{"enabledWorkflows":[]},"_links":{"self":[{"href":"https:\/\/www.oaxaca.gob.mx\/comunicacion\/wp-json\/wp\/v2\/posts\/176144","targetHints":{"allow":["GET"]}}],"collection":[{"href":"https:\/\/www.oaxaca.gob.mx\/comunicacion\/wp-json\/wp\/v2\/posts"}],"about":[{"href":"https:\/\/www.oaxaca.gob.mx\/comunicacion\/wp-json\/wp\/v2\/types\/post"}],"author":[{"embeddable":true,"href":"https:\/\/www.oaxaca.gob.mx\/comunicacion\/wp-json\/wp\/v2\/users\/29"}],"replies":[{"embeddable":true,"href":"https:\/\/www.oaxaca.gob.mx\/comunicacion\/wp-json\/wp\/v2\/comments?post=176144"}],"version-history":[{"count":1,"href":"https:\/\/www.oaxaca.gob.mx\/comunicacion\/wp-json\/wp\/v2\/posts\/176144\/revisions"}],"predecessor-version":[{"id":176149,"href":"https:\/\/www.oaxaca.gob.mx\/comunicacion\/wp-json\/wp\/v2\/posts\/176144\/revisions\/176149"}],"wp:featuredmedia":[{"embeddable":true,"href":"https:\/\/www.oaxaca.gob.mx\/comunicacion\/wp-json\/wp\/v2\/media\/176148"}],"wp:attachment":[{"href":"https:\/\/www.oaxaca.gob.mx\/comunicacion\/wp-json\/wp\/v2\/media?parent=176144"}],"wp:term":[{"taxonomy":"category","embeddable":true,"href":"https:\/\/www.oaxaca.gob.mx\/comunicacion\/wp-json\/wp\/v2\/categories?post=176144"},{"taxonomy":"post_tag","embeddable":true,"href":"https:\/\/www.oaxaca.gob.mx\/comunicacion\/wp-json\/wp\/v2\/tags?post=176144"}],"curies":[{"name":"wp","href":"https:\/\/api.w.org\/{rel}","templated":true}]}}