{"id":176124,"date":"2026-04-29T13:40:19","date_gmt":"2026-04-29T19:40:19","guid":{"rendered":"https:\/\/www.oaxaca.gob.mx\/comunicacion\/?p=176124"},"modified":"2026-04-29T13:40:19","modified_gmt":"2026-04-29T19:40:19","slug":"acompana-secretaria-de-las-mujeres-proceso-legal-a-favor-de-victima-de-violencia-familiar","status":"publish","type":"post","link":"https:\/\/www.oaxaca.gob.mx\/comunicacion\/acompana-secretaria-de-las-mujeres-proceso-legal-a-favor-de-victima-de-violencia-familiar\/","title":{"rendered":"Acompa\u00f1a Secretar\u00eda de las Mujeres proceso legal a favor de v\u00edctima de violencia familiar"},"content":{"rendered":"<p><strong>Oaxaca de Ju\u00e1rez, Oax., 29 de abril de 2026.\u2013<\/strong> La Secretar\u00eda de las Mujeres brinda acompa\u00f1amiento legal y psicol\u00f3gico con perspectiva de g\u00e9nero a E.G.L., quien denunci\u00f3 violencia familiar presuntamente cometida por su pareja, R.R.G., detenido este martes por la Fiscal\u00eda General del Estado de Oaxaca (FGEO).<\/p>\n<p>Desde el pasado 25 de marzo, la titular de la dependencia, Rogelia Gonz\u00e1lez Luis estableci\u00f3 contacto directo con la v\u00edctima para ofrecerle atenci\u00f3n integral a trav\u00e9s del Centro Estatal de Atenci\u00f3n Integral a Mujeres en Situaci\u00f3n de Violencia de G\u00e9nero (Ceati Mujeres), cuyos servicios son gratuitos.<\/p>\n<p>Gracias al respaldo del equipo multidisciplinario del Ceati Mujeres, se llevaron a cabo las acciones jur\u00eddicas necesarias que derivaron en la puesta a disposici\u00f3n del presunto agresor ante las autoridades competentes.<\/p>\n<p>La funcionaria destac\u00f3 que este centro atiende, en promedio, a 160 mujeres al mes, provenientes de las ocho regiones del estado, quienes reciben apoyo especializado en contextos de violencia.<\/p>\n<p>Asimismo, el equipo legal integr\u00f3 la carpeta de investigaci\u00f3n con los elementos suficientes para lograr la aprehensi\u00f3n del imputado.<\/p>\n<p>El proceso jur\u00eddico contin\u00faa, por lo que en los pr\u00f3ximos d\u00edas se realizar\u00e1n las audiencias correspondientes, con el prop\u00f3sito de obtener la vinculaci\u00f3n a proceso y garantizar la reparaci\u00f3n del da\u00f1o a la v\u00edctima.<\/p>\n<p style=\"text-align: center\"><strong>-0-<\/strong><\/p>\n<p>&nbsp;<\/p>\n","protected":false},"excerpt":{"rendered":"<p>Oaxaca de Ju\u00e1rez, Oax., 29 de abril de 2026.\u2013 La Secretar\u00eda de las Mujeres brinda acompa\u00f1amiento legal y psicol\u00f3gico con perspectiva de g\u00e9nero a E.G.L., quien denunci\u00f3 violencia familiar presuntamente cometida por su pareja, R.R.G., detenido este martes por la Fiscal\u00eda General del Estado de Oaxaca (FGEO). Desde el pasado 25 de marzo, la titular [&hellip;]<\/p>\n","protected":false},"author":29,"featured_media":176125,"comment_status":"open","ping_status":"open","sticky":false,"template":"","format":"standard","meta":{"episode_type":"","audio_file":"","podmotor_file_id":"","podmotor_episode_id":"","cover_image":"","cover_image_id":"","duration":"","filesize":"","filesize_raw":"","date_recorded":"","explicit":"","block":"","itunes_episode_number":"","itunes_title":"","itunes_season_number":"","itunes_episode_type":"","footnotes":""},"categories":[8],"tags":[1525],"class_list":["post-176124","post","type-post","status-publish","format-standard","has-post-thumbnail","hentry","category-noticias","tag-ceati-mujeres"],"acf":[],"publishpress_future_action":{"enabled":false,"date":"2026-05-08 11:14:27","action":"change-status","newStatus":"draft","terms":[],"taxonomy":"category","extraData":[]},"publishpress_future_workflow_manual_trigger":{"enabledWorkflows":[]},"_links":{"self":[{"href":"https:\/\/www.oaxaca.gob.mx\/comunicacion\/wp-json\/wp\/v2\/posts\/176124","targetHints":{"allow":["GET"]}}],"collection":[{"href":"https:\/\/www.oaxaca.gob.mx\/comunicacion\/wp-json\/wp\/v2\/posts"}],"about":[{"href":"https:\/\/www.oaxaca.gob.mx\/comunicacion\/wp-json\/wp\/v2\/types\/post"}],"author":[{"embeddable":true,"href":"https:\/\/www.oaxaca.gob.mx\/comunicacion\/wp-json\/wp\/v2\/users\/29"}],"replies":[{"embeddable":true,"href":"https:\/\/www.oaxaca.gob.mx\/comunicacion\/wp-json\/wp\/v2\/comments?post=176124"}],"version-history":[{"count":1,"href":"https:\/\/www.oaxaca.gob.mx\/comunicacion\/wp-json\/wp\/v2\/posts\/176124\/revisions"}],"predecessor-version":[{"id":176126,"href":"https:\/\/www.oaxaca.gob.mx\/comunicacion\/wp-json\/wp\/v2\/posts\/176124\/revisions\/176126"}],"wp:featuredmedia":[{"embeddable":true,"href":"https:\/\/www.oaxaca.gob.mx\/comunicacion\/wp-json\/wp\/v2\/media\/176125"}],"wp:attachment":[{"href":"https:\/\/www.oaxaca.gob.mx\/comunicacion\/wp-json\/wp\/v2\/media?parent=176124"}],"wp:term":[{"taxonomy":"category","embeddable":true,"href":"https:\/\/www.oaxaca.gob.mx\/comunicacion\/wp-json\/wp\/v2\/categories?post=176124"},{"taxonomy":"post_tag","embeddable":true,"href":"https:\/\/www.oaxaca.gob.mx\/comunicacion\/wp-json\/wp\/v2\/tags?post=176124"}],"curies":[{"name":"wp","href":"https:\/\/api.w.org\/{rel}","templated":true}]}}