{"id":176118,"date":"2026-04-29T12:05:04","date_gmt":"2026-04-29T18:05:04","guid":{"rendered":"https:\/\/www.oaxaca.gob.mx\/comunicacion\/?p=176118"},"modified":"2026-04-29T12:05:04","modified_gmt":"2026-04-29T18:05:04","slug":"falsa-supuesta-clausura-de-clinica-privada-que-suministraba-sueros-vitaminados-en-la-capital-oaxaquena-sso","status":"publish","type":"post","link":"https:\/\/www.oaxaca.gob.mx\/comunicacion\/falsa-supuesta-clausura-de-clinica-privada-que-suministraba-sueros-vitaminados-en-la-capital-oaxaquena-sso\/","title":{"rendered":"Falsa supuesta clausura de cl\u00ednica privada que suministraba sueros vitaminados en la capital oaxaque\u00f1a: SSO"},"content":{"rendered":"<p><strong>Oaxaca de Ju\u00e1rez, Oax., 29 de abril de 2026.-<\/strong> Ante la informaci\u00f3n que circula en medios de comunicaci\u00f3n y redes sociales acerca de la supuesta clausura de una cl\u00ednica privada en la colonia Am\u00e9rica Sur de la capital oaxaque\u00f1a, en la que se aplicaban v\u00eda intravenosa sueros vitaminados, Servicios de Salud de Oaxaca (SSO) aclara que no ha realizado tal procedimiento administrativo.<\/p>\n<p>Sin embargo, informa que realiza de manera peri\u00f3dica supervisiones en establecimientos para vigilar que su funcionamiento se apegue a la normatividad vigente y cuente con los permisos para prestar servicios a la poblaci\u00f3n.<\/p>\n<p>Por tanto, SSO reitera el llamado a la poblaci\u00f3n para evitar automedicarse y ante cualquier malestar, es necesario acudir a la unidad m\u00e9dica m\u00e1s cercana.<\/p>\n<p style=\"text-align: center\"><strong>-0-<\/strong><\/p>\n","protected":false},"excerpt":{"rendered":"<p>Oaxaca de Ju\u00e1rez, Oax., 29 de abril de 2026.- Ante la informaci\u00f3n que circula en medios de comunicaci\u00f3n y redes sociales acerca de la supuesta clausura de una cl\u00ednica privada en la colonia Am\u00e9rica Sur de la capital oaxaque\u00f1a, en la que se aplicaban v\u00eda intravenosa sueros vitaminados, Servicios de Salud de Oaxaca (SSO) aclara [&hellip;]<\/p>\n","protected":false},"author":29,"featured_media":176119,"comment_status":"open","ping_status":"open","sticky":false,"template":"","format":"standard","meta":{"episode_type":"","audio_file":"","podmotor_file_id":"","podmotor_episode_id":"","cover_image":"","cover_image_id":"","duration":"","filesize":"","filesize_raw":"","date_recorded":"","explicit":"","block":"","itunes_episode_number":"","itunes_title":"","itunes_season_number":"","itunes_episode_type":"","footnotes":""},"categories":[8],"tags":[419],"class_list":["post-176118","post","type-post","status-publish","format-standard","has-post-thumbnail","hentry","category-noticias","tag-sso"],"acf":[],"publishpress_future_action":{"enabled":false,"date":"2026-05-08 11:14:38","action":"change-status","newStatus":"draft","terms":[],"taxonomy":"category","extraData":[]},"publishpress_future_workflow_manual_trigger":{"enabledWorkflows":[]},"_links":{"self":[{"href":"https:\/\/www.oaxaca.gob.mx\/comunicacion\/wp-json\/wp\/v2\/posts\/176118","targetHints":{"allow":["GET"]}}],"collection":[{"href":"https:\/\/www.oaxaca.gob.mx\/comunicacion\/wp-json\/wp\/v2\/posts"}],"about":[{"href":"https:\/\/www.oaxaca.gob.mx\/comunicacion\/wp-json\/wp\/v2\/types\/post"}],"author":[{"embeddable":true,"href":"https:\/\/www.oaxaca.gob.mx\/comunicacion\/wp-json\/wp\/v2\/users\/29"}],"replies":[{"embeddable":true,"href":"https:\/\/www.oaxaca.gob.mx\/comunicacion\/wp-json\/wp\/v2\/comments?post=176118"}],"version-history":[{"count":1,"href":"https:\/\/www.oaxaca.gob.mx\/comunicacion\/wp-json\/wp\/v2\/posts\/176118\/revisions"}],"predecessor-version":[{"id":176120,"href":"https:\/\/www.oaxaca.gob.mx\/comunicacion\/wp-json\/wp\/v2\/posts\/176118\/revisions\/176120"}],"wp:featuredmedia":[{"embeddable":true,"href":"https:\/\/www.oaxaca.gob.mx\/comunicacion\/wp-json\/wp\/v2\/media\/176119"}],"wp:attachment":[{"href":"https:\/\/www.oaxaca.gob.mx\/comunicacion\/wp-json\/wp\/v2\/media?parent=176118"}],"wp:term":[{"taxonomy":"category","embeddable":true,"href":"https:\/\/www.oaxaca.gob.mx\/comunicacion\/wp-json\/wp\/v2\/categories?post=176118"},{"taxonomy":"post_tag","embeddable":true,"href":"https:\/\/www.oaxaca.gob.mx\/comunicacion\/wp-json\/wp\/v2\/tags?post=176118"}],"curies":[{"name":"wp","href":"https:\/\/api.w.org\/{rel}","templated":true}]}}