{"id":176099,"date":"2026-04-29T10:57:48","date_gmt":"2026-04-29T16:57:48","guid":{"rendered":"https:\/\/www.oaxaca.gob.mx\/comunicacion\/?p=176099"},"modified":"2026-04-29T10:59:19","modified_gmt":"2026-04-29T16:59:19","slug":"inaugura-salomon-jara-mundialito-escolar-oaxaca-2026","status":"publish","type":"post","link":"https:\/\/www.oaxaca.gob.mx\/comunicacion\/inaugura-salomon-jara-mundialito-escolar-oaxaca-2026\/","title":{"rendered":"Inaugura Salom\u00f3n Jara Mundialito Escolar Oaxaca 2026"},"content":{"rendered":"<div class=\"su-heading su-heading-style-default su-heading-align-center\" id=\"\" style=\"font-size:13px;margin-bottom:20px\"><div class=\"su-heading-inner\">La competencia se celebrar\u00e1 previo al Mundial de F\u00fatbol 2026 para acercar el deporte a espacios p\u00fablicos.<\/div><\/div>\n<div class=\"su-heading su-heading-style-default su-heading-align-center\" id=\"\" style=\"font-size:13px;margin-bottom:20px\"><div class=\"su-heading-inner\">A nivel nacional participan 25 mil escuelas y m\u00e1s de 125 mil equipos.<\/div><\/div>\n<p><strong>Oaxaca de Ju\u00e1rez, Oax. 29 de abril de 2026.-<\/strong> El Gobernador Salom\u00f3n Jara Cruz inaugur\u00f3 en el Parque Primavera Oaxaque\u00f1a el inicio de la etapa estatal del Mundialito Escolar Oaxaca 2026, una justa deportiva impulsada desde el Gobierno de M\u00e9xico para fomentar la actividad f\u00edsica entre las ni\u00f1as, ni\u00f1os y j\u00f3venes de toda la naci\u00f3n.<\/p>\n<p>La competencia ser\u00e1 celebrada en el marco del Mundial de F\u00fatbol 2026, para acercar el deporte a los espacios p\u00fablicos en cada estado, m\u00e1s all\u00e1 de los partidos que se celebrar\u00e1n durante los meses de junio y julio.<\/p>\n<p>Al encabezar el evento, el Mandatario Estatal destac\u00f3 que esta es una oportunidad para ense\u00f1ar a las infancias y juventudes que la cancha es una parte integral de la educaci\u00f3n, y que a trav\u00e9s del deporte se aprenden valores como el respeto, la solidaridad y la cooperaci\u00f3n.<\/p>\n<div class=\"su-quote su-quote-style-default\"><div class=\"su-quote-inner su-u-clearfix su-u-trim\">\u201cEn Oaxaca creemos en el deporte como una herramienta para construir la paz y en la educaci\u00f3n como un camino para transformar las realidades; creemos en ustedes, en su talento y capacidad para hacer de nuestro estado un lugar m\u00e1s justo y fuerte\u201d, declar\u00f3 al dirigirse a las y los participantes de este torneo.<\/div><\/div>\n<p>Por su parte, el director del Instituto Estatal de Educaci\u00f3n P\u00fablica de Oaxaca (IEEPO), Emilio Montero P\u00e9rez, detall\u00f3 que, como resultado de un trabajo coordinado, el Mundialito Escolar, a nivel nacional, cuenta con la participaci\u00f3n de 25 mil escuelas y m\u00e1s de 125 mil equipos femeniles y varoniles.<\/p>\n<p>Finalmente, y para guardar el esp\u00edritu deportivo y de sana competencia, se dio el juramento al juego limpio a cargo de la alumna Aime\u00e9 Juliana de la Cruz Moar; en tanto, el juramento deportivo de los jueces, enunciado por el delegado de la Asociaci\u00f3n de Arbitraje de F\u00fatbol Amateur del Estado de Oaxaca, Jael Alc\u00e1ntara Maldonado.<\/p>\n<p style=\"text-align: center\"><strong>-0-<\/strong><\/p>\n<div class=\"su-image-carousel  su-image-carousel-has-spacing su-image-carousel-crop su-image-carousel-crop-16-10 su-image-carousel-has-outline su-image-carousel-adaptive su-image-carousel-slides-style-minimal su-image-carousel-controls-style-dark su-image-carousel-align-center\" style=\"\" data-flickity-options='{\"groupCells\":true,\"cellSelector\":\".su-image-carousel-item\",\"adaptiveHeight\":false,\"cellAlign\":\"left\",\"prevNextButtons\":true,\"pageDots\":true,\"autoPlay\":5000,\"imagesLoaded\":true,\"contain\":true,\"selectedAttraction\":0.025,\"friction\":0.28}' id=\"su_image_carousel_69f291cd03310\"><div class=\"su-image-carousel-item\"><div class=\"su-image-carousel-item-content\"><img loading=\"lazy\" decoding=\"async\" width=\"1024\" height=\"684\" src=\"https:\/\/www.oaxaca.gob.mx\/comunicacion\/wp-content\/uploads\/sites\/28\/2026\/04\/a999d7f1-707f-412f-923a-1d368d78c4e1-1024x684.jpeg\" class=\"\" alt=\"\" srcset=\"https:\/\/www.oaxaca.gob.mx\/comunicacion\/wp-content\/uploads\/sites\/28\/2026\/04\/a999d7f1-707f-412f-923a-1d368d78c4e1-1024x684.jpeg 1024w, https:\/\/www.oaxaca.gob.mx\/comunicacion\/wp-content\/uploads\/sites\/28\/2026\/04\/a999d7f1-707f-412f-923a-1d368d78c4e1-300x200.jpeg 300w, https:\/\/www.oaxaca.gob.mx\/comunicacion\/wp-content\/uploads\/sites\/28\/2026\/04\/a999d7f1-707f-412f-923a-1d368d78c4e1-768x513.jpeg 768w, https:\/\/www.oaxaca.gob.mx\/comunicacion\/wp-content\/uploads\/sites\/28\/2026\/04\/a999d7f1-707f-412f-923a-1d368d78c4e1.jpeg 1200w\" sizes=\"auto, (max-width: 1024px) 100vw, 1024px\" \/><\/div><\/div><div class=\"su-image-carousel-item\"><div class=\"su-image-carousel-item-content\"><img loading=\"lazy\" decoding=\"async\" width=\"1024\" height=\"683\" src=\"https:\/\/www.oaxaca.gob.mx\/comunicacion\/wp-content\/uploads\/sites\/28\/2026\/04\/WhatsApp-Image-2026-04-29-at-10.56.00-1024x683.jpeg\" class=\"\" alt=\"\" srcset=\"https:\/\/www.oaxaca.gob.mx\/comunicacion\/wp-content\/uploads\/sites\/28\/2026\/04\/WhatsApp-Image-2026-04-29-at-10.56.00-1024x683.jpeg 1024w, https:\/\/www.oaxaca.gob.mx\/comunicacion\/wp-content\/uploads\/sites\/28\/2026\/04\/WhatsApp-Image-2026-04-29-at-10.56.00-300x200.jpeg 300w, https:\/\/www.oaxaca.gob.mx\/comunicacion\/wp-content\/uploads\/sites\/28\/2026\/04\/WhatsApp-Image-2026-04-29-at-10.56.00-768x512.jpeg 768w, https:\/\/www.oaxaca.gob.mx\/comunicacion\/wp-content\/uploads\/sites\/28\/2026\/04\/WhatsApp-Image-2026-04-29-at-10.56.00.jpeg 1280w\" sizes=\"auto, (max-width: 1024px) 100vw, 1024px\" \/><\/div><\/div><div class=\"su-image-carousel-item\"><div class=\"su-image-carousel-item-content\"><img loading=\"lazy\" decoding=\"async\" width=\"1024\" height=\"684\" src=\"https:\/\/www.oaxaca.gob.mx\/comunicacion\/wp-content\/uploads\/sites\/28\/2026\/04\/28536673-c5cd-4c73-bba8-bf9d5ceb7fd5-1024x684.jpeg\" class=\"\" alt=\"\" srcset=\"https:\/\/www.oaxaca.gob.mx\/comunicacion\/wp-content\/uploads\/sites\/28\/2026\/04\/28536673-c5cd-4c73-bba8-bf9d5ceb7fd5-1024x684.jpeg 1024w, https:\/\/www.oaxaca.gob.mx\/comunicacion\/wp-content\/uploads\/sites\/28\/2026\/04\/28536673-c5cd-4c73-bba8-bf9d5ceb7fd5-300x200.jpeg 300w, https:\/\/www.oaxaca.gob.mx\/comunicacion\/wp-content\/uploads\/sites\/28\/2026\/04\/28536673-c5cd-4c73-bba8-bf9d5ceb7fd5-768x513.jpeg 768w, https:\/\/www.oaxaca.gob.mx\/comunicacion\/wp-content\/uploads\/sites\/28\/2026\/04\/28536673-c5cd-4c73-bba8-bf9d5ceb7fd5.jpeg 1200w\" sizes=\"auto, (max-width: 1024px) 100vw, 1024px\" \/><\/div><\/div><div class=\"su-image-carousel-item\"><div class=\"su-image-carousel-item-content\"><img loading=\"lazy\" decoding=\"async\" width=\"1024\" height=\"684\" src=\"https:\/\/www.oaxaca.gob.mx\/comunicacion\/wp-content\/uploads\/sites\/28\/2026\/04\/8ee50882-7ea9-45d5-b8f4-803f1ac8fc89-1024x684.jpeg\" class=\"\" alt=\"\" srcset=\"https:\/\/www.oaxaca.gob.mx\/comunicacion\/wp-content\/uploads\/sites\/28\/2026\/04\/8ee50882-7ea9-45d5-b8f4-803f1ac8fc89-1024x684.jpeg 1024w, https:\/\/www.oaxaca.gob.mx\/comunicacion\/wp-content\/uploads\/sites\/28\/2026\/04\/8ee50882-7ea9-45d5-b8f4-803f1ac8fc89-300x200.jpeg 300w, https:\/\/www.oaxaca.gob.mx\/comunicacion\/wp-content\/uploads\/sites\/28\/2026\/04\/8ee50882-7ea9-45d5-b8f4-803f1ac8fc89-768x513.jpeg 768w, https:\/\/www.oaxaca.gob.mx\/comunicacion\/wp-content\/uploads\/sites\/28\/2026\/04\/8ee50882-7ea9-45d5-b8f4-803f1ac8fc89.jpeg 1200w\" sizes=\"auto, (max-width: 1024px) 100vw, 1024px\" \/><\/div><\/div><div class=\"su-image-carousel-item\"><div class=\"su-image-carousel-item-content\"><img loading=\"lazy\" decoding=\"async\" width=\"1024\" height=\"684\" src=\"https:\/\/www.oaxaca.gob.mx\/comunicacion\/wp-content\/uploads\/sites\/28\/2026\/04\/02067b58-05ac-4b7c-b5be-5bfe8df3f522-1024x684.jpeg\" class=\"\" alt=\"\" srcset=\"https:\/\/www.oaxaca.gob.mx\/comunicacion\/wp-content\/uploads\/sites\/28\/2026\/04\/02067b58-05ac-4b7c-b5be-5bfe8df3f522-1024x684.jpeg 1024w, https:\/\/www.oaxaca.gob.mx\/comunicacion\/wp-content\/uploads\/sites\/28\/2026\/04\/02067b58-05ac-4b7c-b5be-5bfe8df3f522-300x200.jpeg 300w, https:\/\/www.oaxaca.gob.mx\/comunicacion\/wp-content\/uploads\/sites\/28\/2026\/04\/02067b58-05ac-4b7c-b5be-5bfe8df3f522-768x513.jpeg 768w, https:\/\/www.oaxaca.gob.mx\/comunicacion\/wp-content\/uploads\/sites\/28\/2026\/04\/02067b58-05ac-4b7c-b5be-5bfe8df3f522.jpeg 1200w\" sizes=\"auto, (max-width: 1024px) 100vw, 1024px\" \/><\/div><\/div><div class=\"su-image-carousel-item\"><div class=\"su-image-carousel-item-content\"><img loading=\"lazy\" decoding=\"async\" width=\"1024\" height=\"683\" src=\"https:\/\/www.oaxaca.gob.mx\/comunicacion\/wp-content\/uploads\/sites\/28\/2026\/04\/WhatsApp-Image-2026-04-29-at-10.56.52-1024x683.jpeg\" class=\"\" alt=\"\" srcset=\"https:\/\/www.oaxaca.gob.mx\/comunicacion\/wp-content\/uploads\/sites\/28\/2026\/04\/WhatsApp-Image-2026-04-29-at-10.56.52-1024x683.jpeg 1024w, https:\/\/www.oaxaca.gob.mx\/comunicacion\/wp-content\/uploads\/sites\/28\/2026\/04\/WhatsApp-Image-2026-04-29-at-10.56.52-300x200.jpeg 300w, https:\/\/www.oaxaca.gob.mx\/comunicacion\/wp-content\/uploads\/sites\/28\/2026\/04\/WhatsApp-Image-2026-04-29-at-10.56.52-768x512.jpeg 768w, https:\/\/www.oaxaca.gob.mx\/comunicacion\/wp-content\/uploads\/sites\/28\/2026\/04\/WhatsApp-Image-2026-04-29-at-10.56.52.jpeg 1280w\" sizes=\"auto, (max-width: 1024px) 100vw, 1024px\" \/><\/div><\/div><div class=\"su-image-carousel-item\"><div class=\"su-image-carousel-item-content\"><img loading=\"lazy\" decoding=\"async\" width=\"1024\" height=\"684\" src=\"https:\/\/www.oaxaca.gob.mx\/comunicacion\/wp-content\/uploads\/sites\/28\/2026\/04\/759b8854-fc1d-4afc-a18d-415d80e625e3-1024x684.jpeg\" class=\"\" alt=\"\" srcset=\"https:\/\/www.oaxaca.gob.mx\/comunicacion\/wp-content\/uploads\/sites\/28\/2026\/04\/759b8854-fc1d-4afc-a18d-415d80e625e3-1024x684.jpeg 1024w, https:\/\/www.oaxaca.gob.mx\/comunicacion\/wp-content\/uploads\/sites\/28\/2026\/04\/759b8854-fc1d-4afc-a18d-415d80e625e3-300x200.jpeg 300w, https:\/\/www.oaxaca.gob.mx\/comunicacion\/wp-content\/uploads\/sites\/28\/2026\/04\/759b8854-fc1d-4afc-a18d-415d80e625e3-768x513.jpeg 768w, https:\/\/www.oaxaca.gob.mx\/comunicacion\/wp-content\/uploads\/sites\/28\/2026\/04\/759b8854-fc1d-4afc-a18d-415d80e625e3.jpeg 1200w\" sizes=\"auto, (max-width: 1024px) 100vw, 1024px\" \/><\/div><\/div><\/div><script id=\"su_image_carousel_69f291cd03310_script\">if(window.SUImageCarousel){setTimeout(function() {window.SUImageCarousel.initGallery(document.getElementById(\"su_image_carousel_69f291cd03310\"))}, 0);}var su_image_carousel_69f291cd03310_script=document.getElementById(\"su_image_carousel_69f291cd03310_script\");if(su_image_carousel_69f291cd03310_script){su_image_carousel_69f291cd03310_script.parentNode.removeChild(su_image_carousel_69f291cd03310_script);}<\/script>\n","protected":false},"excerpt":{"rendered":"<p>Oaxaca de Ju\u00e1rez, Oax. 29 de abril de 2026.- El Gobernador Salom\u00f3n Jara Cruz inaugur\u00f3 en el Parque Primavera Oaxaque\u00f1a el inicio de la etapa estatal del Mundialito Escolar Oaxaca 2026, una justa deportiva impulsada desde el Gobierno de M\u00e9xico para fomentar la actividad f\u00edsica entre las ni\u00f1as, ni\u00f1os y j\u00f3venes de toda la naci\u00f3n. [&hellip;]<\/p>\n","protected":false},"author":29,"featured_media":176102,"comment_status":"open","ping_status":"open","sticky":false,"template":"","format":"standard","meta":{"episode_type":"","audio_file":"","podmotor_file_id":"","podmotor_episode_id":"","cover_image":"","cover_image_id":"","duration":"","filesize":"","filesize_raw":"","date_recorded":"","explicit":"","block":"","itunes_episode_number":"","itunes_title":"","itunes_season_number":"","itunes_episode_type":"","footnotes":""},"categories":[7],"tags":[647],"class_list":["post-176099","post","type-post","status-publish","format-standard","has-post-thumbnail","hentry","category-slide","tag-salomon-jara-cruz"],"acf":[],"publishpress_future_action":{"enabled":false,"date":"2026-05-06 17:18:37","action":"change-status","newStatus":"draft","terms":[],"taxonomy":"category","extraData":[]},"publishpress_future_workflow_manual_trigger":{"enabledWorkflows":[]},"_links":{"self":[{"href":"https:\/\/www.oaxaca.gob.mx\/comunicacion\/wp-json\/wp\/v2\/posts\/176099","targetHints":{"allow":["GET"]}}],"collection":[{"href":"https:\/\/www.oaxaca.gob.mx\/comunicacion\/wp-json\/wp\/v2\/posts"}],"about":[{"href":"https:\/\/www.oaxaca.gob.mx\/comunicacion\/wp-json\/wp\/v2\/types\/post"}],"author":[{"embeddable":true,"href":"https:\/\/www.oaxaca.gob.mx\/comunicacion\/wp-json\/wp\/v2\/users\/29"}],"replies":[{"embeddable":true,"href":"https:\/\/www.oaxaca.gob.mx\/comunicacion\/wp-json\/wp\/v2\/comments?post=176099"}],"version-history":[{"count":2,"href":"https:\/\/www.oaxaca.gob.mx\/comunicacion\/wp-json\/wp\/v2\/posts\/176099\/revisions"}],"predecessor-version":[{"id":176109,"href":"https:\/\/www.oaxaca.gob.mx\/comunicacion\/wp-json\/wp\/v2\/posts\/176099\/revisions\/176109"}],"wp:featuredmedia":[{"embeddable":true,"href":"https:\/\/www.oaxaca.gob.mx\/comunicacion\/wp-json\/wp\/v2\/media\/176102"}],"wp:attachment":[{"href":"https:\/\/www.oaxaca.gob.mx\/comunicacion\/wp-json\/wp\/v2\/media?parent=176099"}],"wp:term":[{"taxonomy":"category","embeddable":true,"href":"https:\/\/www.oaxaca.gob.mx\/comunicacion\/wp-json\/wp\/v2\/categories?post=176099"},{"taxonomy":"post_tag","embeddable":true,"href":"https:\/\/www.oaxaca.gob.mx\/comunicacion\/wp-json\/wp\/v2\/tags?post=176099"}],"curies":[{"name":"wp","href":"https:\/\/api.w.org\/{rel}","templated":true}]}}