{"id":176093,"date":"2026-04-29T09:33:32","date_gmt":"2026-04-29T15:33:32","guid":{"rendered":"https:\/\/www.oaxaca.gob.mx\/comunicacion\/?p=176093"},"modified":"2026-04-29T09:33:32","modified_gmt":"2026-04-29T15:33:32","slug":"se-mantiene-ambiente-seco-y-caluroso-en-diversas-regiones-de-oaxaca","status":"publish","type":"post","link":"https:\/\/www.oaxaca.gob.mx\/comunicacion\/se-mantiene-ambiente-seco-y-caluroso-en-diversas-regiones-de-oaxaca\/","title":{"rendered":"Se mantiene ambiente seco y caluroso en diversas regiones de Oaxaca"},"content":{"rendered":"<div class=\"su-heading su-heading-style-default su-heading-align-center\" id=\"\" style=\"font-size:13px;margin-bottom:20px\"><div class=\"su-heading-inner\">Los valores m\u00e1s extremos se registrar\u00e1n en algunos municipios de las regiones de la Costa, Istmo, Sierra Sur y Cuenca del Papaloapan <\/div><\/div>\n<p><strong>Oaxaca de Ju\u00e1rez, Oax. 29 de abril de 2026.-<\/strong> La Coordinaci\u00f3n Estatal de Protecci\u00f3n Civil y Gesti\u00f3n de Riesgos (CEPCyGR) informa que una circulaci\u00f3n anticicl\u00f3nica en niveles medios de la atm\u00f3sfera continuar\u00e1 con influencia directa sobre gran parte del territorio nacional, generando condiciones de ambiente seco, baja probabilidad de lluvias y temperaturas de calurosas a muy calurosas en gran parte del estado.<\/p>\n<p>De acuerdo con el pron\u00f3stico del tiempo emitido por la Comisi\u00f3n Nacional del Agua (Conagua), los valores m\u00e1s extremos se registrar\u00e1n en algunos municipios de las regiones de la Costa, Istmo, Sierra Sur y Cuenca del Papaloapan, asociados con periodos de bochorno durante horas vespertinas.<\/p>\n<p>Adem\u00e1s, se prev\u00e9 muy alta radiaci\u00f3n solar durante las horas centrales del d\u00eda, por lo que se recomienda a la poblaci\u00f3n tomar precauciones ante la exposici\u00f3n prolongada al sol.<\/p>\n<p>Asimismo, un nuevo frente fr\u00edo se aproximar\u00e1 este d\u00eda a la frontera norte de M\u00e9xico, por lo que se mantiene en vigilancia su evoluci\u00f3n y posibles efectos.<\/p>\n<p>Las temperaturas para este d\u00eda son las siguientes:<\/p>\n<p>* Valles Centrales, m\u00ednima de 15 y m\u00e1xima de 38 grados.<br \/>\n* Istmo de Tehuantepec, m\u00ednima de 23 y m\u00e1xima de 39 grados.<br \/>\n* Cuenca del Papaloapan, m\u00ednima de 20 y m\u00e1xima de 38 grados.<br \/>\n* Costa, m\u00ednima de 22 y m\u00e1xima de 37 grados.<br \/>\n* Mixteca, m\u00ednima de 15 y m\u00e1xima de 37 grados.<br \/>\n* Sierra de Flores Mag\u00f3n, m\u00ednima de 16 y m\u00e1xima de 36 grados.<br \/>\n* Sierra de Ju\u00e1rez, m\u00ednima de 14 y m\u00e1xima de 35 grados.<br \/>\n* Sierra Sur, m\u00ednima de 13 y m\u00e1xima de 36 grados.<\/p>\n<p>Se exhorta a la poblaci\u00f3n a atender las recomendaciones de Protecci\u00f3n Civil y Capitan\u00edas de Puerto, as\u00ed como a mantenerse informada de las condiciones meteorol\u00f3gicas a trav\u00e9s de los medios y redes sociales oficiales: Facebook @CEPCYGRGobOax y en X @CEPCyGR_GobOax.<\/p>\n<p style=\"text-align: center\"><strong>-0-<\/strong><\/p>\n<div class=\"su-image-carousel  su-image-carousel-has-spacing su-image-carousel-crop su-image-carousel-crop-16-10 su-image-carousel-has-outline su-image-carousel-adaptive su-image-carousel-slides-style-minimal su-image-carousel-controls-style-dark su-image-carousel-align-center\" style=\"\" data-flickity-options='{\"groupCells\":true,\"cellSelector\":\".su-image-carousel-item\",\"adaptiveHeight\":false,\"cellAlign\":\"left\",\"prevNextButtons\":true,\"pageDots\":true,\"autoPlay\":5000,\"imagesLoaded\":true,\"contain\":true,\"selectedAttraction\":0.025,\"friction\":0.28}' id=\"su_image_carousel_69f4dbf9912ff\"><div class=\"su-image-carousel-item\"><div class=\"su-image-carousel-item-content\"><img loading=\"lazy\" decoding=\"async\" width=\"1024\" height=\"768\" src=\"https:\/\/www.oaxaca.gob.mx\/comunicacion\/wp-content\/uploads\/sites\/28\/2026\/04\/Untitled-1-18-1024x768.jpeg\" class=\"\" alt=\"\" srcset=\"https:\/\/www.oaxaca.gob.mx\/comunicacion\/wp-content\/uploads\/sites\/28\/2026\/04\/Untitled-1-18-1024x768.jpeg 1024w, https:\/\/www.oaxaca.gob.mx\/comunicacion\/wp-content\/uploads\/sites\/28\/2026\/04\/Untitled-1-18-300x225.jpeg 300w, https:\/\/www.oaxaca.gob.mx\/comunicacion\/wp-content\/uploads\/sites\/28\/2026\/04\/Untitled-1-18-768x576.jpeg 768w, https:\/\/www.oaxaca.gob.mx\/comunicacion\/wp-content\/uploads\/sites\/28\/2026\/04\/Untitled-1-18.jpeg 1280w\" sizes=\"auto, (max-width: 1024px) 100vw, 1024px\" \/><\/div><\/div><\/div><script id=\"su_image_carousel_69f4dbf9912ff_script\">if(window.SUImageCarousel){setTimeout(function() {window.SUImageCarousel.initGallery(document.getElementById(\"su_image_carousel_69f4dbf9912ff\"))}, 0);}var su_image_carousel_69f4dbf9912ff_script=document.getElementById(\"su_image_carousel_69f4dbf9912ff_script\");if(su_image_carousel_69f4dbf9912ff_script){su_image_carousel_69f4dbf9912ff_script.parentNode.removeChild(su_image_carousel_69f4dbf9912ff_script);}<\/script>\n","protected":false},"excerpt":{"rendered":"<p>Oaxaca de Ju\u00e1rez, Oax. 29 de abril de 2026.- La Coordinaci\u00f3n Estatal de Protecci\u00f3n Civil y Gesti\u00f3n de Riesgos (CEPCyGR) informa que una circulaci\u00f3n anticicl\u00f3nica en niveles medios de la atm\u00f3sfera continuar\u00e1 con influencia directa sobre gran parte del territorio nacional, generando condiciones de ambiente seco, baja probabilidad de lluvias y temperaturas de calurosas a [&hellip;]<\/p>\n","protected":false},"author":29,"featured_media":176094,"comment_status":"open","ping_status":"open","sticky":false,"template":"","format":"standard","meta":{"episode_type":"","audio_file":"","podmotor_file_id":"","podmotor_episode_id":"","cover_image":"","cover_image_id":"","duration":"","filesize":"","filesize_raw":"","date_recorded":"","explicit":"","block":"","itunes_episode_number":"","itunes_title":"","itunes_season_number":"","itunes_episode_type":"","footnotes":""},"categories":[8],"tags":[744],"class_list":["post-176093","post","type-post","status-publish","format-standard","has-post-thumbnail","hentry","category-noticias","tag-cepcygr"],"acf":[],"publishpress_future_action":{"enabled":false,"date":"2026-05-08 10:59:37","action":"change-status","newStatus":"draft","terms":[],"taxonomy":"category","extraData":[]},"publishpress_future_workflow_manual_trigger":{"enabledWorkflows":[]},"_links":{"self":[{"href":"https:\/\/www.oaxaca.gob.mx\/comunicacion\/wp-json\/wp\/v2\/posts\/176093","targetHints":{"allow":["GET"]}}],"collection":[{"href":"https:\/\/www.oaxaca.gob.mx\/comunicacion\/wp-json\/wp\/v2\/posts"}],"about":[{"href":"https:\/\/www.oaxaca.gob.mx\/comunicacion\/wp-json\/wp\/v2\/types\/post"}],"author":[{"embeddable":true,"href":"https:\/\/www.oaxaca.gob.mx\/comunicacion\/wp-json\/wp\/v2\/users\/29"}],"replies":[{"embeddable":true,"href":"https:\/\/www.oaxaca.gob.mx\/comunicacion\/wp-json\/wp\/v2\/comments?post=176093"}],"version-history":[{"count":1,"href":"https:\/\/www.oaxaca.gob.mx\/comunicacion\/wp-json\/wp\/v2\/posts\/176093\/revisions"}],"predecessor-version":[{"id":176095,"href":"https:\/\/www.oaxaca.gob.mx\/comunicacion\/wp-json\/wp\/v2\/posts\/176093\/revisions\/176095"}],"wp:featuredmedia":[{"embeddable":true,"href":"https:\/\/www.oaxaca.gob.mx\/comunicacion\/wp-json\/wp\/v2\/media\/176094"}],"wp:attachment":[{"href":"https:\/\/www.oaxaca.gob.mx\/comunicacion\/wp-json\/wp\/v2\/media?parent=176093"}],"wp:term":[{"taxonomy":"category","embeddable":true,"href":"https:\/\/www.oaxaca.gob.mx\/comunicacion\/wp-json\/wp\/v2\/categories?post=176093"},{"taxonomy":"post_tag","embeddable":true,"href":"https:\/\/www.oaxaca.gob.mx\/comunicacion\/wp-json\/wp\/v2\/tags?post=176093"}],"curies":[{"name":"wp","href":"https:\/\/api.w.org\/{rel}","templated":true}]}}