{"id":176089,"date":"2026-04-28T16:58:51","date_gmt":"2026-04-28T22:58:51","guid":{"rendered":"https:\/\/www.oaxaca.gob.mx\/comunicacion\/?p=176089"},"modified":"2026-04-28T16:58:51","modified_gmt":"2026-04-28T22:58:51","slug":"harfuch-y-salomon-jara-evaluan-y-dan-seguimiento-a-trabajos-de-seguridad-en-oaxaca","status":"publish","type":"post","link":"https:\/\/www.oaxaca.gob.mx\/comunicacion\/harfuch-y-salomon-jara-evaluan-y-dan-seguimiento-a-trabajos-de-seguridad-en-oaxaca\/","title":{"rendered":"Harfuch y Salom\u00f3n Jara eval\u00faan y dan seguimiento a trabajos de seguridad en Oaxaca"},"content":{"rendered":"<div class=\"su-heading su-heading-style-default su-heading-align-center\" id=\"\" style=\"font-size:13px;margin-bottom:20px\"><div class=\"su-heading-inner\">Acuerdan la continuidad de acciones para fortalecer la seguridad en la entidad<\/div><\/div>\n<p><strong>Ciudad de M\u00e9xico, a 28 de abril de 2026.-<\/strong> El secretario de Seguridad y Protecci\u00f3n Ciudadana, Omar Garc\u00eda Harfuch, sostuvo una reuni\u00f3n con el Gobernador de Oaxaca, Salom\u00f3n Jara Cruz donde evaluaron y dieron seguimiento a las acciones de seguridad desempe\u00f1adas en la entidad.<\/p>\n<p>El titular de la Secretar\u00eda de Seguridad y Protecci\u00f3n Ciudadana (SSPC) y el Mandatario estatal dialogaron sobre los logros y alcances en este rubro, as\u00ed como las \u00e1reas de mejora para mantener, como hasta ahora, la seguridad en la entidad a favor de la ciudadan\u00eda.<\/p>\n<p>El secretario Omar Garc\u00eda Harfuch constat\u00f3 que la estrategia y acciones que se realizan desde el gobierno de Oaxaca son para brindar seguridad a todos sus habitantes y otorgar tranquilidad a cada uno de ellos para disminuir el \u00edndice delictivo en la entidad.<\/p>\n<p>Garc\u00eda Harfuch inform\u00f3 que, el estado de Oaxaca recibi\u00f3 poco m\u00e1s de 312 millones de pesos a trav\u00e9s de los fondos federales para la seguridad p\u00fablica y en coordinaci\u00f3n con el Secretariado Ejecutivo del Sistema Nacional de Seguridad P\u00fablica (SESNSP) se van a desarrollar 24 proyectos de inversi\u00f3n enfocados en fortalecer a las instituciones de seguridad y procuraci\u00f3n de justicia del estado, as\u00ed como en su profesionalizaci\u00f3n.<\/p>\n<p>El Gobernador Salom\u00f3n Jara afirm\u00f3 que Oaxaca respalda y se suma a la Estrategia Nacional de Seguridad P\u00fablica, a trav\u00e9s de un trabajo coordinado con la SSPC.<\/p>\n<p>Al finalizar la reuni\u00f3n, el secretario de Seguridad y el Gobernador de Oaxaca acordaron continuar con las acciones implementadas de la Estrategia Nacional de Seguridad en la entidad, a fin de fortalecer la seguridad en sus ocho regiones y mantener la coordinaci\u00f3n permanente con autoridades locales.<\/p>\n<p style=\"text-align: center\"><strong>-0-<\/strong><\/p>\n<div class=\"su-image-carousel  su-image-carousel-has-spacing su-image-carousel-crop su-image-carousel-crop-16-10 su-image-carousel-has-outline su-image-carousel-adaptive su-image-carousel-slides-style-minimal su-image-carousel-controls-style-dark su-image-carousel-align-center\" style=\"\" data-flickity-options='{\"groupCells\":true,\"cellSelector\":\".su-image-carousel-item\",\"adaptiveHeight\":false,\"cellAlign\":\"left\",\"prevNextButtons\":true,\"pageDots\":true,\"autoPlay\":5000,\"imagesLoaded\":true,\"contain\":true,\"selectedAttraction\":0.025,\"friction\":0.28}' id=\"su_image_carousel_69f178c99158f\"><div class=\"su-image-carousel-item\"><div class=\"su-image-carousel-item-content\"><img loading=\"lazy\" decoding=\"async\" width=\"658\" height=\"1024\" src=\"https:\/\/www.oaxaca.gob.mx\/comunicacion\/wp-content\/uploads\/sites\/28\/2026\/04\/WhatsApp-Image-2026-04-28-at-3.54.57-PM-658x1024.jpeg\" class=\"\" alt=\"\" srcset=\"https:\/\/www.oaxaca.gob.mx\/comunicacion\/wp-content\/uploads\/sites\/28\/2026\/04\/WhatsApp-Image-2026-04-28-at-3.54.57-PM-658x1024.jpeg 658w, https:\/\/www.oaxaca.gob.mx\/comunicacion\/wp-content\/uploads\/sites\/28\/2026\/04\/WhatsApp-Image-2026-04-28-at-3.54.57-PM-193x300.jpeg 193w, https:\/\/www.oaxaca.gob.mx\/comunicacion\/wp-content\/uploads\/sites\/28\/2026\/04\/WhatsApp-Image-2026-04-28-at-3.54.57-PM-768x1194.jpeg 768w, https:\/\/www.oaxaca.gob.mx\/comunicacion\/wp-content\/uploads\/sites\/28\/2026\/04\/WhatsApp-Image-2026-04-28-at-3.54.57-PM.jpeg 823w\" sizes=\"auto, (max-width: 658px) 100vw, 658px\" \/><\/div><\/div><\/div><script id=\"su_image_carousel_69f178c99158f_script\">if(window.SUImageCarousel){setTimeout(function() {window.SUImageCarousel.initGallery(document.getElementById(\"su_image_carousel_69f178c99158f\"))}, 0);}var su_image_carousel_69f178c99158f_script=document.getElementById(\"su_image_carousel_69f178c99158f_script\");if(su_image_carousel_69f178c99158f_script){su_image_carousel_69f178c99158f_script.parentNode.removeChild(su_image_carousel_69f178c99158f_script);}<\/script>\n","protected":false},"excerpt":{"rendered":"<p>Ciudad de M\u00e9xico, a 28 de abril de 2026.- El secretario de Seguridad y Protecci\u00f3n Ciudadana, Omar Garc\u00eda Harfuch, sostuvo una reuni\u00f3n con el Gobernador de Oaxaca, Salom\u00f3n Jara Cruz donde evaluaron y dieron seguimiento a las acciones de seguridad desempe\u00f1adas en la entidad. El titular de la Secretar\u00eda de Seguridad y Protecci\u00f3n Ciudadana (SSPC) [&hellip;]<\/p>\n","protected":false},"author":29,"featured_media":176090,"comment_status":"open","ping_status":"open","sticky":false,"template":"","format":"standard","meta":{"episode_type":"","audio_file":"","podmotor_file_id":"","podmotor_episode_id":"","cover_image":"","cover_image_id":"","duration":"","filesize":"","filesize_raw":"","date_recorded":"","explicit":"","block":"","itunes_episode_number":"","itunes_title":"","itunes_season_number":"","itunes_episode_type":"","footnotes":""},"categories":[7],"tags":[2240],"class_list":["post-176089","post","type-post","status-publish","format-standard","has-post-thumbnail","hentry","category-slide","tag-el-gobernador-de-oaxaca"],"acf":[],"publishpress_future_action":{"enabled":false,"date":"2026-05-05 21:19:37","action":"change-status","newStatus":"draft","terms":[],"taxonomy":"category","extraData":[]},"publishpress_future_workflow_manual_trigger":{"enabledWorkflows":[]},"_links":{"self":[{"href":"https:\/\/www.oaxaca.gob.mx\/comunicacion\/wp-json\/wp\/v2\/posts\/176089","targetHints":{"allow":["GET"]}}],"collection":[{"href":"https:\/\/www.oaxaca.gob.mx\/comunicacion\/wp-json\/wp\/v2\/posts"}],"about":[{"href":"https:\/\/www.oaxaca.gob.mx\/comunicacion\/wp-json\/wp\/v2\/types\/post"}],"author":[{"embeddable":true,"href":"https:\/\/www.oaxaca.gob.mx\/comunicacion\/wp-json\/wp\/v2\/users\/29"}],"replies":[{"embeddable":true,"href":"https:\/\/www.oaxaca.gob.mx\/comunicacion\/wp-json\/wp\/v2\/comments?post=176089"}],"version-history":[{"count":1,"href":"https:\/\/www.oaxaca.gob.mx\/comunicacion\/wp-json\/wp\/v2\/posts\/176089\/revisions"}],"predecessor-version":[{"id":176091,"href":"https:\/\/www.oaxaca.gob.mx\/comunicacion\/wp-json\/wp\/v2\/posts\/176089\/revisions\/176091"}],"wp:featuredmedia":[{"embeddable":true,"href":"https:\/\/www.oaxaca.gob.mx\/comunicacion\/wp-json\/wp\/v2\/media\/176090"}],"wp:attachment":[{"href":"https:\/\/www.oaxaca.gob.mx\/comunicacion\/wp-json\/wp\/v2\/media?parent=176089"}],"wp:term":[{"taxonomy":"category","embeddable":true,"href":"https:\/\/www.oaxaca.gob.mx\/comunicacion\/wp-json\/wp\/v2\/categories?post=176089"},{"taxonomy":"post_tag","embeddable":true,"href":"https:\/\/www.oaxaca.gob.mx\/comunicacion\/wp-json\/wp\/v2\/tags?post=176089"}],"curies":[{"name":"wp","href":"https:\/\/api.w.org\/{rel}","templated":true}]}}