{"id":176083,"date":"2026-04-28T12:31:35","date_gmt":"2026-04-28T18:31:35","guid":{"rendered":"https:\/\/www.oaxaca.gob.mx\/comunicacion\/?p=176083"},"modified":"2026-04-28T12:31:35","modified_gmt":"2026-04-28T18:31:35","slug":"promueve-policia-vial-estatal-educacion-vial-en-zipolite","status":"publish","type":"post","link":"https:\/\/www.oaxaca.gob.mx\/comunicacion\/promueve-policia-vial-estatal-educacion-vial-en-zipolite\/","title":{"rendered":"Promueve Polic\u00eda Vial Estatal, educaci\u00f3n vial en Zipolite"},"content":{"rendered":"<div class=\"su-heading su-heading-style-default su-heading-align-center\" id=\"\" style=\"font-size:13px;margin-bottom:20px\"><div class=\"su-heading-inner\">Con la participaci\u00f3n de aproximadamente 100 asistentes, se foment\u00f3 de forma l\u00fadica el respeto a las normas de tr\u00e1nsito y la seguridad vial.<\/div><\/div>\n<p><strong>Oaxaca de Ju\u00e1rez, Oax., 28 de abril de 2026.-<\/strong> Elementos de la Polic\u00eda Vial Estatal (PVE) participaron en la inauguraci\u00f3n de la Mini Ciudad Vial, realizada en el Parque de Experiencias Infantiles Zipolite, en el municipio de San Pedro Pochutla.<\/p>\n<p>A invitaci\u00f3n de la sociedad civil, las y los elementos de esta corporaci\u00f3n, as\u00ed como integrantes de la Secretar\u00eda de Seguridad y Protecci\u00f3n Ciudadana (SSPC), instalaron un circuito vial informativo, fomentando la seguridad vial desde este espacio que invita a las infancias a hacer uso de la v\u00eda p\u00fablica de manera responsable.<\/p>\n<p>En acciones de proximidad social, se promovi\u00f3 tambi\u00e9n el Programa de Fomento a la Lectura entre las ni\u00f1as y los ni\u00f1os asistentes a la jornada educativa, el cual busca fortalecer el h\u00e1bito de la lectura, as\u00ed como la cultura de la prevenci\u00f3n para evitar accidentes viales.<\/p>\n<p>El evento cont\u00f3 con una asistencia aproximada de 100 participantes, entre ni\u00f1as, ni\u00f1os y padres de familia, quienes conocieron de manera l\u00fadica y did\u00e1ctica la importancia de respetar las normas de tr\u00e1nsito y adoptar conductas responsables como peatones o conductores, fortaleciendo la cultura de la prevenci\u00f3n y la seguridad vial en la v\u00eda p\u00fablica.<\/p>\n<p style=\"text-align: center\"><strong>-0-<\/strong><\/p>\n<div class=\"su-image-carousel  su-image-carousel-has-spacing su-image-carousel-crop su-image-carousel-crop-16-10 su-image-carousel-has-outline su-image-carousel-adaptive su-image-carousel-slides-style-minimal su-image-carousel-controls-style-dark su-image-carousel-align-center\" style=\"\" data-flickity-options='{\"groupCells\":true,\"cellSelector\":\".su-image-carousel-item\",\"adaptiveHeight\":false,\"cellAlign\":\"left\",\"prevNextButtons\":true,\"pageDots\":true,\"autoPlay\":5000,\"imagesLoaded\":true,\"contain\":true,\"selectedAttraction\":0.025,\"friction\":0.28}' id=\"su_image_carousel_69f4df7f71212\"><div class=\"su-image-carousel-item\"><div class=\"su-image-carousel-item-content\"><img loading=\"lazy\" decoding=\"async\" width=\"1024\" height=\"768\" src=\"https:\/\/www.oaxaca.gob.mx\/comunicacion\/wp-content\/uploads\/sites\/28\/2026\/04\/1463e23e-7c98-499a-9c1c-6e3dee5ef7cb-1024x768.jpeg\" class=\"\" alt=\"\" srcset=\"https:\/\/www.oaxaca.gob.mx\/comunicacion\/wp-content\/uploads\/sites\/28\/2026\/04\/1463e23e-7c98-499a-9c1c-6e3dee5ef7cb-1024x768.jpeg 1024w, https:\/\/www.oaxaca.gob.mx\/comunicacion\/wp-content\/uploads\/sites\/28\/2026\/04\/1463e23e-7c98-499a-9c1c-6e3dee5ef7cb-300x225.jpeg 300w, https:\/\/www.oaxaca.gob.mx\/comunicacion\/wp-content\/uploads\/sites\/28\/2026\/04\/1463e23e-7c98-499a-9c1c-6e3dee5ef7cb-768x576.jpeg 768w, https:\/\/www.oaxaca.gob.mx\/comunicacion\/wp-content\/uploads\/sites\/28\/2026\/04\/1463e23e-7c98-499a-9c1c-6e3dee5ef7cb-1536x1152.jpeg 1536w, https:\/\/www.oaxaca.gob.mx\/comunicacion\/wp-content\/uploads\/sites\/28\/2026\/04\/1463e23e-7c98-499a-9c1c-6e3dee5ef7cb.jpeg 1600w\" sizes=\"auto, (max-width: 1024px) 100vw, 1024px\" \/><\/div><\/div><div class=\"su-image-carousel-item\"><div class=\"su-image-carousel-item-content\"><img loading=\"lazy\" decoding=\"async\" width=\"580\" height=\"383\" src=\"https:\/\/www.oaxaca.gob.mx\/comunicacion\/wp-content\/uploads\/sites\/28\/2026\/04\/f4a4967b-ab85-4cea-ac75-34a66cb8eda8.jpeg\" class=\"\" alt=\"\" srcset=\"https:\/\/www.oaxaca.gob.mx\/comunicacion\/wp-content\/uploads\/sites\/28\/2026\/04\/f4a4967b-ab85-4cea-ac75-34a66cb8eda8.jpeg 580w, https:\/\/www.oaxaca.gob.mx\/comunicacion\/wp-content\/uploads\/sites\/28\/2026\/04\/f4a4967b-ab85-4cea-ac75-34a66cb8eda8-300x198.jpeg 300w\" sizes=\"auto, (max-width: 580px) 100vw, 580px\" \/><\/div><\/div><div class=\"su-image-carousel-item\"><div class=\"su-image-carousel-item-content\"><img loading=\"lazy\" decoding=\"async\" width=\"602\" height=\"374\" src=\"https:\/\/www.oaxaca.gob.mx\/comunicacion\/wp-content\/uploads\/sites\/28\/2026\/04\/60e64135-8e86-45f4-83a3-40f88bede62c.jpeg\" class=\"\" alt=\"\" srcset=\"https:\/\/www.oaxaca.gob.mx\/comunicacion\/wp-content\/uploads\/sites\/28\/2026\/04\/60e64135-8e86-45f4-83a3-40f88bede62c.jpeg 602w, https:\/\/www.oaxaca.gob.mx\/comunicacion\/wp-content\/uploads\/sites\/28\/2026\/04\/60e64135-8e86-45f4-83a3-40f88bede62c-300x186.jpeg 300w\" sizes=\"auto, (max-width: 602px) 100vw, 602px\" \/><\/div><\/div><div class=\"su-image-carousel-item\"><div class=\"su-image-carousel-item-content\"><img loading=\"lazy\" decoding=\"async\" width=\"1024\" height=\"568\" src=\"https:\/\/www.oaxaca.gob.mx\/comunicacion\/wp-content\/uploads\/sites\/28\/2026\/04\/663d7aad-089b-438d-a908-b38c1d95275f-1024x568.jpeg\" class=\"\" alt=\"\" srcset=\"https:\/\/www.oaxaca.gob.mx\/comunicacion\/wp-content\/uploads\/sites\/28\/2026\/04\/663d7aad-089b-438d-a908-b38c1d95275f-1024x568.jpeg 1024w, https:\/\/www.oaxaca.gob.mx\/comunicacion\/wp-content\/uploads\/sites\/28\/2026\/04\/663d7aad-089b-438d-a908-b38c1d95275f-300x166.jpeg 300w, https:\/\/www.oaxaca.gob.mx\/comunicacion\/wp-content\/uploads\/sites\/28\/2026\/04\/663d7aad-089b-438d-a908-b38c1d95275f-768x426.jpeg 768w, https:\/\/www.oaxaca.gob.mx\/comunicacion\/wp-content\/uploads\/sites\/28\/2026\/04\/663d7aad-089b-438d-a908-b38c1d95275f.jpeg 1363w\" sizes=\"auto, (max-width: 1024px) 100vw, 1024px\" \/><\/div><\/div><\/div><script id=\"su_image_carousel_69f4df7f71212_script\">if(window.SUImageCarousel){setTimeout(function() {window.SUImageCarousel.initGallery(document.getElementById(\"su_image_carousel_69f4df7f71212\"))}, 0);}var su_image_carousel_69f4df7f71212_script=document.getElementById(\"su_image_carousel_69f4df7f71212_script\");if(su_image_carousel_69f4df7f71212_script){su_image_carousel_69f4df7f71212_script.parentNode.removeChild(su_image_carousel_69f4df7f71212_script);}<\/script>\n<p>&nbsp;<\/p>\n","protected":false},"excerpt":{"rendered":"<p>Oaxaca de Ju\u00e1rez, Oax., 28 de abril de 2026.- Elementos de la Polic\u00eda Vial Estatal (PVE) participaron en la inauguraci\u00f3n de la Mini Ciudad Vial, realizada en el Parque de Experiencias Infantiles Zipolite, en el municipio de San Pedro Pochutla. A invitaci\u00f3n de la sociedad civil, las y los elementos de esta corporaci\u00f3n, as\u00ed como [&hellip;]<\/p>\n","protected":false},"author":29,"featured_media":176087,"comment_status":"open","ping_status":"open","sticky":false,"template":"","format":"standard","meta":{"episode_type":"","audio_file":"","podmotor_file_id":"","podmotor_episode_id":"","cover_image":"","cover_image_id":"","duration":"","filesize":"","filesize_raw":"","date_recorded":"","explicit":"","block":"","itunes_episode_number":"","itunes_title":"","itunes_season_number":"","itunes_episode_type":"","footnotes":""},"categories":[8],"tags":[1131],"class_list":["post-176083","post","type-post","status-publish","format-standard","has-post-thumbnail","hentry","category-noticias","tag-pve"],"acf":[],"publishpress_future_action":{"enabled":false,"date":"2026-05-08 11:14:39","action":"change-status","newStatus":"draft","terms":[],"taxonomy":"category","extraData":[]},"publishpress_future_workflow_manual_trigger":{"enabledWorkflows":[]},"_links":{"self":[{"href":"https:\/\/www.oaxaca.gob.mx\/comunicacion\/wp-json\/wp\/v2\/posts\/176083","targetHints":{"allow":["GET"]}}],"collection":[{"href":"https:\/\/www.oaxaca.gob.mx\/comunicacion\/wp-json\/wp\/v2\/posts"}],"about":[{"href":"https:\/\/www.oaxaca.gob.mx\/comunicacion\/wp-json\/wp\/v2\/types\/post"}],"author":[{"embeddable":true,"href":"https:\/\/www.oaxaca.gob.mx\/comunicacion\/wp-json\/wp\/v2\/users\/29"}],"replies":[{"embeddable":true,"href":"https:\/\/www.oaxaca.gob.mx\/comunicacion\/wp-json\/wp\/v2\/comments?post=176083"}],"version-history":[{"count":2,"href":"https:\/\/www.oaxaca.gob.mx\/comunicacion\/wp-json\/wp\/v2\/posts\/176083\/revisions"}],"predecessor-version":[{"id":176092,"href":"https:\/\/www.oaxaca.gob.mx\/comunicacion\/wp-json\/wp\/v2\/posts\/176083\/revisions\/176092"}],"wp:featuredmedia":[{"embeddable":true,"href":"https:\/\/www.oaxaca.gob.mx\/comunicacion\/wp-json\/wp\/v2\/media\/176087"}],"wp:attachment":[{"href":"https:\/\/www.oaxaca.gob.mx\/comunicacion\/wp-json\/wp\/v2\/media?parent=176083"}],"wp:term":[{"taxonomy":"category","embeddable":true,"href":"https:\/\/www.oaxaca.gob.mx\/comunicacion\/wp-json\/wp\/v2\/categories?post=176083"},{"taxonomy":"post_tag","embeddable":true,"href":"https:\/\/www.oaxaca.gob.mx\/comunicacion\/wp-json\/wp\/v2\/tags?post=176083"}],"curies":[{"name":"wp","href":"https:\/\/api.w.org\/{rel}","templated":true}]}}