{"id":176075,"date":"2026-04-28T10:23:06","date_gmt":"2026-04-28T16:23:06","guid":{"rendered":"https:\/\/www.oaxaca.gob.mx\/comunicacion\/?p=176075"},"modified":"2026-04-28T10:23:06","modified_gmt":"2026-04-28T16:23:06","slug":"realiza-dif-oaxaca-foro-entre-broma-y-broma-el-acoso-se-asoma-para-promover-entornos-escolares-libres-de-violencia","status":"publish","type":"post","link":"https:\/\/www.oaxaca.gob.mx\/comunicacion\/realiza-dif-oaxaca-foro-entre-broma-y-broma-el-acoso-se-asoma-para-promover-entornos-escolares-libres-de-violencia\/","title":{"rendered":"Realiza DIF Oaxaca foro \u201cEntre broma y broma el acoso se asoma\u201d para promover entornos escolares libres de violencia"},"content":{"rendered":"<p><strong>Oaxaca de Ju\u00e1rez, Oax. 28 de abril de 2026.-<\/strong> Con la participaci\u00f3n de mil estudiantes de nivel primaria, la Presidenta Honoraria del Sistema DIF Oaxaca, Irma Bola\u00f1os Quijano present\u00f3 el foro \u201cEntre broma y broma, el acoso se asoma, di no al bullying\u201d, a fin de generar espacios de di\u00e1logo y reflexi\u00f3n que contribuyan a mejorar la protecci\u00f3n de ni\u00f1as, ni\u00f1os y adolescentes dentro de entornos educativos.<\/p>\n<p>Ante la titular del Sistema Nacional DIF (SNDIF), Mar\u00eda del Roc\u00edo Garc\u00eda P\u00e9rez, Bola\u00f1os Quijano destac\u00f3 que este programa se desarrolla en distintos municipios del estado para visibilizar conductas que con frecuencia se normalizan, as\u00ed como la necesidad de construir relaciones basadas en el respeto.<\/p>\n<div class=\"su-quote su-quote-style-default\"><div class=\"su-quote-inner su-u-clearfix su-u-trim\">\u201cEl acoso escolar no es una broma, es una forma de violencia que deja huellas profundas. La escuela debe ser un espacio seguro, donde el respeto, empat\u00eda e inclusi\u00f3n gu\u00eden nuestras acciones. No ser indiferentes tambi\u00e9n es una decisi\u00f3n, podemos elegir apoyar y hacer la diferencia\u201d, enfatiz\u00f3 desde el Parque Ju\u00e1rez El Llano, de la ciudad capital.<\/div><\/div>\n<p>En su intervenci\u00f3n, Garc\u00eda P\u00e9rez mencion\u00f3 que, los tres \u00f3rdenes de gobierno trabajan de manera coordinada para prevenir conductas antisociales desde edades tempranas y garantizar a ni\u00f1as, ni\u00f1os y adolescentes una vida integral, segura y libre de violencia en todos sus entornos, por ello, es muy importante este foro.<\/p>\n<p>En este marco, se presentaron materiales audiovisuales y testimonios en materia de prevenci\u00f3n de violencia como una herramienta para que las y los asistentes pudieran identificar, reflexionar y comprender la importancia de erradicar conductas de acoso escolar.<\/p>\n<p style=\"text-align: center\"><strong>-0-<\/strong><\/p>\n<div class=\"su-image-carousel  su-image-carousel-has-spacing su-image-carousel-crop su-image-carousel-crop-16-10 su-image-carousel-has-outline su-image-carousel-adaptive su-image-carousel-slides-style-minimal su-image-carousel-controls-style-dark su-image-carousel-align-center\" style=\"\" data-flickity-options='{\"groupCells\":true,\"cellSelector\":\".su-image-carousel-item\",\"adaptiveHeight\":false,\"cellAlign\":\"left\",\"prevNextButtons\":true,\"pageDots\":true,\"autoPlay\":5000,\"imagesLoaded\":true,\"contain\":true,\"selectedAttraction\":0.025,\"friction\":0.28}' id=\"su_image_carousel_69f38cac198a5\"><div class=\"su-image-carousel-item\"><div class=\"su-image-carousel-item-content\"><img loading=\"lazy\" decoding=\"async\" width=\"1024\" height=\"682\" src=\"https:\/\/www.oaxaca.gob.mx\/comunicacion\/wp-content\/uploads\/sites\/28\/2026\/04\/WhatsApp-Image-2026-04-28-at-10.00.20-1-1024x682.jpeg\" class=\"\" alt=\"\" srcset=\"https:\/\/www.oaxaca.gob.mx\/comunicacion\/wp-content\/uploads\/sites\/28\/2026\/04\/WhatsApp-Image-2026-04-28-at-10.00.20-1-1024x682.jpeg 1024w, https:\/\/www.oaxaca.gob.mx\/comunicacion\/wp-content\/uploads\/sites\/28\/2026\/04\/WhatsApp-Image-2026-04-28-at-10.00.20-1-300x200.jpeg 300w, https:\/\/www.oaxaca.gob.mx\/comunicacion\/wp-content\/uploads\/sites\/28\/2026\/04\/WhatsApp-Image-2026-04-28-at-10.00.20-1-768x512.jpeg 768w, https:\/\/www.oaxaca.gob.mx\/comunicacion\/wp-content\/uploads\/sites\/28\/2026\/04\/WhatsApp-Image-2026-04-28-at-10.00.20-1-1536x1023.jpeg 1536w, https:\/\/www.oaxaca.gob.mx\/comunicacion\/wp-content\/uploads\/sites\/28\/2026\/04\/WhatsApp-Image-2026-04-28-at-10.00.20-1.jpeg 1600w\" sizes=\"auto, (max-width: 1024px) 100vw, 1024px\" \/><\/div><\/div><div class=\"su-image-carousel-item\"><div class=\"su-image-carousel-item-content\"><img loading=\"lazy\" decoding=\"async\" width=\"1024\" height=\"682\" src=\"https:\/\/www.oaxaca.gob.mx\/comunicacion\/wp-content\/uploads\/sites\/28\/2026\/04\/WhatsApp-Image-2026-04-28-at-10.00.21-1024x682.jpeg\" class=\"\" alt=\"\" srcset=\"https:\/\/www.oaxaca.gob.mx\/comunicacion\/wp-content\/uploads\/sites\/28\/2026\/04\/WhatsApp-Image-2026-04-28-at-10.00.21-1024x682.jpeg 1024w, https:\/\/www.oaxaca.gob.mx\/comunicacion\/wp-content\/uploads\/sites\/28\/2026\/04\/WhatsApp-Image-2026-04-28-at-10.00.21-300x200.jpeg 300w, https:\/\/www.oaxaca.gob.mx\/comunicacion\/wp-content\/uploads\/sites\/28\/2026\/04\/WhatsApp-Image-2026-04-28-at-10.00.21-768x512.jpeg 768w, https:\/\/www.oaxaca.gob.mx\/comunicacion\/wp-content\/uploads\/sites\/28\/2026\/04\/WhatsApp-Image-2026-04-28-at-10.00.21-1536x1023.jpeg 1536w, https:\/\/www.oaxaca.gob.mx\/comunicacion\/wp-content\/uploads\/sites\/28\/2026\/04\/WhatsApp-Image-2026-04-28-at-10.00.21.jpeg 1600w\" sizes=\"auto, (max-width: 1024px) 100vw, 1024px\" \/><\/div><\/div><div class=\"su-image-carousel-item\"><div class=\"su-image-carousel-item-content\"><img loading=\"lazy\" decoding=\"async\" width=\"1024\" height=\"682\" src=\"https:\/\/www.oaxaca.gob.mx\/comunicacion\/wp-content\/uploads\/sites\/28\/2026\/04\/14c15f3f-e224-471e-969c-65f6842d9d19-1024x682.jpeg\" class=\"\" alt=\"\" srcset=\"https:\/\/www.oaxaca.gob.mx\/comunicacion\/wp-content\/uploads\/sites\/28\/2026\/04\/14c15f3f-e224-471e-969c-65f6842d9d19-1024x682.jpeg 1024w, https:\/\/www.oaxaca.gob.mx\/comunicacion\/wp-content\/uploads\/sites\/28\/2026\/04\/14c15f3f-e224-471e-969c-65f6842d9d19-300x200.jpeg 300w, https:\/\/www.oaxaca.gob.mx\/comunicacion\/wp-content\/uploads\/sites\/28\/2026\/04\/14c15f3f-e224-471e-969c-65f6842d9d19-768x512.jpeg 768w, https:\/\/www.oaxaca.gob.mx\/comunicacion\/wp-content\/uploads\/sites\/28\/2026\/04\/14c15f3f-e224-471e-969c-65f6842d9d19-1536x1023.jpeg 1536w, https:\/\/www.oaxaca.gob.mx\/comunicacion\/wp-content\/uploads\/sites\/28\/2026\/04\/14c15f3f-e224-471e-969c-65f6842d9d19.jpeg 1600w\" sizes=\"auto, (max-width: 1024px) 100vw, 1024px\" \/><\/div><\/div><div class=\"su-image-carousel-item\"><div class=\"su-image-carousel-item-content\"><img loading=\"lazy\" decoding=\"async\" width=\"1024\" height=\"682\" src=\"https:\/\/www.oaxaca.gob.mx\/comunicacion\/wp-content\/uploads\/sites\/28\/2026\/04\/WhatsApp-Image-2026-04-28-at-10.00.19-1024x682.jpeg\" class=\"\" alt=\"\" srcset=\"https:\/\/www.oaxaca.gob.mx\/comunicacion\/wp-content\/uploads\/sites\/28\/2026\/04\/WhatsApp-Image-2026-04-28-at-10.00.19-1024x682.jpeg 1024w, https:\/\/www.oaxaca.gob.mx\/comunicacion\/wp-content\/uploads\/sites\/28\/2026\/04\/WhatsApp-Image-2026-04-28-at-10.00.19-300x200.jpeg 300w, https:\/\/www.oaxaca.gob.mx\/comunicacion\/wp-content\/uploads\/sites\/28\/2026\/04\/WhatsApp-Image-2026-04-28-at-10.00.19-768x512.jpeg 768w, https:\/\/www.oaxaca.gob.mx\/comunicacion\/wp-content\/uploads\/sites\/28\/2026\/04\/WhatsApp-Image-2026-04-28-at-10.00.19-1536x1023.jpeg 1536w, https:\/\/www.oaxaca.gob.mx\/comunicacion\/wp-content\/uploads\/sites\/28\/2026\/04\/WhatsApp-Image-2026-04-28-at-10.00.19.jpeg 1600w\" sizes=\"auto, (max-width: 1024px) 100vw, 1024px\" \/><\/div><\/div><div class=\"su-image-carousel-item\"><div class=\"su-image-carousel-item-content\"><img loading=\"lazy\" decoding=\"async\" width=\"1024\" height=\"682\" src=\"https:\/\/www.oaxaca.gob.mx\/comunicacion\/wp-content\/uploads\/sites\/28\/2026\/04\/WhatsApp-Image-2026-04-28-at-10.00.21-1-1024x682.jpeg\" class=\"\" alt=\"\" srcset=\"https:\/\/www.oaxaca.gob.mx\/comunicacion\/wp-content\/uploads\/sites\/28\/2026\/04\/WhatsApp-Image-2026-04-28-at-10.00.21-1-1024x682.jpeg 1024w, https:\/\/www.oaxaca.gob.mx\/comunicacion\/wp-content\/uploads\/sites\/28\/2026\/04\/WhatsApp-Image-2026-04-28-at-10.00.21-1-300x200.jpeg 300w, https:\/\/www.oaxaca.gob.mx\/comunicacion\/wp-content\/uploads\/sites\/28\/2026\/04\/WhatsApp-Image-2026-04-28-at-10.00.21-1-768x512.jpeg 768w, https:\/\/www.oaxaca.gob.mx\/comunicacion\/wp-content\/uploads\/sites\/28\/2026\/04\/WhatsApp-Image-2026-04-28-at-10.00.21-1-1536x1023.jpeg 1536w, https:\/\/www.oaxaca.gob.mx\/comunicacion\/wp-content\/uploads\/sites\/28\/2026\/04\/WhatsApp-Image-2026-04-28-at-10.00.21-1.jpeg 1600w\" sizes=\"auto, (max-width: 1024px) 100vw, 1024px\" \/><\/div><\/div><div class=\"su-image-carousel-item\"><div class=\"su-image-carousel-item-content\"><img loading=\"lazy\" decoding=\"async\" width=\"1024\" height=\"682\" src=\"https:\/\/www.oaxaca.gob.mx\/comunicacion\/wp-content\/uploads\/sites\/28\/2026\/04\/WhatsApp-Image-2026-04-28-at-10.00.20-1024x682.jpeg\" class=\"\" alt=\"\" srcset=\"https:\/\/www.oaxaca.gob.mx\/comunicacion\/wp-content\/uploads\/sites\/28\/2026\/04\/WhatsApp-Image-2026-04-28-at-10.00.20-1024x682.jpeg 1024w, https:\/\/www.oaxaca.gob.mx\/comunicacion\/wp-content\/uploads\/sites\/28\/2026\/04\/WhatsApp-Image-2026-04-28-at-10.00.20-300x200.jpeg 300w, https:\/\/www.oaxaca.gob.mx\/comunicacion\/wp-content\/uploads\/sites\/28\/2026\/04\/WhatsApp-Image-2026-04-28-at-10.00.20-768x512.jpeg 768w, https:\/\/www.oaxaca.gob.mx\/comunicacion\/wp-content\/uploads\/sites\/28\/2026\/04\/WhatsApp-Image-2026-04-28-at-10.00.20-1536x1023.jpeg 1536w, https:\/\/www.oaxaca.gob.mx\/comunicacion\/wp-content\/uploads\/sites\/28\/2026\/04\/WhatsApp-Image-2026-04-28-at-10.00.20.jpeg 1600w\" sizes=\"auto, (max-width: 1024px) 100vw, 1024px\" \/><\/div><\/div><\/div><script id=\"su_image_carousel_69f38cac198a5_script\">if(window.SUImageCarousel){setTimeout(function() {window.SUImageCarousel.initGallery(document.getElementById(\"su_image_carousel_69f38cac198a5\"))}, 0);}var su_image_carousel_69f38cac198a5_script=document.getElementById(\"su_image_carousel_69f38cac198a5_script\");if(su_image_carousel_69f38cac198a5_script){su_image_carousel_69f38cac198a5_script.parentNode.removeChild(su_image_carousel_69f38cac198a5_script);}<\/script>\n","protected":false},"excerpt":{"rendered":"<p>Oaxaca de Ju\u00e1rez, Oax. 28 de abril de 2026.- Con la participaci\u00f3n de mil estudiantes de nivel primaria, la Presidenta Honoraria del Sistema DIF Oaxaca, Irma Bola\u00f1os Quijano present\u00f3 el foro \u201cEntre broma y broma, el acoso se asoma, di no al bullying\u201d, a fin de generar espacios de di\u00e1logo y reflexi\u00f3n que contribuyan a [&hellip;]<\/p>\n","protected":false},"author":29,"featured_media":176079,"comment_status":"open","ping_status":"open","sticky":false,"template":"","format":"standard","meta":{"episode_type":"","audio_file":"","podmotor_file_id":"","podmotor_episode_id":"","cover_image":"","cover_image_id":"","duration":"","filesize":"","filesize_raw":"","date_recorded":"","explicit":"","block":"","itunes_episode_number":"","itunes_title":"","itunes_season_number":"","itunes_episode_type":"","footnotes":""},"categories":[6],"tags":[567],"class_list":["post-176075","post","type-post","status-publish","format-standard","has-post-thumbnail","hentry","category-destacado","tag-dif-oaxaca"],"acf":[],"publishpress_future_action":{"enabled":false,"date":"2026-05-07 11:09:00","action":"change-status","newStatus":"draft","terms":[],"taxonomy":"category","extraData":[]},"publishpress_future_workflow_manual_trigger":{"enabledWorkflows":[]},"_links":{"self":[{"href":"https:\/\/www.oaxaca.gob.mx\/comunicacion\/wp-json\/wp\/v2\/posts\/176075","targetHints":{"allow":["GET"]}}],"collection":[{"href":"https:\/\/www.oaxaca.gob.mx\/comunicacion\/wp-json\/wp\/v2\/posts"}],"about":[{"href":"https:\/\/www.oaxaca.gob.mx\/comunicacion\/wp-json\/wp\/v2\/types\/post"}],"author":[{"embeddable":true,"href":"https:\/\/www.oaxaca.gob.mx\/comunicacion\/wp-json\/wp\/v2\/users\/29"}],"replies":[{"embeddable":true,"href":"https:\/\/www.oaxaca.gob.mx\/comunicacion\/wp-json\/wp\/v2\/comments?post=176075"}],"version-history":[{"count":1,"href":"https:\/\/www.oaxaca.gob.mx\/comunicacion\/wp-json\/wp\/v2\/posts\/176075\/revisions"}],"predecessor-version":[{"id":176082,"href":"https:\/\/www.oaxaca.gob.mx\/comunicacion\/wp-json\/wp\/v2\/posts\/176075\/revisions\/176082"}],"wp:featuredmedia":[{"embeddable":true,"href":"https:\/\/www.oaxaca.gob.mx\/comunicacion\/wp-json\/wp\/v2\/media\/176079"}],"wp:attachment":[{"href":"https:\/\/www.oaxaca.gob.mx\/comunicacion\/wp-json\/wp\/v2\/media?parent=176075"}],"wp:term":[{"taxonomy":"category","embeddable":true,"href":"https:\/\/www.oaxaca.gob.mx\/comunicacion\/wp-json\/wp\/v2\/categories?post=176075"},{"taxonomy":"post_tag","embeddable":true,"href":"https:\/\/www.oaxaca.gob.mx\/comunicacion\/wp-json\/wp\/v2\/tags?post=176075"}],"curies":[{"name":"wp","href":"https:\/\/api.w.org\/{rel}","templated":true}]}}