{"id":176041,"date":"2026-04-27T13:36:19","date_gmt":"2026-04-27T19:36:19","guid":{"rendered":"https:\/\/www.oaxaca.gob.mx\/comunicacion\/?p=176041"},"modified":"2026-04-27T13:36:19","modified_gmt":"2026-04-27T19:36:19","slug":"fortalece-oaxaca-atencion-a-grupos-prioritarios-con-firma-de-convenio-entre-dif-estatal-y-municipios","status":"publish","type":"post","link":"https:\/\/www.oaxaca.gob.mx\/comunicacion\/fortalece-oaxaca-atencion-a-grupos-prioritarios-con-firma-de-convenio-entre-dif-estatal-y-municipios\/","title":{"rendered":"Fortalece Oaxaca atenci\u00f3n a grupos prioritarios con firma de convenio entre DIF estatal y municipios"},"content":{"rendered":"<div class=\"su-heading su-heading-style-default su-heading-align-center\" id=\"\" style=\"font-size:13px;margin-bottom:20px\"><div class=\"su-heading-inner\">El Gobernador Salom\u00f3n Jara, la titular del SNDIF Mar\u00eda del Roc\u00edo Garc\u00eda y la Presidenta Honoraria del DIF Oaxaca Irma Bola\u00f1os, atestiguaron la firma de convenio con 539 municipios para la atenci\u00f3n alimentaria y desarrollo comunitario<\/div><\/div>\n<div class=\"su-heading su-heading-style-default su-heading-align-center\" id=\"\" style=\"font-size:13px;margin-bottom:20px\"><div class=\"su-heading-inner\">Es respaldada por una inversi\u00f3n de mil 310 millones de pesos, de los gobiernos federal y estatal<\/div><\/div>\n<p><strong>Santa Luc\u00eda del Camino, Oax. 27 de abril de 2026.-<\/strong> El Gobierno del Estado, a trav\u00e9s del Sistema Estatal para el Desarrollo Integral de la Familia (DIF Oaxaca), sign\u00f3 un convenio de colaboraci\u00f3n para la Atenci\u00f3n a Grupos Prioritarios con 539 municipios de la entidad, en materia de alimentaci\u00f3n y desarrollo comunitario a estos sectores de la poblaci\u00f3n.<\/p>\n<p>El Gobernador Salom\u00f3n Jara Cruz, la titular del Sistema Nacional DIF (SNDIF), Mar\u00eda del Roc\u00edo Garc\u00eda P\u00e9rez y la Presidenta Honoraria del Sistema DIF Oaxaca Irma Bola\u00f1os Quijano, atestiguaron esta alianza, la cual es respaldada por una inversi\u00f3n de mil 310 millones de pesos; de los cuales mil 99 millones son inversi\u00f3n federal y 210 millones de pesos estatal.<\/p>\n<p>El Mandatario estatal refiri\u00f3 que con esta acci\u00f3n, enmarcada en la Estrategia Integral de Asistencia Social, Alimentaci\u00f3n y Desarrollo Comunitario (EIASADC), se establece un acuerdo de voluntades para atender a quienes hist\u00f3ricamente han sido relegados, como ni\u00f1as, ni\u00f1os, personas mayores, con discapacidad y familias en situaci\u00f3n de vulnerabilidad.<\/p>\n<div class=\"su-quote su-quote-style-default\"><div class=\"su-quote-inner su-u-clearfix su-u-trim\">\u201cHoy damos un paso adelante en la construcci\u00f3n de un estado m\u00e1s solidario y humano\u201d, destac\u00f3 el Gobernador ante autoridades y comit\u00e9s del DIF municipales de la entidad, cuyas acciones se implementar\u00e1n en los programas Desayuno de Letritas, Itacate de mi Coraz\u00f3n, Latido Nutritivo, Alimentaci\u00f3n Solidaria, de Salud y Bienestar Comunitario, as\u00ed como, el subprograma Guisos de mi Pueblo.<\/div><\/div>\n<p>En su oportunidad la titular del Sistema Nacional DIF reconoci\u00f3 el compromiso del Gobernador Jara Cruz por los recursos brindados, los cuales representan los m\u00e1s numerosos del pa\u00eds para la alimentaci\u00f3n y bienestar de los grupos vulnerables.<\/p>\n<p>Estos beneficios suficientes y nutritivos se brindar\u00e1n a ni\u00f1as y ni\u00f1os en los primeros mil d\u00edas, en la primera infancia, desayunos escolares, personas con discapacidad, mayores y en situaci\u00f3n de emergencia o desastre, con el fin de garantizar el bienestar y seguridad alimentaria, sostuvo la funcionaria.<\/p>\n<p>En tanto la Presidenta Honoraria del Sistema DIF Oaxaca indic\u00f3 que con esta acci\u00f3n se consolida una pol\u00edtica estatal de atenci\u00f3n social que prioriza a las familias y comunidades, en la que se promueve una vida digna para todas y todos. \u201cHoy sembramos posibilidades que se convierten en oportunidades\u201d, resalt\u00f3.<\/p>\n<p style=\"text-align: center\"><strong>-0-<\/strong><\/p>\n<div class=\"su-image-carousel  su-image-carousel-has-spacing su-image-carousel-crop su-image-carousel-crop-16-10 su-image-carousel-has-outline su-image-carousel-adaptive su-image-carousel-slides-style-minimal su-image-carousel-controls-style-dark su-image-carousel-align-center\" style=\"\" data-flickity-options='{\"groupCells\":true,\"cellSelector\":\".su-image-carousel-item\",\"adaptiveHeight\":false,\"cellAlign\":\"left\",\"prevNextButtons\":true,\"pageDots\":true,\"autoPlay\":5000,\"imagesLoaded\":true,\"contain\":true,\"selectedAttraction\":0.025,\"friction\":0.28}' id=\"su_image_carousel_69f73ea697730\"><div class=\"su-image-carousel-item\"><div class=\"su-image-carousel-item-content\"><img loading=\"lazy\" decoding=\"async\" width=\"1024\" height=\"684\" src=\"https:\/\/www.oaxaca.gob.mx\/comunicacion\/wp-content\/uploads\/sites\/28\/2026\/04\/fa90cf9f-ee54-43bc-a3f4-9fd1bf155726-1024x684.jpeg\" class=\"\" alt=\"\" srcset=\"https:\/\/www.oaxaca.gob.mx\/comunicacion\/wp-content\/uploads\/sites\/28\/2026\/04\/fa90cf9f-ee54-43bc-a3f4-9fd1bf155726-1024x684.jpeg 1024w, https:\/\/www.oaxaca.gob.mx\/comunicacion\/wp-content\/uploads\/sites\/28\/2026\/04\/fa90cf9f-ee54-43bc-a3f4-9fd1bf155726-300x200.jpeg 300w, https:\/\/www.oaxaca.gob.mx\/comunicacion\/wp-content\/uploads\/sites\/28\/2026\/04\/fa90cf9f-ee54-43bc-a3f4-9fd1bf155726-768x513.jpeg 768w, https:\/\/www.oaxaca.gob.mx\/comunicacion\/wp-content\/uploads\/sites\/28\/2026\/04\/fa90cf9f-ee54-43bc-a3f4-9fd1bf155726.jpeg 1075w\" sizes=\"auto, (max-width: 1024px) 100vw, 1024px\" \/><\/div><\/div><div class=\"su-image-carousel-item\"><div class=\"su-image-carousel-item-content\"><img loading=\"lazy\" decoding=\"async\" width=\"1024\" height=\"683\" src=\"https:\/\/www.oaxaca.gob.mx\/comunicacion\/wp-content\/uploads\/sites\/28\/2026\/04\/212e92f7-a872-42e9-844b-9558d70fc50b-1024x683.jpeg\" class=\"\" alt=\"\" srcset=\"https:\/\/www.oaxaca.gob.mx\/comunicacion\/wp-content\/uploads\/sites\/28\/2026\/04\/212e92f7-a872-42e9-844b-9558d70fc50b-1024x683.jpeg 1024w, https:\/\/www.oaxaca.gob.mx\/comunicacion\/wp-content\/uploads\/sites\/28\/2026\/04\/212e92f7-a872-42e9-844b-9558d70fc50b-300x200.jpeg 300w, https:\/\/www.oaxaca.gob.mx\/comunicacion\/wp-content\/uploads\/sites\/28\/2026\/04\/212e92f7-a872-42e9-844b-9558d70fc50b-768x512.jpeg 768w, https:\/\/www.oaxaca.gob.mx\/comunicacion\/wp-content\/uploads\/sites\/28\/2026\/04\/212e92f7-a872-42e9-844b-9558d70fc50b.jpeg 1280w\" sizes=\"auto, (max-width: 1024px) 100vw, 1024px\" \/><\/div><\/div><div class=\"su-image-carousel-item\"><div class=\"su-image-carousel-item-content\"><img loading=\"lazy\" decoding=\"async\" width=\"1024\" height=\"683\" src=\"https:\/\/www.oaxaca.gob.mx\/comunicacion\/wp-content\/uploads\/sites\/28\/2026\/04\/a9ebd9ae-83fb-4e93-9480-84a73c43f831-1024x683.jpeg\" class=\"\" alt=\"\" srcset=\"https:\/\/www.oaxaca.gob.mx\/comunicacion\/wp-content\/uploads\/sites\/28\/2026\/04\/a9ebd9ae-83fb-4e93-9480-84a73c43f831-1024x683.jpeg 1024w, https:\/\/www.oaxaca.gob.mx\/comunicacion\/wp-content\/uploads\/sites\/28\/2026\/04\/a9ebd9ae-83fb-4e93-9480-84a73c43f831-300x200.jpeg 300w, https:\/\/www.oaxaca.gob.mx\/comunicacion\/wp-content\/uploads\/sites\/28\/2026\/04\/a9ebd9ae-83fb-4e93-9480-84a73c43f831-768x512.jpeg 768w, https:\/\/www.oaxaca.gob.mx\/comunicacion\/wp-content\/uploads\/sites\/28\/2026\/04\/a9ebd9ae-83fb-4e93-9480-84a73c43f831.jpeg 1280w\" sizes=\"auto, (max-width: 1024px) 100vw, 1024px\" \/><\/div><\/div><div class=\"su-image-carousel-item\"><div class=\"su-image-carousel-item-content\"><img loading=\"lazy\" decoding=\"async\" width=\"1024\" height=\"683\" src=\"https:\/\/www.oaxaca.gob.mx\/comunicacion\/wp-content\/uploads\/sites\/28\/2026\/04\/1b26717c-66d0-490f-9bb3-2072f8fb53a6-1024x683.jpeg\" class=\"\" alt=\"\" srcset=\"https:\/\/www.oaxaca.gob.mx\/comunicacion\/wp-content\/uploads\/sites\/28\/2026\/04\/1b26717c-66d0-490f-9bb3-2072f8fb53a6-1024x683.jpeg 1024w, https:\/\/www.oaxaca.gob.mx\/comunicacion\/wp-content\/uploads\/sites\/28\/2026\/04\/1b26717c-66d0-490f-9bb3-2072f8fb53a6-300x200.jpeg 300w, https:\/\/www.oaxaca.gob.mx\/comunicacion\/wp-content\/uploads\/sites\/28\/2026\/04\/1b26717c-66d0-490f-9bb3-2072f8fb53a6-768x512.jpeg 768w, https:\/\/www.oaxaca.gob.mx\/comunicacion\/wp-content\/uploads\/sites\/28\/2026\/04\/1b26717c-66d0-490f-9bb3-2072f8fb53a6.jpeg 1280w\" sizes=\"auto, (max-width: 1024px) 100vw, 1024px\" \/><\/div><\/div><\/div><script id=\"su_image_carousel_69f73ea697730_script\">if(window.SUImageCarousel){setTimeout(function() {window.SUImageCarousel.initGallery(document.getElementById(\"su_image_carousel_69f73ea697730\"))}, 0);}var su_image_carousel_69f73ea697730_script=document.getElementById(\"su_image_carousel_69f73ea697730_script\");if(su_image_carousel_69f73ea697730_script){su_image_carousel_69f73ea697730_script.parentNode.removeChild(su_image_carousel_69f73ea697730_script);}<\/script>\n","protected":false},"excerpt":{"rendered":"<p>Santa Luc\u00eda del Camino, Oax. 27 de abril de 2026.- El Gobierno del Estado, a trav\u00e9s del Sistema Estatal para el Desarrollo Integral de la Familia (DIF Oaxaca), sign\u00f3 un convenio de colaboraci\u00f3n para la Atenci\u00f3n a Grupos Prioritarios con 539 municipios de la entidad, en materia de alimentaci\u00f3n y desarrollo comunitario a estos sectores [&hellip;]<\/p>\n","protected":false},"author":29,"featured_media":176045,"comment_status":"open","ping_status":"open","sticky":false,"template":"","format":"standard","meta":{"episode_type":"","audio_file":"","podmotor_file_id":"","podmotor_episode_id":"","cover_image":"","cover_image_id":"","duration":"","filesize":"","filesize_raw":"","date_recorded":"","explicit":"","block":"","itunes_episode_number":"","itunes_title":"","itunes_season_number":"","itunes_episode_type":"","footnotes":""},"categories":[6],"tags":[567],"class_list":["post-176041","post","type-post","status-publish","format-standard","has-post-thumbnail","hentry","category-destacado","tag-dif-oaxaca"],"acf":[],"publishpress_future_action":{"enabled":false,"date":"2026-05-10 06:25:10","action":"change-status","newStatus":"draft","terms":[],"taxonomy":"category","extraData":[]},"publishpress_future_workflow_manual_trigger":{"enabledWorkflows":[]},"_links":{"self":[{"href":"https:\/\/www.oaxaca.gob.mx\/comunicacion\/wp-json\/wp\/v2\/posts\/176041","targetHints":{"allow":["GET"]}}],"collection":[{"href":"https:\/\/www.oaxaca.gob.mx\/comunicacion\/wp-json\/wp\/v2\/posts"}],"about":[{"href":"https:\/\/www.oaxaca.gob.mx\/comunicacion\/wp-json\/wp\/v2\/types\/post"}],"author":[{"embeddable":true,"href":"https:\/\/www.oaxaca.gob.mx\/comunicacion\/wp-json\/wp\/v2\/users\/29"}],"replies":[{"embeddable":true,"href":"https:\/\/www.oaxaca.gob.mx\/comunicacion\/wp-json\/wp\/v2\/comments?post=176041"}],"version-history":[{"count":1,"href":"https:\/\/www.oaxaca.gob.mx\/comunicacion\/wp-json\/wp\/v2\/posts\/176041\/revisions"}],"predecessor-version":[{"id":176046,"href":"https:\/\/www.oaxaca.gob.mx\/comunicacion\/wp-json\/wp\/v2\/posts\/176041\/revisions\/176046"}],"wp:featuredmedia":[{"embeddable":true,"href":"https:\/\/www.oaxaca.gob.mx\/comunicacion\/wp-json\/wp\/v2\/media\/176045"}],"wp:attachment":[{"href":"https:\/\/www.oaxaca.gob.mx\/comunicacion\/wp-json\/wp\/v2\/media?parent=176041"}],"wp:term":[{"taxonomy":"category","embeddable":true,"href":"https:\/\/www.oaxaca.gob.mx\/comunicacion\/wp-json\/wp\/v2\/categories?post=176041"},{"taxonomy":"post_tag","embeddable":true,"href":"https:\/\/www.oaxaca.gob.mx\/comunicacion\/wp-json\/wp\/v2\/tags?post=176041"}],"curies":[{"name":"wp","href":"https:\/\/api.w.org\/{rel}","templated":true}]}}