{"id":176036,"date":"2026-04-27T11:28:29","date_gmt":"2026-04-27T17:28:29","guid":{"rendered":"https:\/\/www.oaxaca.gob.mx\/comunicacion\/?p=176036"},"modified":"2026-04-27T19:29:28","modified_gmt":"2026-04-28T01:29:28","slug":"anuncia-salomon-jara-inicio-de-distribuidor-vial-de-viguera-con-inversion-de-279-mdp","status":"publish","type":"post","link":"https:\/\/www.oaxaca.gob.mx\/comunicacion\/anuncia-salomon-jara-inicio-de-distribuidor-vial-de-viguera-con-inversion-de-279-mdp\/","title":{"rendered":"Anuncia Salom\u00f3n Jara inicio de distribuidor vial de Viguera con inversi\u00f3n de 279 mdp"},"content":{"rendered":"<div class=\"su-heading su-heading-style-default su-heading-align-center\" id=\"\" style=\"font-size:13px;margin-bottom:20px\"><div class=\"su-heading-inner\">Esta obra beneficiar\u00e1 a m\u00e1s de 270 mil personas con una vialidad moderna de 8 carriles que transformar\u00e1 integralmente la zona<\/div><\/div>\n<p><strong>Oaxaca de Ju\u00e1rez, Oax. 27 de abril de 2026.-<\/strong> El Gobernador Salom\u00f3n Jara Cruz anunci\u00f3 el inicio de la construcci\u00f3n del distribuidor vial de Viguera, una obra estrat\u00e9gica que mejorar\u00e1 la movilidad de la ciudadan\u00eda y atender\u00e1 uno de los puntos con mayor carga vehicular en la capital del estado.<\/p>\n<p>Durante su conferencia de prensa, el Mandatario estatal se\u00f1al\u00f3 que esta obra se realizar\u00e1 en coordinaci\u00f3n con el municipio de Oaxaca de Ju\u00e1rez y el Gobierno del Estado, con el objetivo de mejorar la movilidad y dar soluci\u00f3n a uno de los puntos m\u00e1s congestionados de la ciudad.<\/p>\n<p>En su oportunidad, la titular de la Secretar\u00eda de Infraestructuras y Comunicaciones (SIC), Sildia Mecott G\u00f3mez, present\u00f3 los detalles t\u00e9cnicos del paso elevado que se ubicar\u00e1 sobre la carretera federal 190, a la altura de la agencia municipal de Viguera.<\/p>\n<p>El proyecto, denominado Paso a Desnivel Monumento a Ju\u00e1rez, contar\u00e1 con una inversi\u00f3n de 279 millones de pesos y beneficiar\u00e1 a 270 mil 955 personas. Su objetivo es transformar una vialidad actualmente colapsada en una infraestructura moderna y eficiente que reduzca los tiempos de traslado y garantice mayor seguridad para quienes transitan hacia el centro de la ciudad o salen de ella.<\/p>\n<p>La obra contempla la construcci\u00f3n de dos puentes elevados, cada uno con dos carriles en sentidos M\u00e9xico\u2013Oaxaca y Oaxaca\u2013M\u00e9xico, que se suman a los cuatro carriles existentes a nivel de piso, conformando un total de ocho carriles de 3.5 metros de ancho.<\/p>\n<p>Asimismo, se edificar\u00e1 una rotonda de 30 metros de di\u00e1metro que permitir\u00e1 mantener un tr\u00e1nsito continuo en la zona. El monumento a Benito Ju\u00e1rez ser\u00e1 conservado en su sitio original y contar\u00e1 con un nuevo basamento que lo elevar\u00e1 para destacar entre los puentes elevados.<\/p>\n<p>Como parte del proyecto integral, se incluir\u00e1n \u00e1reas verdes con plantas end\u00e9micas, iluminaci\u00f3n en el puente y bajo puente, sistema de drenaje, banquetas amplias, se\u00f1al\u00e9tica para cruces seguros, semaforizaci\u00f3n y pintura vial.<\/p>\n<p>Esta obra transformar\u00e1 de manera significativa la zona, brindando mayor seguridad tanto a automovilistas como a peatones, adem\u00e1s de mejorar la conectividad en uno de los accesos m\u00e1s importantes de la ciudad.<\/p>\n<p style=\"text-align: center\"><strong>-0-<\/strong><\/p>\n<div class=\"su-image-carousel  su-image-carousel-has-spacing su-image-carousel-crop su-image-carousel-crop-16-10 su-image-carousel-has-outline su-image-carousel-adaptive su-image-carousel-slides-style-minimal su-image-carousel-controls-style-dark su-image-carousel-align-center\" style=\"\" data-flickity-options='{\"groupCells\":true,\"cellSelector\":\".su-image-carousel-item\",\"adaptiveHeight\":false,\"cellAlign\":\"left\",\"prevNextButtons\":true,\"pageDots\":true,\"autoPlay\":5000,\"imagesLoaded\":true,\"contain\":true,\"selectedAttraction\":0.025,\"friction\":0.28}' id=\"su_image_carousel_69f09dab0f667\"><div class=\"su-image-carousel-item\"><div class=\"su-image-carousel-item-content\"><img loading=\"lazy\" decoding=\"async\" width=\"1024\" height=\"683\" src=\"https:\/\/www.oaxaca.gob.mx\/comunicacion\/wp-content\/uploads\/sites\/28\/2026\/04\/WhatsApp-Image-2026-04-27-at-11.19.20-1-1024x683.jpeg\" class=\"\" alt=\"\" srcset=\"https:\/\/www.oaxaca.gob.mx\/comunicacion\/wp-content\/uploads\/sites\/28\/2026\/04\/WhatsApp-Image-2026-04-27-at-11.19.20-1-1024x683.jpeg 1024w, https:\/\/www.oaxaca.gob.mx\/comunicacion\/wp-content\/uploads\/sites\/28\/2026\/04\/WhatsApp-Image-2026-04-27-at-11.19.20-1-300x200.jpeg 300w, https:\/\/www.oaxaca.gob.mx\/comunicacion\/wp-content\/uploads\/sites\/28\/2026\/04\/WhatsApp-Image-2026-04-27-at-11.19.20-1-768x512.jpeg 768w, https:\/\/www.oaxaca.gob.mx\/comunicacion\/wp-content\/uploads\/sites\/28\/2026\/04\/WhatsApp-Image-2026-04-27-at-11.19.20-1.jpeg 1280w\" sizes=\"auto, (max-width: 1024px) 100vw, 1024px\" \/><\/div><\/div><div class=\"su-image-carousel-item\"><div class=\"su-image-carousel-item-content\"><img loading=\"lazy\" decoding=\"async\" width=\"466\" height=\"698\" src=\"https:\/\/www.oaxaca.gob.mx\/comunicacion\/wp-content\/uploads\/sites\/28\/2026\/04\/WhatsApp-Image-2026-04-27-at-11.19.20.jpeg\" class=\"\" alt=\"\" srcset=\"https:\/\/www.oaxaca.gob.mx\/comunicacion\/wp-content\/uploads\/sites\/28\/2026\/04\/WhatsApp-Image-2026-04-27-at-11.19.20.jpeg 466w, https:\/\/www.oaxaca.gob.mx\/comunicacion\/wp-content\/uploads\/sites\/28\/2026\/04\/WhatsApp-Image-2026-04-27-at-11.19.20-200x300.jpeg 200w\" sizes=\"auto, (max-width: 466px) 100vw, 466px\" \/><\/div><\/div><div class=\"su-image-carousel-item\"><div class=\"su-image-carousel-item-content\"><img loading=\"lazy\" decoding=\"async\" width=\"1024\" height=\"683\" src=\"https:\/\/www.oaxaca.gob.mx\/comunicacion\/wp-content\/uploads\/sites\/28\/2026\/04\/WhatsApp-Image-2026-04-27-at-11.19.19-1024x683.jpeg\" class=\"\" alt=\"\" srcset=\"https:\/\/www.oaxaca.gob.mx\/comunicacion\/wp-content\/uploads\/sites\/28\/2026\/04\/WhatsApp-Image-2026-04-27-at-11.19.19-1024x683.jpeg 1024w, https:\/\/www.oaxaca.gob.mx\/comunicacion\/wp-content\/uploads\/sites\/28\/2026\/04\/WhatsApp-Image-2026-04-27-at-11.19.19-300x200.jpeg 300w, https:\/\/www.oaxaca.gob.mx\/comunicacion\/wp-content\/uploads\/sites\/28\/2026\/04\/WhatsApp-Image-2026-04-27-at-11.19.19-768x512.jpeg 768w, https:\/\/www.oaxaca.gob.mx\/comunicacion\/wp-content\/uploads\/sites\/28\/2026\/04\/WhatsApp-Image-2026-04-27-at-11.19.19.jpeg 1280w\" sizes=\"auto, (max-width: 1024px) 100vw, 1024px\" \/><\/div><\/div><\/div><script id=\"su_image_carousel_69f09dab0f667_script\">if(window.SUImageCarousel){setTimeout(function() {window.SUImageCarousel.initGallery(document.getElementById(\"su_image_carousel_69f09dab0f667\"))}, 0);}var su_image_carousel_69f09dab0f667_script=document.getElementById(\"su_image_carousel_69f09dab0f667_script\");if(su_image_carousel_69f09dab0f667_script){su_image_carousel_69f09dab0f667_script.parentNode.removeChild(su_image_carousel_69f09dab0f667_script);}<\/script>\n","protected":false},"excerpt":{"rendered":"<p>Oaxaca de Ju\u00e1rez, Oax. 27 de abril de 2026.- El Gobernador Salom\u00f3n Jara Cruz anunci\u00f3 el inicio de la construcci\u00f3n del distribuidor vial de Viguera, una obra estrat\u00e9gica que mejorar\u00e1 la movilidad de la ciudadan\u00eda y atender\u00e1 uno de los puntos con mayor carga vehicular en la capital del estado. Durante su conferencia de prensa, [&hellip;]<\/p>\n","protected":false},"author":29,"featured_media":176038,"comment_status":"open","ping_status":"open","sticky":false,"template":"","format":"standard","meta":{"episode_type":"","audio_file":"","podmotor_file_id":"","podmotor_episode_id":"","cover_image":"","cover_image_id":"","duration":"","filesize":"","filesize_raw":"","date_recorded":"","explicit":"","block":"","itunes_episode_number":"","itunes_title":"","itunes_season_number":"","itunes_episode_type":"","footnotes":""},"categories":[7],"tags":[2486],"class_list":["post-176036","post","type-post","status-publish","format-standard","has-post-thumbnail","hentry","category-slide","tag-sic"],"acf":[],"publishpress_future_action":{"enabled":false,"date":"2026-05-05 05:44:43","action":"change-status","newStatus":"draft","terms":[],"taxonomy":"category","extraData":[]},"publishpress_future_workflow_manual_trigger":{"enabledWorkflows":[]},"_links":{"self":[{"href":"https:\/\/www.oaxaca.gob.mx\/comunicacion\/wp-json\/wp\/v2\/posts\/176036","targetHints":{"allow":["GET"]}}],"collection":[{"href":"https:\/\/www.oaxaca.gob.mx\/comunicacion\/wp-json\/wp\/v2\/posts"}],"about":[{"href":"https:\/\/www.oaxaca.gob.mx\/comunicacion\/wp-json\/wp\/v2\/types\/post"}],"author":[{"embeddable":true,"href":"https:\/\/www.oaxaca.gob.mx\/comunicacion\/wp-json\/wp\/v2\/users\/29"}],"replies":[{"embeddable":true,"href":"https:\/\/www.oaxaca.gob.mx\/comunicacion\/wp-json\/wp\/v2\/comments?post=176036"}],"version-history":[{"count":1,"href":"https:\/\/www.oaxaca.gob.mx\/comunicacion\/wp-json\/wp\/v2\/posts\/176036\/revisions"}],"predecessor-version":[{"id":176040,"href":"https:\/\/www.oaxaca.gob.mx\/comunicacion\/wp-json\/wp\/v2\/posts\/176036\/revisions\/176040"}],"wp:featuredmedia":[{"embeddable":true,"href":"https:\/\/www.oaxaca.gob.mx\/comunicacion\/wp-json\/wp\/v2\/media\/176038"}],"wp:attachment":[{"href":"https:\/\/www.oaxaca.gob.mx\/comunicacion\/wp-json\/wp\/v2\/media?parent=176036"}],"wp:term":[{"taxonomy":"category","embeddable":true,"href":"https:\/\/www.oaxaca.gob.mx\/comunicacion\/wp-json\/wp\/v2\/categories?post=176036"},{"taxonomy":"post_tag","embeddable":true,"href":"https:\/\/www.oaxaca.gob.mx\/comunicacion\/wp-json\/wp\/v2\/tags?post=176036"}],"curies":[{"name":"wp","href":"https:\/\/api.w.org\/{rel}","templated":true}]}}