{"id":176033,"date":"2026-04-27T11:06:12","date_gmt":"2026-04-27T17:06:12","guid":{"rendered":"https:\/\/www.oaxaca.gob.mx\/comunicacion\/?p=176033"},"modified":"2026-04-27T11:06:12","modified_gmt":"2026-04-27T17:06:12","slug":"ola-de-calor-y-lluvias-vespertinas-marcaran-el-clima-este-lunes-en-oaxaca-proteccion-civil","status":"publish","type":"post","link":"https:\/\/www.oaxaca.gob.mx\/comunicacion\/ola-de-calor-y-lluvias-vespertinas-marcaran-el-clima-este-lunes-en-oaxaca-proteccion-civil\/","title":{"rendered":"Ola de calor y lluvias vespertinas marcar\u00e1n el clima este lunes en Oaxaca: Protecci\u00f3n Civil"},"content":{"rendered":"<div class=\"su-heading su-heading-style-default su-heading-align-center\" id=\"\" style=\"font-size:13px;margin-bottom:20px\"><div class=\"su-heading-inner\">Estas condiciones generar\u00e1n mayores acumulados de lluvia en las regiones de la Sierra Sur y la Mixteca.<\/div><\/div>\n<p><strong>Oaxaca de Ju\u00e1rez, Oax., 27 de abril de 2026.\u2013<\/strong> La Coordinaci\u00f3n Estatal de Protecci\u00f3n Civil y Gesti\u00f3n de Riesgos (CEPCyGR) informa que un anticicl\u00f3n en niveles medios de la atm\u00f3sfera mantendr\u00e1 una ola de calor sobre el centro y sur del estado, con temperaturas extremas de entre 40 y 45 grados, as\u00ed como sensaci\u00f3n de bochorno en la zona costera.<\/p>\n<p>De acuerdo con el pron\u00f3stico del tiempo emitido por la Comisi\u00f3n Nacional del Agua (Conagua), un canal de baja presi\u00f3n, extendido desde el centro hasta el sureste de M\u00e9xico, en combinaci\u00f3n con el fuerte calentamiento diurno y la orograf\u00eda local, favorecer\u00e1 lluvias con chubascos aislados y tormentas el\u00e9ctricas durante la tarde.<\/p>\n<p>Estas condiciones generar\u00e1n mayores acumulados de lluvia en las regiones de la Sierra Sur y la Mixteca.<\/p>\n<p>Las temperaturas para este d\u00eda son las siguientes:<\/p>\n<p>\u2022 Valles Centrales, m\u00ednima de 15 y m\u00e1xima de 33 grados.<br \/>\n\u2022 Istmo de Tehuantepec, m\u00ednima de 23 y m\u00e1xima de 36 grados.<br \/>\n\u2022 Cuenca del Papaloapan, m\u00ednima de 19 y m\u00e1xima de 34 grados.<br \/>\n\u2022 Costa, m\u00ednima de 22 y m\u00e1xima de 35 grados.<br \/>\n\u2022 Mixteca, m\u00ednima de 14 y m\u00e1xima de 33 grados.<br \/>\n\u2022 Sierra de Flores Mag\u00f3n, m\u00ednima de 16 y m\u00e1xima de 33 grados.<br \/>\n\u2022 Sierra de Ju\u00e1rez, m\u00ednima de 11 y m\u00e1xima de 28 grados.<br \/>\n\u2022 Sierra Sur, m\u00ednima de 12 y m\u00e1xima de 33 grados.<\/p>\n<p>Se exhorta a la poblaci\u00f3n a atender las recomendaciones de Protecci\u00f3n Civil y Capitan\u00edas de Puerto, as\u00ed como a mantenerse informada sobre las condiciones meteorol\u00f3gicas a trav\u00e9s de los medios y redes sociales oficiales: Facebook @CEPCYGRGobOax y en X @CEPCyGR_GobOax.<\/p>\n<p style=\"text-align: center\"><strong>-0-<\/strong><\/p>\n<div class=\"su-image-carousel  su-image-carousel-has-spacing su-image-carousel-crop su-image-carousel-crop-16-10 su-image-carousel-has-outline su-image-carousel-adaptive su-image-carousel-slides-style-minimal su-image-carousel-controls-style-dark su-image-carousel-align-center\" style=\"\" data-flickity-options='{\"groupCells\":true,\"cellSelector\":\".su-image-carousel-item\",\"adaptiveHeight\":false,\"cellAlign\":\"left\",\"prevNextButtons\":true,\"pageDots\":true,\"autoPlay\":5000,\"imagesLoaded\":true,\"contain\":true,\"selectedAttraction\":0.025,\"friction\":0.28}' id=\"su_image_carousel_69f70c2ce2c9f\"><div class=\"su-image-carousel-item\"><div class=\"su-image-carousel-item-content\"><img loading=\"lazy\" decoding=\"async\" width=\"1024\" height=\"768\" src=\"https:\/\/www.oaxaca.gob.mx\/comunicacion\/wp-content\/uploads\/sites\/28\/2026\/04\/Untitled-1-16-1024x768.jpeg\" class=\"\" alt=\"\" srcset=\"https:\/\/www.oaxaca.gob.mx\/comunicacion\/wp-content\/uploads\/sites\/28\/2026\/04\/Untitled-1-16-1024x768.jpeg 1024w, https:\/\/www.oaxaca.gob.mx\/comunicacion\/wp-content\/uploads\/sites\/28\/2026\/04\/Untitled-1-16-300x225.jpeg 300w, https:\/\/www.oaxaca.gob.mx\/comunicacion\/wp-content\/uploads\/sites\/28\/2026\/04\/Untitled-1-16-768x576.jpeg 768w, https:\/\/www.oaxaca.gob.mx\/comunicacion\/wp-content\/uploads\/sites\/28\/2026\/04\/Untitled-1-16-1536x1152.jpeg 1536w, https:\/\/www.oaxaca.gob.mx\/comunicacion\/wp-content\/uploads\/sites\/28\/2026\/04\/Untitled-1-16.jpeg 1600w\" sizes=\"auto, (max-width: 1024px) 100vw, 1024px\" \/><\/div><\/div><\/div><script id=\"su_image_carousel_69f70c2ce2c9f_script\">if(window.SUImageCarousel){setTimeout(function() {window.SUImageCarousel.initGallery(document.getElementById(\"su_image_carousel_69f70c2ce2c9f\"))}, 0);}var su_image_carousel_69f70c2ce2c9f_script=document.getElementById(\"su_image_carousel_69f70c2ce2c9f_script\");if(su_image_carousel_69f70c2ce2c9f_script){su_image_carousel_69f70c2ce2c9f_script.parentNode.removeChild(su_image_carousel_69f70c2ce2c9f_script);}<\/script>\n","protected":false},"excerpt":{"rendered":"<p>Oaxaca de Ju\u00e1rez, Oax., 27 de abril de 2026.\u2013 La Coordinaci\u00f3n Estatal de Protecci\u00f3n Civil y Gesti\u00f3n de Riesgos (CEPCyGR) informa que un anticicl\u00f3n en niveles medios de la atm\u00f3sfera mantendr\u00e1 una ola de calor sobre el centro y sur del estado, con temperaturas extremas de entre 40 y 45 grados, as\u00ed como sensaci\u00f3n de [&hellip;]<\/p>\n","protected":false},"author":29,"featured_media":176034,"comment_status":"open","ping_status":"open","sticky":false,"template":"","format":"standard","meta":{"episode_type":"","audio_file":"","podmotor_file_id":"","podmotor_episode_id":"","cover_image":"","cover_image_id":"","duration":"","filesize":"","filesize_raw":"","date_recorded":"","explicit":"","block":"","itunes_episode_number":"","itunes_title":"","itunes_season_number":"","itunes_episode_type":"","footnotes":""},"categories":[8],"tags":[744],"class_list":["post-176033","post","type-post","status-publish","format-standard","has-post-thumbnail","hentry","category-noticias","tag-cepcygr"],"acf":[],"publishpress_future_action":{"enabled":false,"date":"2026-05-10 02:49:48","action":"change-status","newStatus":"draft","terms":[],"taxonomy":"category","extraData":[]},"publishpress_future_workflow_manual_trigger":{"enabledWorkflows":[]},"_links":{"self":[{"href":"https:\/\/www.oaxaca.gob.mx\/comunicacion\/wp-json\/wp\/v2\/posts\/176033","targetHints":{"allow":["GET"]}}],"collection":[{"href":"https:\/\/www.oaxaca.gob.mx\/comunicacion\/wp-json\/wp\/v2\/posts"}],"about":[{"href":"https:\/\/www.oaxaca.gob.mx\/comunicacion\/wp-json\/wp\/v2\/types\/post"}],"author":[{"embeddable":true,"href":"https:\/\/www.oaxaca.gob.mx\/comunicacion\/wp-json\/wp\/v2\/users\/29"}],"replies":[{"embeddable":true,"href":"https:\/\/www.oaxaca.gob.mx\/comunicacion\/wp-json\/wp\/v2\/comments?post=176033"}],"version-history":[{"count":1,"href":"https:\/\/www.oaxaca.gob.mx\/comunicacion\/wp-json\/wp\/v2\/posts\/176033\/revisions"}],"predecessor-version":[{"id":176035,"href":"https:\/\/www.oaxaca.gob.mx\/comunicacion\/wp-json\/wp\/v2\/posts\/176033\/revisions\/176035"}],"wp:featuredmedia":[{"embeddable":true,"href":"https:\/\/www.oaxaca.gob.mx\/comunicacion\/wp-json\/wp\/v2\/media\/176034"}],"wp:attachment":[{"href":"https:\/\/www.oaxaca.gob.mx\/comunicacion\/wp-json\/wp\/v2\/media?parent=176033"}],"wp:term":[{"taxonomy":"category","embeddable":true,"href":"https:\/\/www.oaxaca.gob.mx\/comunicacion\/wp-json\/wp\/v2\/categories?post=176033"},{"taxonomy":"post_tag","embeddable":true,"href":"https:\/\/www.oaxaca.gob.mx\/comunicacion\/wp-json\/wp\/v2\/tags?post=176033"}],"curies":[{"name":"wp","href":"https:\/\/api.w.org\/{rel}","templated":true}]}}