{"id":175996,"date":"2026-04-25T10:24:16","date_gmt":"2026-04-25T16:24:16","guid":{"rendered":"https:\/\/www.oaxaca.gob.mx\/comunicacion\/?p=175996"},"modified":"2026-04-25T10:25:51","modified_gmt":"2026-04-25T16:25:51","slug":"preven-lluvias-con-tormentas-fuertes-en-oaxaca-proteccion-civil","status":"publish","type":"post","link":"https:\/\/www.oaxaca.gob.mx\/comunicacion\/preven-lluvias-con-tormentas-fuertes-en-oaxaca-proteccion-civil\/","title":{"rendered":"Prev\u00e9n lluvias con tormentas fuertes en Oaxaca: Protecci\u00f3n Civil"},"content":{"rendered":"<div class=\"su-heading su-heading-style-default su-heading-align-center\" id=\"\" style=\"font-size:13px;margin-bottom:20px\"><div class=\"su-heading-inner\">Las temperaturas comenzar\u00e1n a incrementarse progresivamente en las regiones de la Costa y el Istmo de Tehuantepec<\/div><\/div>\n<p><strong>Oaxaca de Ju\u00e1rez, Oax. 25 de abril de 2026.\u2013<\/strong> La Coordinaci\u00f3n Estatal de Protecci\u00f3n Civil y Gesti\u00f3n de Riesgos (CEPCyGR) informa que se prev\u00e9n lluvias de intensidad variable durante la tarde y noche, con algunas tormentas puntualmente fuertes en las regiones Valles Centrales, Mixteca y Sierra Sur, acompa\u00f1adas de rachas de viento, chubascos y posible ca\u00edda de granizo.<\/p>\n<p>Estas condiciones son ocasionadas por la presencia de un canal de baja presi\u00f3n extendido desde el centro hasta el sur de la Rep\u00fablica Mexicana, en combinaci\u00f3n con el ingreso de humedad proveniente del Oc\u00e9ano Pac\u00edfico y Golfo de M\u00e9xico.<\/p>\n<p>De acuerdo con el pron\u00f3stico del tiempo emitido por la Comisi\u00f3n Nacional del Agua (Conagua), las marcas t\u00e9rmicas comenzar\u00e1n a incrementarse progresivamente en las regiones de la Costa y el Istmo de Tehuantepec.<\/p>\n<p>Las temperaturas para este d\u00eda son las siguientes:<\/p>\n<p>\u2022 Valles Centrales: m\u00ednima de 13 y m\u00e1xima de 30 grados.<br \/>\n\u2022 Istmo de Tehuantepec: m\u00ednima de 23 y m\u00e1xima de 35 grados.<br \/>\n\u2022 Cuenca del Papaloapan: m\u00ednima de 19 y m\u00e1xima de 33 grados.<br \/>\n\u2022 Costa: m\u00ednima de 22 y m\u00e1xima de 34 grados.<br \/>\n\u2022 Mixteca: m\u00ednima de 13 y m\u00e1xima de 30 grados.<br \/>\n\u2022 Sierra de Flores Mag\u00f3n: m\u00ednima de 16 y m\u00e1xima de 32 grados.<br \/>\n\u2022 Sierra de Ju\u00e1rez: m\u00ednima de 11 y m\u00e1xima de 27 grados.<br \/>\n\u2022 Sierra Sur: m\u00ednima de 12 y m\u00e1xima de 28 grados.<\/p>\n<p>Se exhorta a la poblaci\u00f3n a atender las recomendaciones de Protecci\u00f3n Civil y Capitan\u00edas de Puerto, as\u00ed como a mantenerse informada sobre las condiciones meteorol\u00f3gicas a trav\u00e9s de los medios y redes sociales oficiales: Facebook @CEPCYGRGobOax y en X @CEPCyGR_GobOax.<\/p>\n<p style=\"text-align: center\"><strong>-0-<\/strong><\/p>\n<div class=\"su-image-carousel  su-image-carousel-has-spacing su-image-carousel-crop su-image-carousel-crop-16-10 su-image-carousel-has-outline su-image-carousel-adaptive su-image-carousel-slides-style-minimal su-image-carousel-controls-style-dark su-image-carousel-align-center\" style=\"\" data-flickity-options='{\"groupCells\":true,\"cellSelector\":\".su-image-carousel-item\",\"adaptiveHeight\":false,\"cellAlign\":\"left\",\"prevNextButtons\":true,\"pageDots\":true,\"autoPlay\":5000,\"imagesLoaded\":true,\"contain\":true,\"selectedAttraction\":0.025,\"friction\":0.28}' id=\"su_image_carousel_69f39071961a2\"><div class=\"su-image-carousel-item\"><div class=\"su-image-carousel-item-content\"><img loading=\"lazy\" decoding=\"async\" width=\"1024\" height=\"768\" src=\"https:\/\/www.oaxaca.gob.mx\/comunicacion\/wp-content\/uploads\/sites\/28\/2026\/04\/WhatsApp-Image-2026-04-25-at-8.12.26-AM-1024x768.jpeg\" class=\"\" alt=\"\" srcset=\"https:\/\/www.oaxaca.gob.mx\/comunicacion\/wp-content\/uploads\/sites\/28\/2026\/04\/WhatsApp-Image-2026-04-25-at-8.12.26-AM-1024x768.jpeg 1024w, https:\/\/www.oaxaca.gob.mx\/comunicacion\/wp-content\/uploads\/sites\/28\/2026\/04\/WhatsApp-Image-2026-04-25-at-8.12.26-AM-300x225.jpeg 300w, https:\/\/www.oaxaca.gob.mx\/comunicacion\/wp-content\/uploads\/sites\/28\/2026\/04\/WhatsApp-Image-2026-04-25-at-8.12.26-AM-768x576.jpeg 768w, https:\/\/www.oaxaca.gob.mx\/comunicacion\/wp-content\/uploads\/sites\/28\/2026\/04\/WhatsApp-Image-2026-04-25-at-8.12.26-AM-1536x1152.jpeg 1536w, https:\/\/www.oaxaca.gob.mx\/comunicacion\/wp-content\/uploads\/sites\/28\/2026\/04\/WhatsApp-Image-2026-04-25-at-8.12.26-AM.jpeg 1600w\" sizes=\"auto, (max-width: 1024px) 100vw, 1024px\" \/><\/div><\/div><\/div><script id=\"su_image_carousel_69f39071961a2_script\">if(window.SUImageCarousel){setTimeout(function() {window.SUImageCarousel.initGallery(document.getElementById(\"su_image_carousel_69f39071961a2\"))}, 0);}var su_image_carousel_69f39071961a2_script=document.getElementById(\"su_image_carousel_69f39071961a2_script\");if(su_image_carousel_69f39071961a2_script){su_image_carousel_69f39071961a2_script.parentNode.removeChild(su_image_carousel_69f39071961a2_script);}<\/script>\n","protected":false},"excerpt":{"rendered":"<p>Oaxaca de Ju\u00e1rez, Oax. 25 de abril de 2026.\u2013 La Coordinaci\u00f3n Estatal de Protecci\u00f3n Civil y Gesti\u00f3n de Riesgos (CEPCyGR) informa que se prev\u00e9n lluvias de intensidad variable durante la tarde y noche, con algunas tormentas puntualmente fuertes en las regiones Valles Centrales, Mixteca y Sierra Sur, acompa\u00f1adas de rachas de viento, chubascos y posible [&hellip;]<\/p>\n","protected":false},"author":29,"featured_media":176001,"comment_status":"open","ping_status":"open","sticky":false,"template":"","format":"standard","meta":{"episode_type":"","audio_file":"","podmotor_file_id":"","podmotor_episode_id":"","cover_image":"","cover_image_id":"","duration":"","filesize":"","filesize_raw":"","date_recorded":"","explicit":"","block":"","itunes_episode_number":"","itunes_title":"","itunes_season_number":"","itunes_episode_type":"","footnotes":""},"categories":[8],"tags":[2240],"class_list":["post-175996","post","type-post","status-publish","format-standard","has-post-thumbnail","hentry","category-noticias","tag-el-gobernador-de-oaxaca"],"acf":[],"publishpress_future_action":{"enabled":false,"date":"2026-05-07 11:25:05","action":"change-status","newStatus":"draft","terms":[],"taxonomy":"category","extraData":[]},"publishpress_future_workflow_manual_trigger":{"enabledWorkflows":[]},"_links":{"self":[{"href":"https:\/\/www.oaxaca.gob.mx\/comunicacion\/wp-json\/wp\/v2\/posts\/175996","targetHints":{"allow":["GET"]}}],"collection":[{"href":"https:\/\/www.oaxaca.gob.mx\/comunicacion\/wp-json\/wp\/v2\/posts"}],"about":[{"href":"https:\/\/www.oaxaca.gob.mx\/comunicacion\/wp-json\/wp\/v2\/types\/post"}],"author":[{"embeddable":true,"href":"https:\/\/www.oaxaca.gob.mx\/comunicacion\/wp-json\/wp\/v2\/users\/29"}],"replies":[{"embeddable":true,"href":"https:\/\/www.oaxaca.gob.mx\/comunicacion\/wp-json\/wp\/v2\/comments?post=175996"}],"version-history":[{"count":2,"href":"https:\/\/www.oaxaca.gob.mx\/comunicacion\/wp-json\/wp\/v2\/posts\/175996\/revisions"}],"predecessor-version":[{"id":176002,"href":"https:\/\/www.oaxaca.gob.mx\/comunicacion\/wp-json\/wp\/v2\/posts\/175996\/revisions\/176002"}],"wp:featuredmedia":[{"embeddable":true,"href":"https:\/\/www.oaxaca.gob.mx\/comunicacion\/wp-json\/wp\/v2\/media\/176001"}],"wp:attachment":[{"href":"https:\/\/www.oaxaca.gob.mx\/comunicacion\/wp-json\/wp\/v2\/media?parent=175996"}],"wp:term":[{"taxonomy":"category","embeddable":true,"href":"https:\/\/www.oaxaca.gob.mx\/comunicacion\/wp-json\/wp\/v2\/categories?post=175996"},{"taxonomy":"post_tag","embeddable":true,"href":"https:\/\/www.oaxaca.gob.mx\/comunicacion\/wp-json\/wp\/v2\/tags?post=175996"}],"curies":[{"name":"wp","href":"https:\/\/api.w.org\/{rel}","templated":true}]}}