{"id":175984,"date":"2026-04-24T15:18:22","date_gmt":"2026-04-24T21:18:22","guid":{"rendered":"https:\/\/www.oaxaca.gob.mx\/comunicacion\/?p=175984"},"modified":"2026-04-24T15:18:22","modified_gmt":"2026-04-24T21:18:22","slug":"desde-el-pueblo-nomndaa-arranca-ieea-1a-jornada-nacional-de-incorporacion-para-la-alfabetizacion","status":"publish","type":"post","link":"https:\/\/www.oaxaca.gob.mx\/comunicacion\/desde-el-pueblo-nomndaa-arranca-ieea-1a-jornada-nacional-de-incorporacion-para-la-alfabetizacion\/","title":{"rendered":"Desde el pueblo \u00f1omndaa, arranca IEEA 1\u00aa Jornada Nacional de Incorporaci\u00f3n para la Alfabetizaci\u00f3n"},"content":{"rendered":"<div class=\"su-heading su-heading-style-default su-heading-align-center\" id=\"\" style=\"font-size:13px;margin-bottom:20px\"><div class=\"su-heading-inner\">El objetivo es integrar a 100 mil personas j\u00f3venes y adultas al proceso de aprendizaje de lectura y escritura en todo el pa\u00eds<\/div><\/div>\n<p><strong>San Pedro Amuzgos, Oax. 24 de abril de 2026.-<\/strong> Desde la comunidad \u00f1omndaa, San Pedro Amuzgos, regi\u00f3n Sierra Sur, la directora general del Instituto Estatal de Educaci\u00f3n para Adultos (IEEA Oaxaca) Juana Aguilar Espinoza dio el banderazo de arranque de la Primera Jornada Nacional de Incorporaci\u00f3n para la Alfabetizaci\u00f3n.<\/p>\n<p>Esta estrategia, implementada por el Instituto Nacional para la Educaci\u00f3n de los Adultos (INEA) en todo el pa\u00eds, se realizar\u00e1 los d\u00edas 24, 25 y 26 de abril, con el objetivo de integrar a 100 mil personas j\u00f3venes y adultas al proceso de aprendizaje de lectura y escritura.<\/p>\n<p>Entre las metas se encuentra que las personas mayores de 15 a\u00f1os salgan del rezago educativo al aprender a leer y escribir, acci\u00f3n que el IEEA realizar\u00e1 en esta regi\u00f3n de la mano de las autoridades municipales y estudiantes del Colegio de Bachilleres de Oaxaca (Cobao) Plantel 43 Amuzgos.<\/p>\n<p>Con materiales educativos en amuzgo y el respaldo de las autoridades municipales, se implementar\u00e1 el Plan de Justicia del Pueblo Amuzgo en Oaxaca y Guerrero, el cual reconoce y atiende las demandas hist\u00f3ricas de esta poblaci\u00f3n \u00f1omndaa; lo cual se expuso ante el edil de San Pedro Amuzgos, Rogelio Rom\u00e1n Mart\u00ednez Hern\u00e1ndez.<\/p>\n<p>En el IEEA, los servicios de alfabetizaci\u00f3n son gratuitos. Para conocer los puntos de incorporaci\u00f3n y sumarse, las personas que deseen acercar a alguien a los servicios educativos pueden llamar al 951 502 14 90.<\/p>\n<p style=\"text-align: center\"><strong>-0-<\/strong><\/p>\n<div class=\"su-image-carousel  su-image-carousel-has-spacing su-image-carousel-crop su-image-carousel-crop-16-10 su-image-carousel-has-outline su-image-carousel-adaptive su-image-carousel-slides-style-minimal su-image-carousel-controls-style-dark su-image-carousel-align-center\" style=\"\" data-flickity-options='{\"groupCells\":true,\"cellSelector\":\".su-image-carousel-item\",\"adaptiveHeight\":false,\"cellAlign\":\"left\",\"prevNextButtons\":true,\"pageDots\":true,\"autoPlay\":5000,\"imagesLoaded\":true,\"contain\":true,\"selectedAttraction\":0.025,\"friction\":0.28}' id=\"su_image_carousel_69ef95eb16e0b\"><div class=\"su-image-carousel-item\"><div class=\"su-image-carousel-item-content\"><img loading=\"lazy\" decoding=\"async\" width=\"1024\" height=\"683\" src=\"https:\/\/www.oaxaca.gob.mx\/comunicacion\/wp-content\/uploads\/sites\/28\/2026\/04\/5fdc544b-fd4e-4e11-b986-da1f7ef7912f-1024x683.jpeg\" class=\"\" alt=\"\" srcset=\"https:\/\/www.oaxaca.gob.mx\/comunicacion\/wp-content\/uploads\/sites\/28\/2026\/04\/5fdc544b-fd4e-4e11-b986-da1f7ef7912f-1024x683.jpeg 1024w, https:\/\/www.oaxaca.gob.mx\/comunicacion\/wp-content\/uploads\/sites\/28\/2026\/04\/5fdc544b-fd4e-4e11-b986-da1f7ef7912f-300x200.jpeg 300w, https:\/\/www.oaxaca.gob.mx\/comunicacion\/wp-content\/uploads\/sites\/28\/2026\/04\/5fdc544b-fd4e-4e11-b986-da1f7ef7912f-768x512.jpeg 768w, https:\/\/www.oaxaca.gob.mx\/comunicacion\/wp-content\/uploads\/sites\/28\/2026\/04\/5fdc544b-fd4e-4e11-b986-da1f7ef7912f.jpeg 1200w\" sizes=\"auto, (max-width: 1024px) 100vw, 1024px\" \/><\/div><\/div><div class=\"su-image-carousel-item\"><div class=\"su-image-carousel-item-content\"><img loading=\"lazy\" decoding=\"async\" width=\"1024\" height=\"683\" src=\"https:\/\/www.oaxaca.gob.mx\/comunicacion\/wp-content\/uploads\/sites\/28\/2026\/04\/5c0311e5-5f7f-4845-b9f1-4cf4933de3ec-1024x683.jpeg\" class=\"\" alt=\"\" srcset=\"https:\/\/www.oaxaca.gob.mx\/comunicacion\/wp-content\/uploads\/sites\/28\/2026\/04\/5c0311e5-5f7f-4845-b9f1-4cf4933de3ec-1024x683.jpeg 1024w, https:\/\/www.oaxaca.gob.mx\/comunicacion\/wp-content\/uploads\/sites\/28\/2026\/04\/5c0311e5-5f7f-4845-b9f1-4cf4933de3ec-300x200.jpeg 300w, https:\/\/www.oaxaca.gob.mx\/comunicacion\/wp-content\/uploads\/sites\/28\/2026\/04\/5c0311e5-5f7f-4845-b9f1-4cf4933de3ec-768x512.jpeg 768w, https:\/\/www.oaxaca.gob.mx\/comunicacion\/wp-content\/uploads\/sites\/28\/2026\/04\/5c0311e5-5f7f-4845-b9f1-4cf4933de3ec.jpeg 1200w\" sizes=\"auto, (max-width: 1024px) 100vw, 1024px\" \/><\/div><\/div><div class=\"su-image-carousel-item\"><div class=\"su-image-carousel-item-content\"><img loading=\"lazy\" decoding=\"async\" width=\"1024\" height=\"768\" src=\"https:\/\/www.oaxaca.gob.mx\/comunicacion\/wp-content\/uploads\/sites\/28\/2026\/04\/f1ec1858-52dc-44c1-aa74-91ca92108004-1024x768.jpeg\" class=\"\" alt=\"\" srcset=\"https:\/\/www.oaxaca.gob.mx\/comunicacion\/wp-content\/uploads\/sites\/28\/2026\/04\/f1ec1858-52dc-44c1-aa74-91ca92108004-1024x768.jpeg 1024w, https:\/\/www.oaxaca.gob.mx\/comunicacion\/wp-content\/uploads\/sites\/28\/2026\/04\/f1ec1858-52dc-44c1-aa74-91ca92108004-300x225.jpeg 300w, https:\/\/www.oaxaca.gob.mx\/comunicacion\/wp-content\/uploads\/sites\/28\/2026\/04\/f1ec1858-52dc-44c1-aa74-91ca92108004-768x576.jpeg 768w, https:\/\/www.oaxaca.gob.mx\/comunicacion\/wp-content\/uploads\/sites\/28\/2026\/04\/f1ec1858-52dc-44c1-aa74-91ca92108004.jpeg 1200w\" sizes=\"auto, (max-width: 1024px) 100vw, 1024px\" \/><\/div><\/div><div class=\"su-image-carousel-item\"><div class=\"su-image-carousel-item-content\"><img loading=\"lazy\" decoding=\"async\" width=\"1024\" height=\"683\" src=\"https:\/\/www.oaxaca.gob.mx\/comunicacion\/wp-content\/uploads\/sites\/28\/2026\/04\/d5cd2473-1bb9-4dd9-a33d-51b15f52f381-1024x683.jpeg\" class=\"\" alt=\"\" srcset=\"https:\/\/www.oaxaca.gob.mx\/comunicacion\/wp-content\/uploads\/sites\/28\/2026\/04\/d5cd2473-1bb9-4dd9-a33d-51b15f52f381-1024x683.jpeg 1024w, https:\/\/www.oaxaca.gob.mx\/comunicacion\/wp-content\/uploads\/sites\/28\/2026\/04\/d5cd2473-1bb9-4dd9-a33d-51b15f52f381-300x200.jpeg 300w, https:\/\/www.oaxaca.gob.mx\/comunicacion\/wp-content\/uploads\/sites\/28\/2026\/04\/d5cd2473-1bb9-4dd9-a33d-51b15f52f381-768x512.jpeg 768w, https:\/\/www.oaxaca.gob.mx\/comunicacion\/wp-content\/uploads\/sites\/28\/2026\/04\/d5cd2473-1bb9-4dd9-a33d-51b15f52f381.jpeg 1200w\" sizes=\"auto, (max-width: 1024px) 100vw, 1024px\" \/><\/div><\/div><\/div><script id=\"su_image_carousel_69ef95eb16e0b_script\">if(window.SUImageCarousel){setTimeout(function() {window.SUImageCarousel.initGallery(document.getElementById(\"su_image_carousel_69ef95eb16e0b\"))}, 0);}var su_image_carousel_69ef95eb16e0b_script=document.getElementById(\"su_image_carousel_69ef95eb16e0b_script\");if(su_image_carousel_69ef95eb16e0b_script){su_image_carousel_69ef95eb16e0b_script.parentNode.removeChild(su_image_carousel_69ef95eb16e0b_script);}<\/script>\n","protected":false},"excerpt":{"rendered":"<p>San Pedro Amuzgos, Oax. 24 de abril de 2026.- Desde la comunidad \u00f1omndaa, San Pedro Amuzgos, regi\u00f3n Sierra Sur, la directora general del Instituto Estatal de Educaci\u00f3n para Adultos (IEEA Oaxaca) Juana Aguilar Espinoza dio el banderazo de arranque de la Primera Jornada Nacional de Incorporaci\u00f3n para la Alfabetizaci\u00f3n. Esta estrategia, implementada por el Instituto [&hellip;]<\/p>\n","protected":false},"author":29,"featured_media":175986,"comment_status":"open","ping_status":"open","sticky":false,"template":"","format":"standard","meta":{"episode_type":"","audio_file":"","podmotor_file_id":"","podmotor_episode_id":"","cover_image":"","cover_image_id":"","duration":"","filesize":"","filesize_raw":"","date_recorded":"","explicit":"","block":"","itunes_episode_number":"","itunes_title":"","itunes_season_number":"","itunes_episode_type":"","footnotes":""},"categories":[8],"tags":[2864],"class_list":["post-175984","post","type-post","status-publish","format-standard","has-post-thumbnail","hentry","category-noticias","tag-ieea-oaxaca"],"acf":[],"publishpress_future_action":{"enabled":false,"date":"2026-05-04 10:59:23","action":"change-status","newStatus":"draft","terms":[],"taxonomy":"category","extraData":[]},"publishpress_future_workflow_manual_trigger":{"enabledWorkflows":[]},"_links":{"self":[{"href":"https:\/\/www.oaxaca.gob.mx\/comunicacion\/wp-json\/wp\/v2\/posts\/175984","targetHints":{"allow":["GET"]}}],"collection":[{"href":"https:\/\/www.oaxaca.gob.mx\/comunicacion\/wp-json\/wp\/v2\/posts"}],"about":[{"href":"https:\/\/www.oaxaca.gob.mx\/comunicacion\/wp-json\/wp\/v2\/types\/post"}],"author":[{"embeddable":true,"href":"https:\/\/www.oaxaca.gob.mx\/comunicacion\/wp-json\/wp\/v2\/users\/29"}],"replies":[{"embeddable":true,"href":"https:\/\/www.oaxaca.gob.mx\/comunicacion\/wp-json\/wp\/v2\/comments?post=175984"}],"version-history":[{"count":1,"href":"https:\/\/www.oaxaca.gob.mx\/comunicacion\/wp-json\/wp\/v2\/posts\/175984\/revisions"}],"predecessor-version":[{"id":175989,"href":"https:\/\/www.oaxaca.gob.mx\/comunicacion\/wp-json\/wp\/v2\/posts\/175984\/revisions\/175989"}],"wp:featuredmedia":[{"embeddable":true,"href":"https:\/\/www.oaxaca.gob.mx\/comunicacion\/wp-json\/wp\/v2\/media\/175986"}],"wp:attachment":[{"href":"https:\/\/www.oaxaca.gob.mx\/comunicacion\/wp-json\/wp\/v2\/media?parent=175984"}],"wp:term":[{"taxonomy":"category","embeddable":true,"href":"https:\/\/www.oaxaca.gob.mx\/comunicacion\/wp-json\/wp\/v2\/categories?post=175984"},{"taxonomy":"post_tag","embeddable":true,"href":"https:\/\/www.oaxaca.gob.mx\/comunicacion\/wp-json\/wp\/v2\/tags?post=175984"}],"curies":[{"name":"wp","href":"https:\/\/api.w.org\/{rel}","templated":true}]}}