{"id":175979,"date":"2026-04-24T14:22:56","date_gmt":"2026-04-24T20:22:56","guid":{"rendered":"https:\/\/www.oaxaca.gob.mx\/comunicacion\/?p=175979"},"modified":"2026-04-24T14:22:56","modified_gmt":"2026-04-24T20:22:56","slug":"realiza-proteccion-civil-recorridos-de-evaluacion-de-danos-por-lluvias-registradas-el-pasado-jueves","status":"publish","type":"post","link":"https:\/\/www.oaxaca.gob.mx\/comunicacion\/realiza-proteccion-civil-recorridos-de-evaluacion-de-danos-por-lluvias-registradas-el-pasado-jueves\/","title":{"rendered":"Realiza Protecci\u00f3n Civil recorridos de evaluaci\u00f3n de da\u00f1os por lluvias registradas el pasado jueves"},"content":{"rendered":"<div class=\"su-heading su-heading-style-default su-heading-align-center\" id=\"\" style=\"font-size:13px;margin-bottom:20px\"><div class=\"su-heading-inner\">Se mantiene monitoreo permanente con autoridades municipales e instituciones de los tres \u00f3rdenes de gobierno para atender cualquier situaci\u00f3n de riesgo<\/div><\/div>\n<p><strong>Oaxaca de Ju\u00e1rez, Oax. 24 de abril de 2026.-<\/strong> La Coordinaci\u00f3n Estatal de Protecci\u00f3n Civil y Gesti\u00f3n de Riesgos (CEPCyGR) informa que, personal de la dependencia, se encuentra realizando recorridos de evaluaci\u00f3n de da\u00f1os y actualizaci\u00f3n de necesidades en las zonas afectadas por las lluvias registradas el pasado jueves.<\/p>\n<p>De manera coordinada con autoridades municipales e instituciones de los tres \u00f3rdenes de gobierno, se mantiene monitoreo permanente para atender cualquier situaci\u00f3n de riesgo que se presente y brindar respuesta inmediata.<\/p>\n<p>La CEPCyGR reitera el llamado a la ciudadan\u00eda a mantenerse informada a trav\u00e9s de los canales oficiales y seguir las recomendaciones de Protecci\u00f3n Civil.<\/p>\n<p style=\"text-align: center\"><strong>-0-<\/strong><\/p>\n<div class=\"su-image-carousel  su-image-carousel-has-spacing su-image-carousel-crop su-image-carousel-crop-16-10 su-image-carousel-has-outline su-image-carousel-adaptive su-image-carousel-slides-style-minimal su-image-carousel-controls-style-dark su-image-carousel-align-center\" style=\"\" data-flickity-options='{\"groupCells\":true,\"cellSelector\":\".su-image-carousel-item\",\"adaptiveHeight\":false,\"cellAlign\":\"left\",\"prevNextButtons\":true,\"pageDots\":true,\"autoPlay\":5000,\"imagesLoaded\":true,\"contain\":true,\"selectedAttraction\":0.025,\"friction\":0.28}' id=\"su_image_carousel_69ee4fe32a422\"><div class=\"su-image-carousel-item\"><div class=\"su-image-carousel-item-content\"><img loading=\"lazy\" decoding=\"async\" width=\"700\" height=\"932\" src=\"https:\/\/www.oaxaca.gob.mx\/comunicacion\/wp-content\/uploads\/sites\/28\/2026\/04\/213d3a08-c76e-4eff-88b5-5c7fde265257.jpeg\" class=\"\" alt=\"\" srcset=\"https:\/\/www.oaxaca.gob.mx\/comunicacion\/wp-content\/uploads\/sites\/28\/2026\/04\/213d3a08-c76e-4eff-88b5-5c7fde265257.jpeg 700w, https:\/\/www.oaxaca.gob.mx\/comunicacion\/wp-content\/uploads\/sites\/28\/2026\/04\/213d3a08-c76e-4eff-88b5-5c7fde265257-225x300.jpeg 225w\" sizes=\"auto, (max-width: 700px) 100vw, 700px\" \/><\/div><\/div><div class=\"su-image-carousel-item\"><div class=\"su-image-carousel-item-content\"><img loading=\"lazy\" decoding=\"async\" width=\"576\" height=\"1024\" src=\"https:\/\/www.oaxaca.gob.mx\/comunicacion\/wp-content\/uploads\/sites\/28\/2026\/04\/7823b29c-7d88-4311-a02e-bf5a61004507-576x1024.jpeg\" class=\"\" alt=\"\" srcset=\"https:\/\/www.oaxaca.gob.mx\/comunicacion\/wp-content\/uploads\/sites\/28\/2026\/04\/7823b29c-7d88-4311-a02e-bf5a61004507-576x1024.jpeg 576w, https:\/\/www.oaxaca.gob.mx\/comunicacion\/wp-content\/uploads\/sites\/28\/2026\/04\/7823b29c-7d88-4311-a02e-bf5a61004507-169x300.jpeg 169w, https:\/\/www.oaxaca.gob.mx\/comunicacion\/wp-content\/uploads\/sites\/28\/2026\/04\/7823b29c-7d88-4311-a02e-bf5a61004507.jpeg 720w\" sizes=\"auto, (max-width: 576px) 100vw, 576px\" \/><\/div><\/div><\/div><script id=\"su_image_carousel_69ee4fe32a422_script\">if(window.SUImageCarousel){setTimeout(function() {window.SUImageCarousel.initGallery(document.getElementById(\"su_image_carousel_69ee4fe32a422\"))}, 0);}var su_image_carousel_69ee4fe32a422_script=document.getElementById(\"su_image_carousel_69ee4fe32a422_script\");if(su_image_carousel_69ee4fe32a422_script){su_image_carousel_69ee4fe32a422_script.parentNode.removeChild(su_image_carousel_69ee4fe32a422_script);}<\/script>\n","protected":false},"excerpt":{"rendered":"<p>Oaxaca de Ju\u00e1rez, Oax. 24 de abril de 2026.- La Coordinaci\u00f3n Estatal de Protecci\u00f3n Civil y Gesti\u00f3n de Riesgos (CEPCyGR) informa que, personal de la dependencia, se encuentra realizando recorridos de evaluaci\u00f3n de da\u00f1os y actualizaci\u00f3n de necesidades en las zonas afectadas por las lluvias registradas el pasado jueves. De manera coordinada con autoridades municipales [&hellip;]<\/p>\n","protected":false},"author":29,"featured_media":175982,"comment_status":"open","ping_status":"open","sticky":false,"template":"","format":"standard","meta":{"episode_type":"","audio_file":"","podmotor_file_id":"","podmotor_episode_id":"","cover_image":"","cover_image_id":"","duration":"","filesize":"","filesize_raw":"","date_recorded":"","explicit":"","block":"","itunes_episode_number":"","itunes_title":"","itunes_season_number":"","itunes_episode_type":"","footnotes":""},"categories":[8],"tags":[744],"class_list":["post-175979","post","type-post","status-publish","format-standard","has-post-thumbnail","hentry","category-noticias","tag-cepcygr"],"acf":[],"publishpress_future_action":{"enabled":false,"date":"2026-05-03 11:48:19","action":"change-status","newStatus":"draft","terms":[],"taxonomy":"category","extraData":[]},"publishpress_future_workflow_manual_trigger":{"enabledWorkflows":[]},"_links":{"self":[{"href":"https:\/\/www.oaxaca.gob.mx\/comunicacion\/wp-json\/wp\/v2\/posts\/175979","targetHints":{"allow":["GET"]}}],"collection":[{"href":"https:\/\/www.oaxaca.gob.mx\/comunicacion\/wp-json\/wp\/v2\/posts"}],"about":[{"href":"https:\/\/www.oaxaca.gob.mx\/comunicacion\/wp-json\/wp\/v2\/types\/post"}],"author":[{"embeddable":true,"href":"https:\/\/www.oaxaca.gob.mx\/comunicacion\/wp-json\/wp\/v2\/users\/29"}],"replies":[{"embeddable":true,"href":"https:\/\/www.oaxaca.gob.mx\/comunicacion\/wp-json\/wp\/v2\/comments?post=175979"}],"version-history":[{"count":1,"href":"https:\/\/www.oaxaca.gob.mx\/comunicacion\/wp-json\/wp\/v2\/posts\/175979\/revisions"}],"predecessor-version":[{"id":175983,"href":"https:\/\/www.oaxaca.gob.mx\/comunicacion\/wp-json\/wp\/v2\/posts\/175979\/revisions\/175983"}],"wp:featuredmedia":[{"embeddable":true,"href":"https:\/\/www.oaxaca.gob.mx\/comunicacion\/wp-json\/wp\/v2\/media\/175982"}],"wp:attachment":[{"href":"https:\/\/www.oaxaca.gob.mx\/comunicacion\/wp-json\/wp\/v2\/media?parent=175979"}],"wp:term":[{"taxonomy":"category","embeddable":true,"href":"https:\/\/www.oaxaca.gob.mx\/comunicacion\/wp-json\/wp\/v2\/categories?post=175979"},{"taxonomy":"post_tag","embeddable":true,"href":"https:\/\/www.oaxaca.gob.mx\/comunicacion\/wp-json\/wp\/v2\/tags?post=175979"}],"curies":[{"name":"wp","href":"https:\/\/api.w.org\/{rel}","templated":true}]}}