{"id":175954,"date":"2026-04-24T10:09:01","date_gmt":"2026-04-24T16:09:01","guid":{"rendered":"https:\/\/www.oaxaca.gob.mx\/comunicacion\/?p=175954"},"modified":"2026-04-24T10:09:01","modified_gmt":"2026-04-24T16:09:01","slug":"persistira-inestabilidad-atmosferica-con-lluvias-tormentas-electricas-y-rachas-de-viento-en-oaxaca","status":"publish","type":"post","link":"https:\/\/www.oaxaca.gob.mx\/comunicacion\/persistira-inestabilidad-atmosferica-con-lluvias-tormentas-electricas-y-rachas-de-viento-en-oaxaca\/","title":{"rendered":"Persistir\u00e1 inestabilidad atmosf\u00e9rica con lluvias, tormentas el\u00e9ctricas y rachas de viento en Oaxaca"},"content":{"rendered":"<div class=\"su-heading su-heading-style-default su-heading-align-center\" id=\"\" style=\"font-size:13px;margin-bottom:20px\"><div class=\"su-heading-inner\">Las temperaturas comenzar\u00e1n a presentar un aumento generalizado, sin embargo ser\u00e1n m\u00e1s elevadas en la zona sur de la entidad<\/div><\/div>\n<p><strong>Oaxaca de Ju\u00e1rez, Oax. 24 de abril de 2026.-<\/strong> La Coordinaci\u00f3n Estatal de Protecci\u00f3n Civil y Gesti\u00f3n de Riesgos (CEPCyGR) informa que se mantendr\u00e1 el mismo patr\u00f3n atmosf\u00e9rico de los \u00faltimos d\u00edas, generando durante la tarde y noche de este viernes fuerte convecci\u00f3n atmosf\u00e9rica, con lluvias ligeras, aguaceros, tormentas el\u00e9ctricas y rachas de viento en diferentes regiones de Oaxaca.<\/p>\n<p>Estas condiciones son ocasionadas por la presencia de un canal de baja presi\u00f3n con eje extendido desde la Mesa del Norte hasta el sureste del pa\u00eds, en combinaci\u00f3n con el ingreso de humedad proveniente del oc\u00e9ano Pac\u00edfico y Golfo de M\u00e9xico.<\/p>\n<p>De acuerdo con el pron\u00f3stico del tiempo emitido por la Comisi\u00f3n Nacional del Agua (Conagua), las temperaturas comenzar\u00e1n a presentar un aumento generalizado; sin embargo, se mantendr\u00e1n dentro de los valores normales, siendo m\u00e1s elevadas en la zona sur de la entidad.<\/p>\n<p>Las temperaturas para este d\u00eda son las siguientes:<\/p>\n<p>\u2022 Valles Centrales, m\u00ednima de 13 y m\u00e1xima de 29 grados<br \/>\n\u2022 Istmo de Tehuantepec, m\u00ednima de 23 y m\u00e1xima de 34 grados<br \/>\n\u2022 Cuenca del Papaloapan, m\u00ednima de 18 y m\u00e1xima de 32 grados<br \/>\n\u2022 Costa, m\u00ednima de 22 y m\u00e1xima de 34 grados<br \/>\n\u2022 Mixteca, m\u00ednima de 13 y m\u00e1xima de 30 grados<br \/>\n\u2022 Sierra de Flores Mag\u00f3n, m\u00ednima de 16 y m\u00e1xima de 32 grados<br \/>\n\u2022 Sierra de Ju\u00e1rez, m\u00ednima de 10 y m\u00e1xima de 27 grados<br \/>\n\u2022 Sierra Sur, m\u00ednima de 11 y m\u00e1xima de 28 grados<\/p>\n<p>Se exhorta a la poblaci\u00f3n atender las recomendaciones de Protecci\u00f3n Civil y Capitan\u00edas de Puerto, as\u00ed como a mantenerse informada de las condiciones meteorol\u00f3gicas a trav\u00e9s de los medios y redes sociales oficiales: Facebook @CEPCYGRGobOax y en X @CEPCyGR_GobOax.<\/p>\n<p style=\"text-align: center\"><strong>-0-<\/strong><\/p>\n<div class=\"su-image-carousel  su-image-carousel-has-spacing su-image-carousel-crop su-image-carousel-crop-16-10 su-image-carousel-has-outline su-image-carousel-adaptive su-image-carousel-slides-style-minimal su-image-carousel-controls-style-dark su-image-carousel-align-center\" style=\"\" data-flickity-options='{\"groupCells\":true,\"cellSelector\":\".su-image-carousel-item\",\"adaptiveHeight\":false,\"cellAlign\":\"left\",\"prevNextButtons\":true,\"pageDots\":true,\"autoPlay\":5000,\"imagesLoaded\":true,\"contain\":true,\"selectedAttraction\":0.025,\"friction\":0.28}' id=\"su_image_carousel_69f0eba802638\"><div class=\"su-image-carousel-item\"><div class=\"su-image-carousel-item-content\"><img loading=\"lazy\" decoding=\"async\" width=\"1024\" height=\"768\" src=\"https:\/\/www.oaxaca.gob.mx\/comunicacion\/wp-content\/uploads\/sites\/28\/2026\/04\/Untitled-1-15-1024x768.jpeg\" class=\"\" alt=\"\" srcset=\"https:\/\/www.oaxaca.gob.mx\/comunicacion\/wp-content\/uploads\/sites\/28\/2026\/04\/Untitled-1-15-1024x768.jpeg 1024w, https:\/\/www.oaxaca.gob.mx\/comunicacion\/wp-content\/uploads\/sites\/28\/2026\/04\/Untitled-1-15-300x225.jpeg 300w, https:\/\/www.oaxaca.gob.mx\/comunicacion\/wp-content\/uploads\/sites\/28\/2026\/04\/Untitled-1-15-768x576.jpeg 768w, https:\/\/www.oaxaca.gob.mx\/comunicacion\/wp-content\/uploads\/sites\/28\/2026\/04\/Untitled-1-15-1536x1152.jpeg 1536w, https:\/\/www.oaxaca.gob.mx\/comunicacion\/wp-content\/uploads\/sites\/28\/2026\/04\/Untitled-1-15.jpeg 1600w\" sizes=\"auto, (max-width: 1024px) 100vw, 1024px\" \/><\/div><\/div><\/div><script id=\"su_image_carousel_69f0eba802638_script\">if(window.SUImageCarousel){setTimeout(function() {window.SUImageCarousel.initGallery(document.getElementById(\"su_image_carousel_69f0eba802638\"))}, 0);}var su_image_carousel_69f0eba802638_script=document.getElementById(\"su_image_carousel_69f0eba802638_script\");if(su_image_carousel_69f0eba802638_script){su_image_carousel_69f0eba802638_script.parentNode.removeChild(su_image_carousel_69f0eba802638_script);}<\/script>\n","protected":false},"excerpt":{"rendered":"<p>Oaxaca de Ju\u00e1rez, Oax. 24 de abril de 2026.- La Coordinaci\u00f3n Estatal de Protecci\u00f3n Civil y Gesti\u00f3n de Riesgos (CEPCyGR) informa que se mantendr\u00e1 el mismo patr\u00f3n atmosf\u00e9rico de los \u00faltimos d\u00edas, generando durante la tarde y noche de este viernes fuerte convecci\u00f3n atmosf\u00e9rica, con lluvias ligeras, aguaceros, tormentas el\u00e9ctricas y rachas de viento en [&hellip;]<\/p>\n","protected":false},"author":29,"featured_media":175955,"comment_status":"open","ping_status":"open","sticky":false,"template":"","format":"standard","meta":{"episode_type":"","audio_file":"","podmotor_file_id":"","podmotor_episode_id":"","cover_image":"","cover_image_id":"","duration":"","filesize":"","filesize_raw":"","date_recorded":"","explicit":"","block":"","itunes_episode_number":"","itunes_title":"","itunes_season_number":"","itunes_episode_type":"","footnotes":""},"categories":[8],"tags":[744],"class_list":["post-175954","post","type-post","status-publish","format-standard","has-post-thumbnail","hentry","category-noticias","tag-cepcygr"],"acf":[],"publishpress_future_action":{"enabled":false,"date":"2026-05-05 11:17:28","action":"change-status","newStatus":"draft","terms":[],"taxonomy":"category","extraData":[]},"publishpress_future_workflow_manual_trigger":{"enabledWorkflows":[]},"_links":{"self":[{"href":"https:\/\/www.oaxaca.gob.mx\/comunicacion\/wp-json\/wp\/v2\/posts\/175954","targetHints":{"allow":["GET"]}}],"collection":[{"href":"https:\/\/www.oaxaca.gob.mx\/comunicacion\/wp-json\/wp\/v2\/posts"}],"about":[{"href":"https:\/\/www.oaxaca.gob.mx\/comunicacion\/wp-json\/wp\/v2\/types\/post"}],"author":[{"embeddable":true,"href":"https:\/\/www.oaxaca.gob.mx\/comunicacion\/wp-json\/wp\/v2\/users\/29"}],"replies":[{"embeddable":true,"href":"https:\/\/www.oaxaca.gob.mx\/comunicacion\/wp-json\/wp\/v2\/comments?post=175954"}],"version-history":[{"count":1,"href":"https:\/\/www.oaxaca.gob.mx\/comunicacion\/wp-json\/wp\/v2\/posts\/175954\/revisions"}],"predecessor-version":[{"id":175956,"href":"https:\/\/www.oaxaca.gob.mx\/comunicacion\/wp-json\/wp\/v2\/posts\/175954\/revisions\/175956"}],"wp:featuredmedia":[{"embeddable":true,"href":"https:\/\/www.oaxaca.gob.mx\/comunicacion\/wp-json\/wp\/v2\/media\/175955"}],"wp:attachment":[{"href":"https:\/\/www.oaxaca.gob.mx\/comunicacion\/wp-json\/wp\/v2\/media?parent=175954"}],"wp:term":[{"taxonomy":"category","embeddable":true,"href":"https:\/\/www.oaxaca.gob.mx\/comunicacion\/wp-json\/wp\/v2\/categories?post=175954"},{"taxonomy":"post_tag","embeddable":true,"href":"https:\/\/www.oaxaca.gob.mx\/comunicacion\/wp-json\/wp\/v2\/tags?post=175954"}],"curies":[{"name":"wp","href":"https:\/\/api.w.org\/{rel}","templated":true}]}}