{"id":175938,"date":"2026-04-23T20:46:01","date_gmt":"2026-04-24T02:46:01","guid":{"rendered":"https:\/\/www.oaxaca.gob.mx\/comunicacion\/?p=175938"},"modified":"2026-04-23T20:46:01","modified_gmt":"2026-04-24T02:46:01","slug":"alista-oaxaca-agenda-de-promocion-para-el-tianguis-turistico-de-mexico-2026","status":"publish","type":"post","link":"https:\/\/www.oaxaca.gob.mx\/comunicacion\/alista-oaxaca-agenda-de-promocion-para-el-tianguis-turistico-de-mexico-2026\/","title":{"rendered":"Alista Oaxaca agenda de promoci\u00f3n para el Tianguis Tur\u00edstico de M\u00e9xico 2026"},"content":{"rendered":"<div class=\"su-heading su-heading-style-default su-heading-align-center\" id=\"\" style=\"font-size:13px;margin-bottom:20px\"><div class=\"su-heading-inner\">M\u00e1s de 150 representantes promover\u00e1n la oferta del estado en Acapulco, Guerrero, del 27 al 30 de abril<\/div><\/div>\n<p>Oaxaca de Ju\u00e1rez, Oax. 23 de abril de 2026.- Con una agenda de citas de negocios, reuniones con aliados comerciales, activaciones gastron\u00f3micas y culturales, Oaxaca llegar\u00e1 a la edici\u00f3n 50 del Tianguis Tur\u00edstico de M\u00e9xico 2026, que se llevar\u00e1 a cabo en Acapulco, Guerrero, del 27 al 30 de abril; inform\u00f3 la Secretar\u00eda de Turismo del Estado.<\/p>\n<p>A trav\u00e9s de una comitiva de m\u00e1s de 150 personas, se promover\u00e1 la oferta tur\u00edstica a trav\u00e9s de un stand de 432 metros cuadrados.<\/p>\n<p>La dependencia resalt\u00f3 que se promocionar\u00e1 la gastronom\u00eda con el evento \u201cLa Tlayudiza\u201d; y la riqueza cultural, en el escaparate de la Sectur Federal \u201cVentana a M\u00e9xico\u201d. Adem\u00e1s, se atender\u00e1 una agenda de trabajo junto a la Uni\u00f3n de Secretarias y Secretarios de Turismo de M\u00e9xico (Asetur).<\/p>\n<p>Por otra parte, se realizar\u00e1 la presentaci\u00f3n de los Pueblos Mancomunados como Destino Tur\u00edstico Comunitario, y de siete experiencias de este segmento de poblaciones como Ixtl\u00e1n de Ju\u00e1rez, Capul\u00e1lpam de M\u00e9ndez, entre otros.<\/p>\n<p>Participar\u00e1n autoridades y personas prestadoras de servicios tur\u00edsticos de los destinos de Oaxaca de Ju\u00e1rez, Bah\u00edas de Huatulco y Puerto Escondido; as\u00ed como de San Pablo Villa de Mitla, Santa Mar\u00eda Tonameca, Heroica Ciudad de Huajuapan de Le\u00f3n y San Pedro Pochutla.<\/p>\n<p>Adem\u00e1s de representantes de Rutas Tur\u00edsticas y Pueblos M\u00e1gicos, personas expositoras de gastronom\u00eda, de arte popular y de mezcal.<\/p>\n<p style=\"text-align: center\">-0-<\/p>\n<p>&nbsp;<\/p>\n<div class=\"su-image-carousel  su-image-carousel-has-spacing su-image-carousel-crop su-image-carousel-crop-16-10 su-image-carousel-has-outline su-image-carousel-adaptive su-image-carousel-slides-style-minimal su-image-carousel-controls-style-dark su-image-carousel-align-center\" style=\"\" data-flickity-options='{\"groupCells\":true,\"cellSelector\":\".su-image-carousel-item\",\"adaptiveHeight\":false,\"cellAlign\":\"left\",\"prevNextButtons\":true,\"pageDots\":true,\"autoPlay\":5000,\"imagesLoaded\":true,\"contain\":true,\"selectedAttraction\":0.025,\"friction\":0.28}' id=\"su_image_carousel_69ef95eabbabd\"><div class=\"su-image-carousel-item\"><div class=\"su-image-carousel-item-content\"><img loading=\"lazy\" decoding=\"async\" width=\"900\" height=\"600\" src=\"https:\/\/www.oaxaca.gob.mx\/comunicacion\/wp-content\/uploads\/sites\/28\/2026\/04\/WhatsApp-Image-2026-04-23-at-6.13.59-PM.jpeg\" class=\"\" alt=\"\" srcset=\"https:\/\/www.oaxaca.gob.mx\/comunicacion\/wp-content\/uploads\/sites\/28\/2026\/04\/WhatsApp-Image-2026-04-23-at-6.13.59-PM.jpeg 900w, https:\/\/www.oaxaca.gob.mx\/comunicacion\/wp-content\/uploads\/sites\/28\/2026\/04\/WhatsApp-Image-2026-04-23-at-6.13.59-PM-300x200.jpeg 300w, https:\/\/www.oaxaca.gob.mx\/comunicacion\/wp-content\/uploads\/sites\/28\/2026\/04\/WhatsApp-Image-2026-04-23-at-6.13.59-PM-768x512.jpeg 768w\" sizes=\"auto, (max-width: 900px) 100vw, 900px\" \/><\/div><\/div><div class=\"su-image-carousel-item\"><div class=\"su-image-carousel-item-content\"><img loading=\"lazy\" decoding=\"async\" width=\"900\" height=\"600\" src=\"https:\/\/www.oaxaca.gob.mx\/comunicacion\/wp-content\/uploads\/sites\/28\/2026\/04\/WhatsApp-Image-2026-04-23-at-6.13.59-PM-1.jpeg\" class=\"\" alt=\"\" srcset=\"https:\/\/www.oaxaca.gob.mx\/comunicacion\/wp-content\/uploads\/sites\/28\/2026\/04\/WhatsApp-Image-2026-04-23-at-6.13.59-PM-1.jpeg 900w, https:\/\/www.oaxaca.gob.mx\/comunicacion\/wp-content\/uploads\/sites\/28\/2026\/04\/WhatsApp-Image-2026-04-23-at-6.13.59-PM-1-300x200.jpeg 300w, https:\/\/www.oaxaca.gob.mx\/comunicacion\/wp-content\/uploads\/sites\/28\/2026\/04\/WhatsApp-Image-2026-04-23-at-6.13.59-PM-1-768x512.jpeg 768w\" sizes=\"auto, (max-width: 900px) 100vw, 900px\" \/><\/div><\/div><div class=\"su-image-carousel-item\"><div class=\"su-image-carousel-item-content\"><img loading=\"lazy\" decoding=\"async\" width=\"900\" height=\"600\" src=\"https:\/\/www.oaxaca.gob.mx\/comunicacion\/wp-content\/uploads\/sites\/28\/2026\/04\/WhatsApp-Image-2026-04-23-at-6.14.00-PM-1.jpeg\" class=\"\" alt=\"\" srcset=\"https:\/\/www.oaxaca.gob.mx\/comunicacion\/wp-content\/uploads\/sites\/28\/2026\/04\/WhatsApp-Image-2026-04-23-at-6.14.00-PM-1.jpeg 900w, https:\/\/www.oaxaca.gob.mx\/comunicacion\/wp-content\/uploads\/sites\/28\/2026\/04\/WhatsApp-Image-2026-04-23-at-6.14.00-PM-1-300x200.jpeg 300w, https:\/\/www.oaxaca.gob.mx\/comunicacion\/wp-content\/uploads\/sites\/28\/2026\/04\/WhatsApp-Image-2026-04-23-at-6.14.00-PM-1-768x512.jpeg 768w\" sizes=\"auto, (max-width: 900px) 100vw, 900px\" \/><\/div><\/div><div class=\"su-image-carousel-item\"><div class=\"su-image-carousel-item-content\"><img loading=\"lazy\" decoding=\"async\" width=\"900\" height=\"600\" src=\"https:\/\/www.oaxaca.gob.mx\/comunicacion\/wp-content\/uploads\/sites\/28\/2026\/04\/WhatsApp-Image-2026-04-23-at-6.14.00-PM.jpeg\" class=\"\" alt=\"\" srcset=\"https:\/\/www.oaxaca.gob.mx\/comunicacion\/wp-content\/uploads\/sites\/28\/2026\/04\/WhatsApp-Image-2026-04-23-at-6.14.00-PM.jpeg 900w, https:\/\/www.oaxaca.gob.mx\/comunicacion\/wp-content\/uploads\/sites\/28\/2026\/04\/WhatsApp-Image-2026-04-23-at-6.14.00-PM-300x200.jpeg 300w, https:\/\/www.oaxaca.gob.mx\/comunicacion\/wp-content\/uploads\/sites\/28\/2026\/04\/WhatsApp-Image-2026-04-23-at-6.14.00-PM-768x512.jpeg 768w\" sizes=\"auto, (max-width: 900px) 100vw, 900px\" \/><\/div><\/div><div class=\"su-image-carousel-item\"><div class=\"su-image-carousel-item-content\"><img loading=\"lazy\" decoding=\"async\" width=\"900\" height=\"600\" src=\"https:\/\/www.oaxaca.gob.mx\/comunicacion\/wp-content\/uploads\/sites\/28\/2026\/04\/WhatsApp-Image-2026-04-23-at-6.13.59-PM-2.jpeg\" class=\"\" alt=\"\" srcset=\"https:\/\/www.oaxaca.gob.mx\/comunicacion\/wp-content\/uploads\/sites\/28\/2026\/04\/WhatsApp-Image-2026-04-23-at-6.13.59-PM-2.jpeg 900w, https:\/\/www.oaxaca.gob.mx\/comunicacion\/wp-content\/uploads\/sites\/28\/2026\/04\/WhatsApp-Image-2026-04-23-at-6.13.59-PM-2-300x200.jpeg 300w, https:\/\/www.oaxaca.gob.mx\/comunicacion\/wp-content\/uploads\/sites\/28\/2026\/04\/WhatsApp-Image-2026-04-23-at-6.13.59-PM-2-768x512.jpeg 768w\" sizes=\"auto, (max-width: 900px) 100vw, 900px\" \/><\/div><\/div><\/div><script id=\"su_image_carousel_69ef95eabbabd_script\">if(window.SUImageCarousel){setTimeout(function() {window.SUImageCarousel.initGallery(document.getElementById(\"su_image_carousel_69ef95eabbabd\"))}, 0);}var su_image_carousel_69ef95eabbabd_script=document.getElementById(\"su_image_carousel_69ef95eabbabd_script\");if(su_image_carousel_69ef95eabbabd_script){su_image_carousel_69ef95eabbabd_script.parentNode.removeChild(su_image_carousel_69ef95eabbabd_script);}<\/script>\n","protected":false},"excerpt":{"rendered":"<p>Oaxaca de Ju\u00e1rez, Oax. 23 de abril de 2026.- Con una agenda de citas de negocios, reuniones con aliados comerciales, activaciones gastron\u00f3micas y culturales, Oaxaca llegar\u00e1 a la edici\u00f3n 50 del Tianguis Tur\u00edstico de M\u00e9xico 2026, que se llevar\u00e1 a cabo en Acapulco, Guerrero, del 27 al 30 de abril; inform\u00f3 la Secretar\u00eda de Turismo [&hellip;]<\/p>\n","protected":false},"author":29,"featured_media":175943,"comment_status":"open","ping_status":"open","sticky":false,"template":"","format":"standard","meta":{"episode_type":"","audio_file":"","podmotor_file_id":"","podmotor_episode_id":"","cover_image":"","cover_image_id":"","duration":"","filesize":"","filesize_raw":"","date_recorded":"","explicit":"","block":"","itunes_episode_number":"","itunes_title":"","itunes_season_number":"","itunes_episode_type":"","footnotes":""},"categories":[8],"tags":[370],"class_list":["post-175938","post","type-post","status-publish","format-standard","has-post-thumbnail","hentry","category-noticias","tag-sectur"],"acf":[],"publishpress_future_action":{"enabled":false,"date":"2026-05-04 10:59:22","action":"change-status","newStatus":"draft","terms":[],"taxonomy":"category","extraData":[]},"publishpress_future_workflow_manual_trigger":{"enabledWorkflows":[]},"_links":{"self":[{"href":"https:\/\/www.oaxaca.gob.mx\/comunicacion\/wp-json\/wp\/v2\/posts\/175938","targetHints":{"allow":["GET"]}}],"collection":[{"href":"https:\/\/www.oaxaca.gob.mx\/comunicacion\/wp-json\/wp\/v2\/posts"}],"about":[{"href":"https:\/\/www.oaxaca.gob.mx\/comunicacion\/wp-json\/wp\/v2\/types\/post"}],"author":[{"embeddable":true,"href":"https:\/\/www.oaxaca.gob.mx\/comunicacion\/wp-json\/wp\/v2\/users\/29"}],"replies":[{"embeddable":true,"href":"https:\/\/www.oaxaca.gob.mx\/comunicacion\/wp-json\/wp\/v2\/comments?post=175938"}],"version-history":[{"count":1,"href":"https:\/\/www.oaxaca.gob.mx\/comunicacion\/wp-json\/wp\/v2\/posts\/175938\/revisions"}],"predecessor-version":[{"id":175944,"href":"https:\/\/www.oaxaca.gob.mx\/comunicacion\/wp-json\/wp\/v2\/posts\/175938\/revisions\/175944"}],"wp:featuredmedia":[{"embeddable":true,"href":"https:\/\/www.oaxaca.gob.mx\/comunicacion\/wp-json\/wp\/v2\/media\/175943"}],"wp:attachment":[{"href":"https:\/\/www.oaxaca.gob.mx\/comunicacion\/wp-json\/wp\/v2\/media?parent=175938"}],"wp:term":[{"taxonomy":"category","embeddable":true,"href":"https:\/\/www.oaxaca.gob.mx\/comunicacion\/wp-json\/wp\/v2\/categories?post=175938"},{"taxonomy":"post_tag","embeddable":true,"href":"https:\/\/www.oaxaca.gob.mx\/comunicacion\/wp-json\/wp\/v2\/tags?post=175938"}],"curies":[{"name":"wp","href":"https:\/\/api.w.org\/{rel}","templated":true}]}}