{"id":175916,"date":"2026-04-23T09:54:40","date_gmt":"2026-04-23T15:54:40","guid":{"rendered":"https:\/\/www.oaxaca.gob.mx\/comunicacion\/?p=175916"},"modified":"2026-04-23T09:54:40","modified_gmt":"2026-04-23T15:54:40","slug":"llama-gabinete-de-seguridad-y-fiscalia-general-del-estado-a-mantener-la-calma-ante-falsas-amenazas-en-escuelas-se-exhorta-a-la-prevencion-desde-el-hogar","status":"publish","type":"post","link":"https:\/\/www.oaxaca.gob.mx\/comunicacion\/llama-gabinete-de-seguridad-y-fiscalia-general-del-estado-a-mantener-la-calma-ante-falsas-amenazas-en-escuelas-se-exhorta-a-la-prevencion-desde-el-hogar\/","title":{"rendered":"LLAMA GABINETE DE SEGURIDAD Y FISCAL\u00cdA GENERAL DEL ESTADO A MANTENER LA CALMA ANTE FALSAS AMENAZAS EN ESCUELAS: SE EXHORTA A LA PREVENCI\u00d3N DESDE EL HOGAR"},"content":{"rendered":"<p><strong>Oaxaca de Ju\u00e1rez Oax., a 23 de abril de 2026.<\/strong> El Gabinete de Seguridad y la Fiscal\u00eda General del Estado de Oaxaca informan a la ciudadan\u00eda sobre la reciente aparici\u00f3n de mensajes en los sanitarios de diversas escuelas secundarias y preparatorias de la capital, en los cuales se advierte sobre supuestos actos de violencia al interior de los planteles.<\/p>\n<p>Queremos ser enf\u00e1ticos con la poblaci\u00f3n: no hay motivo para el p\u00e1nico. Las corporaciones policiales han atendido de manera inmediata y puntual cada uno de los reportes emitidos por las instituciones educativas. Tras las inspecciones correspondientes, se ha confirmado que se trata de falsas alarmas.<\/p>\n<p>Este tipo de conductas responden a un fen\u00f3meno de imitaci\u00f3n que se est\u00e1 registrando a nivel nacional, derivado de los lamentables hechos ocurridos recientemente en Teotihuac\u00e1n, donde un ciudadano canadiense perdi\u00f3 la vida.<\/p>\n<p>Otros estados de la Rep\u00fablica est\u00e1n enfrentando la misma ola de mensajes falsos que solo buscan generar miedo.<br \/>\nPara detener esta desinformaci\u00f3n y evitar situaciones de riesgo, la colaboraci\u00f3n desde casa es fundamental. Por ello, el Gabinete de Seguridad hace un llamado urgente a las madres, padres de familia y tutores a seguir estas recomendaciones preventivas:<\/p>\n<p>Fomentar el di\u00e1logo: Hablen con sus hijas e hijos sobre la gravedad de realizar este tipo de \u00abbromas\u00bb o amenazas, as\u00ed como las severas consecuencias legales y escolares que conllevan.<\/p>\n<p>Revisi\u00f3n de mochilas desde casa: Verifiquen diariamente qu\u00e9 art\u00edculos llevan sus hijos a la escuela antes de salir del hogar.<\/p>\n<p>Frenar los rumores: Eviten compartir fotograf\u00edas de estos mensajes en redes sociales o grupos de WhatsApp. Si detectan alguna amenaza, rep\u00f3rtenla de inmediato a las autoridades escolares y al n\u00famero de emergencias 9-1-1 del C5i.<\/p>\n<p>El Gobierno del Estado y el Gabinete de Seguridad mantienen una coordinaci\u00f3n estrecha con las autoridades educativas y continuar\u00e1n con los protocolos de vigilancia para garantizar la tranquilidad y la seguridad de las y los estudiantes oaxaque\u00f1os.<\/p>\n<p style=\"text-align: center\"><strong>-0-<\/strong><\/p>\n<div class=\"su-image-carousel  su-image-carousel-has-spacing su-image-carousel-crop su-image-carousel-crop-16-10 su-image-carousel-has-outline su-image-carousel-adaptive su-image-carousel-slides-style-minimal su-image-carousel-controls-style-dark su-image-carousel-align-center\" style=\"\" data-flickity-options='{\"groupCells\":true,\"cellSelector\":\".su-image-carousel-item\",\"adaptiveHeight\":false,\"cellAlign\":\"left\",\"prevNextButtons\":true,\"pageDots\":true,\"autoPlay\":5000,\"imagesLoaded\":true,\"contain\":true,\"selectedAttraction\":0.025,\"friction\":0.28}' id=\"su_image_carousel_69ee4fe29eaf5\"><div class=\"su-image-carousel-item\"><div class=\"su-image-carousel-item-content\"><img loading=\"lazy\" decoding=\"async\" width=\"768\" height=\"1024\" src=\"https:\/\/www.oaxaca.gob.mx\/comunicacion\/wp-content\/uploads\/sites\/28\/2026\/04\/8529b42f-043b-4179-9fb4-92aefc5f0297-768x1024.jpeg\" class=\"\" alt=\"\" srcset=\"https:\/\/www.oaxaca.gob.mx\/comunicacion\/wp-content\/uploads\/sites\/28\/2026\/04\/8529b42f-043b-4179-9fb4-92aefc5f0297-768x1024.jpeg 768w, https:\/\/www.oaxaca.gob.mx\/comunicacion\/wp-content\/uploads\/sites\/28\/2026\/04\/8529b42f-043b-4179-9fb4-92aefc5f0297-225x300.jpeg 225w, https:\/\/www.oaxaca.gob.mx\/comunicacion\/wp-content\/uploads\/sites\/28\/2026\/04\/8529b42f-043b-4179-9fb4-92aefc5f0297.jpeg 867w\" sizes=\"auto, (max-width: 768px) 100vw, 768px\" \/><\/div><\/div><div class=\"su-image-carousel-item\"><div class=\"su-image-carousel-item-content\"><img loading=\"lazy\" decoding=\"async\" width=\"1024\" height=\"576\" src=\"https:\/\/www.oaxaca.gob.mx\/comunicacion\/wp-content\/uploads\/sites\/28\/2026\/04\/ab227ead-d881-4da7-9e22-834ae19a127d-1024x576.jpeg\" class=\"\" alt=\"\" srcset=\"https:\/\/www.oaxaca.gob.mx\/comunicacion\/wp-content\/uploads\/sites\/28\/2026\/04\/ab227ead-d881-4da7-9e22-834ae19a127d-1024x576.jpeg 1024w, https:\/\/www.oaxaca.gob.mx\/comunicacion\/wp-content\/uploads\/sites\/28\/2026\/04\/ab227ead-d881-4da7-9e22-834ae19a127d-300x169.jpeg 300w, https:\/\/www.oaxaca.gob.mx\/comunicacion\/wp-content\/uploads\/sites\/28\/2026\/04\/ab227ead-d881-4da7-9e22-834ae19a127d-768x432.jpeg 768w, https:\/\/www.oaxaca.gob.mx\/comunicacion\/wp-content\/uploads\/sites\/28\/2026\/04\/ab227ead-d881-4da7-9e22-834ae19a127d.jpeg 1280w\" sizes=\"auto, (max-width: 1024px) 100vw, 1024px\" \/><\/div><\/div><\/div><script id=\"su_image_carousel_69ee4fe29eaf5_script\">if(window.SUImageCarousel){setTimeout(function() {window.SUImageCarousel.initGallery(document.getElementById(\"su_image_carousel_69ee4fe29eaf5\"))}, 0);}var su_image_carousel_69ee4fe29eaf5_script=document.getElementById(\"su_image_carousel_69ee4fe29eaf5_script\");if(su_image_carousel_69ee4fe29eaf5_script){su_image_carousel_69ee4fe29eaf5_script.parentNode.removeChild(su_image_carousel_69ee4fe29eaf5_script);}<\/script>\n","protected":false},"excerpt":{"rendered":"<p>Oaxaca de Ju\u00e1rez Oax., a 23 de abril de 2026. El Gabinete de Seguridad y la Fiscal\u00eda General del Estado de Oaxaca informan a la ciudadan\u00eda sobre la reciente aparici\u00f3n de mensajes en los sanitarios de diversas escuelas secundarias y preparatorias de la capital, en los cuales se advierte sobre supuestos actos de violencia al [&hellip;]<\/p>\n","protected":false},"author":29,"featured_media":175917,"comment_status":"open","ping_status":"open","sticky":false,"template":"","format":"standard","meta":{"episode_type":"","audio_file":"","podmotor_file_id":"","podmotor_episode_id":"","cover_image":"","cover_image_id":"","duration":"","filesize":"","filesize_raw":"","date_recorded":"","explicit":"","block":"","itunes_episode_number":"","itunes_title":"","itunes_season_number":"","itunes_episode_type":"","footnotes":""},"categories":[8],"tags":[1121],"class_list":["post-175916","post","type-post","status-publish","format-standard","has-post-thumbnail","hentry","category-noticias","tag-gabinete-de-seguridad"],"acf":[],"publishpress_future_action":{"enabled":false,"date":"2026-05-03 11:48:18","action":"change-status","newStatus":"draft","terms":[],"taxonomy":"category","extraData":[]},"publishpress_future_workflow_manual_trigger":{"enabledWorkflows":[]},"_links":{"self":[{"href":"https:\/\/www.oaxaca.gob.mx\/comunicacion\/wp-json\/wp\/v2\/posts\/175916","targetHints":{"allow":["GET"]}}],"collection":[{"href":"https:\/\/www.oaxaca.gob.mx\/comunicacion\/wp-json\/wp\/v2\/posts"}],"about":[{"href":"https:\/\/www.oaxaca.gob.mx\/comunicacion\/wp-json\/wp\/v2\/types\/post"}],"author":[{"embeddable":true,"href":"https:\/\/www.oaxaca.gob.mx\/comunicacion\/wp-json\/wp\/v2\/users\/29"}],"replies":[{"embeddable":true,"href":"https:\/\/www.oaxaca.gob.mx\/comunicacion\/wp-json\/wp\/v2\/comments?post=175916"}],"version-history":[{"count":1,"href":"https:\/\/www.oaxaca.gob.mx\/comunicacion\/wp-json\/wp\/v2\/posts\/175916\/revisions"}],"predecessor-version":[{"id":175919,"href":"https:\/\/www.oaxaca.gob.mx\/comunicacion\/wp-json\/wp\/v2\/posts\/175916\/revisions\/175919"}],"wp:featuredmedia":[{"embeddable":true,"href":"https:\/\/www.oaxaca.gob.mx\/comunicacion\/wp-json\/wp\/v2\/media\/175917"}],"wp:attachment":[{"href":"https:\/\/www.oaxaca.gob.mx\/comunicacion\/wp-json\/wp\/v2\/media?parent=175916"}],"wp:term":[{"taxonomy":"category","embeddable":true,"href":"https:\/\/www.oaxaca.gob.mx\/comunicacion\/wp-json\/wp\/v2\/categories?post=175916"},{"taxonomy":"post_tag","embeddable":true,"href":"https:\/\/www.oaxaca.gob.mx\/comunicacion\/wp-json\/wp\/v2\/tags?post=175916"}],"curies":[{"name":"wp","href":"https:\/\/api.w.org\/{rel}","templated":true}]}}